{"id":36791,"date":"2024-05-07T08:19:00","date_gmt":"2024-05-07T11:19:00","guid":{"rendered":"https:\/\/justicapotiguar.com.br\/?p=36791"},"modified":"2024-05-06T22:21:17","modified_gmt":"2024-05-07T01:21:17","slug":"moraes-autoriza-ex-diretor-da-prf-a-refazer-prova-da-oab-com-escolta","status":"publish","type":"post","link":"https:\/\/justicapotiguar.com.br\/index.php\/2024\/05\/07\/moraes-autoriza-ex-diretor-da-prf-a-refazer-prova-da-oab-com-escolta\/","title":{"rendered":"Moraes autoriza ex-diretor da PRF a refazer prova da OAB com escolta"},"content":{"rendered":"\n<p>O Ministro do Supremo Tribunal Federal (STF), Alexandre de Moraes, autorizou o ex-diretor-geral da Pol\u00edcia Rodovi\u00e1ria Federal (PRF), Silvinei Vasques, a fazer a \u201crepescagem\u201d da segunda fase do exame da Ordem dos Advogados do Brasil (OAB) com escolta policial.<\/p>\n\n\n\n<figure class=\"wp-block-image size-large\"><img loading=\"lazy\" width=\"540\" height=\"304\" src=\"https:\/\/justicapotiguar.com.br\/wp-content\/uploads\/2022\/10\/silvinei-vasques.jpeg\" alt=\"\" class=\"wp-image-28874\" srcset=\"https:\/\/justicapotiguar.com.br\/wp-content\/uploads\/2022\/10\/silvinei-vasques.jpeg 540w, https:\/\/justicapotiguar.com.br\/wp-content\/uploads\/2022\/10\/silvinei-vasques-300x169.jpeg 300w\" sizes=\"(max-width: 540px) 100vw, 540px\" \/><figcaption>Reprodu\u00e7\u00e3o <\/figcaption><\/figure>\n\n\n\n<p>Vasques, que est\u00e1&nbsp;<a href=\"https:\/\/diariodopoder.com.br\/brasil-e-regioes\/csa-brasil\/ex-diretor-da-prf-e-preso-acusado-de-interferir-no-2o-turno-de-2022\" rel=\"noreferrer noopener\" target=\"_blank\">preso desde agosto de 2023<\/a>, foi reprovado na primeira tentativa da prova de Direito Penal em fevereiro.<\/p>\n\n\n\n<p>Vasques, que est\u00e1\u00a0<a rel=\"noreferrer noopener\" href=\"https:\/\/diariodopoder.com.br\/brasil-e-regioes\/csa-brasil\/ex-diretor-da-prf-e-preso-acusado-de-interferir-no-2o-turno-de-2022\" target=\"_blank\">preso desde agosto de 2023<\/a>, foi reprovado na primeira tentativa da prova de Direito Penal em fevereiro.<\/p><div class=\"oqezp69f5506bd2b11\" ><!--<a href=\"https:\/\/bit.ly\/3QdrqTZ\" target=\"_blank\">\n<img src=\"https:\/\/justicapotiguar.com.br\/wp-content\/uploads\/2023\/09\/mobile-geral.gif\"\/><a\/>--><\/div><style type=\"text\/css\">\r\n.oqezp69f5506bd2b11 {\r\ntext-align: center;\r\n}\r\n@media screen and (min-width: 1201px) {\r\n.oqezp69f5506bd2b11 {\r\ndisplay: none;\r\n}\r\n}\r\n@media screen and (min-width: 993px) and (max-width: 1200px) {\r\n.oqezp69f5506bd2b11 {\r\ndisplay: none;\r\n}\r\n}\r\n@media screen and (min-width: 769px) and (max-width: 992px) {\r\n.oqezp69f5506bd2b11 {\r\ndisplay: none;\r\n}\r\n}\r\n@media screen and (min-width: 768px) and (max-width: 768px) {\r\n.oqezp69f5506bd2b11 {\r\ndisplay: block;\r\n}\r\n}\r\n@media screen and (max-width: 767px) {\r\n.oqezp69f5506bd2b11 {\r\ndisplay: block;\r\n}\r\n}\r\n<\/style>\r\n<div class=\"zarwg69f5506bd2afd\" ><!--<a href=\"https:\/\/bit.ly\/3QdrqTZ\" target=\"_blank\">\n<img src=\"https:\/\/justicapotiguar.com.br\/wp-content\/uploads\/2023\/09\/desktop-geral.gif\"\/><a\/>--><\/div><style type=\"text\/css\">\r\n.zarwg69f5506bd2afd {\r\ntext-align: center;\nmargin-bottom: 1em;\r\n}\r\n@media screen and (min-width: 1201px) {\r\n.zarwg69f5506bd2afd {\r\ndisplay: block;\r\n}\r\n}\r\n@media screen and (min-width: 993px) and (max-width: 1200px) {\r\n.zarwg69f5506bd2afd {\r\ndisplay: block;\r\n}\r\n}\r\n@media screen and (min-width: 769px) and (max-width: 992px) {\r\n.zarwg69f5506bd2afd {\r\ndisplay: block;\r\n}\r\n}\r\n@media screen and (min-width: 768px) and (max-width: 768px) {\r\n.zarwg69f5506bd2afd {\r\ndisplay: none;\r\n}\r\n}\r\n@media screen and (max-width: 767px) {\r\n.zarwg69f5506bd2afd {\r\ndisplay: none;\r\n}\r\n}\r\n<\/style>\r\n\n\n\n\n<p>A autoriza\u00e7\u00e3o para a realiza\u00e7\u00e3o da prova em uma sala isolada no dia 20 de maio foi comunicada ao secret\u00e1rio de Administra\u00e7\u00e3o Penitenci\u00e1ria, Wenderson Souza e Teles, que informou a ju\u00edza Leila Cury da Vara de Execu\u00e7\u00f5es Penais do Distrito Federal sobre a decis\u00e3o e a organiza\u00e7\u00e3o da escolta pela Diretoria Penitenci\u00e1ria de Opera\u00e7\u00f5es Especiais (DPOE).<\/p>\n\n\n\n<p>Vasques solicitou \u00e0 ju\u00edza Cury para fazer a prova presencialmente, acompanhado de fiscais e agentes penitenci\u00e1rios, destacando que foi aprovado na primeira fase do 39\u00ba exame.<\/p>\n\n\n\n<p>Em dezembro, Cury permitiu que Vasques recebesse livros para estudar na Papuda, mas vetou o acesso a canetas e marcadores pontiagudos.<\/p>\n","protected":false},"excerpt":{"rendered":"<p>O Ministro do Supremo Tribunal Federal (STF), Alexandre de Moraes, autorizou o ex-diretor-geral da Pol\u00edcia Rodovi\u00e1ria Federal (PRF), Silvinei Vasques, a fazer a \u201crepescagem\u201d da segunda fase do exame da Ordem dos Advogados do Brasil (OAB) com escolta policial. Vasques, que est\u00e1&nbsp;preso desde agosto de 2023, foi reprovado na primeira tentativa da prova de Direito<br \/><a class=\"more-link\" href=\"https:\/\/justicapotiguar.com.br\/index.php\/2024\/05\/07\/moraes-autoriza-ex-diretor-da-prf-a-refazer-prova-da-oab-com-escolta\/\">Mais&#8230;<\/a><\/p>\n","protected":false},"author":5,"featured_media":0,"comment_status":"open","ping_status":"open","sticky":false,"template":"","format":"standard","meta":[],"categories":[1],"tags":[],"_links":{"self":[{"href":"https:\/\/justicapotiguar.com.br\/index.php\/wp-json\/wp\/v2\/posts\/36791"}],"collection":[{"href":"https:\/\/justicapotiguar.com.br\/index.php\/wp-json\/wp\/v2\/posts"}],"about":[{"href":"https:\/\/justicapotiguar.com.br\/index.php\/wp-json\/wp\/v2\/types\/post"}],"author":[{"embeddable":true,"href":"https:\/\/justicapotiguar.com.br\/index.php\/wp-json\/wp\/v2\/users\/5"}],"replies":[{"embeddable":true,"href":"https:\/\/justicapotiguar.com.br\/index.php\/wp-json\/wp\/v2\/comments?post=36791"}],"version-history":[{"count":1,"href":"https:\/\/justicapotiguar.com.br\/index.php\/wp-json\/wp\/v2\/posts\/36791\/revisions"}],"predecessor-version":[{"id":36792,"href":"https:\/\/justicapotiguar.com.br\/index.php\/wp-json\/wp\/v2\/posts\/36791\/revisions\/36792"}],"wp:attachment":[{"href":"https:\/\/justicapotiguar.com.br\/index.php\/wp-json\/wp\/v2\/media?parent=36791"}],"wp:term":[{"taxonomy":"category","embeddable":true,"href":"https:\/\/justicapotiguar.com.br\/index.php\/wp-json\/wp\/v2\/categories?post=36791"},{"taxonomy":"post_tag","embeddable":true,"href":"https:\/\/justicapotiguar.com.br\/index.php\/wp-json\/wp\/v2\/tags?post=36791"}],"curies":[{"name":"wp","href":"https:\/\/api.w.org\/{rel}","templated":true}]}}