{"id":36789,"date":"2024-05-06T16:21:06","date_gmt":"2024-05-06T19:21:06","guid":{"rendered":"https:\/\/justicapotiguar.com.br\/?p=36789"},"modified":"2024-05-06T16:21:06","modified_gmt":"2024-05-06T19:21:06","slug":"tjrn-promove-mutirao-para-priorizacao-de-julgamentos-relacionados-a-tematica-de-assedio-e-discriminacao","status":"publish","type":"post","link":"https:\/\/justicapotiguar.com.br\/index.php\/2024\/05\/06\/tjrn-promove-mutirao-para-priorizacao-de-julgamentos-relacionados-a-tematica-de-assedio-e-discriminacao\/","title":{"rendered":"TJRN promove mutir\u00e3o para prioriza\u00e7\u00e3o de julgamentos relacionados \u00e0 tem\u00e1tica de ass\u00e9dio e discrimina\u00e7\u00e3o"},"content":{"rendered":"\n<p>Come\u00e7a hoje (6) e vai at\u00e9 o dia 10 de maio, em todo o Brasil, a Semana de Combate ao Ass\u00e9dio e \u00e0 Discrimina\u00e7\u00e3o. Nesse per\u00edodo, tribunais de todos os segmentos da Justi\u00e7a brasileira promovem a\u00e7\u00f5es de sensibiliza\u00e7\u00e3o voltadas para o combate ao ass\u00e9dio moral e sexual.<\/p>\n\n\n\n<p> As mulheres s\u00e3o as principais v\u00edtimas desse tipo de crime (80%), segundo dados do Minist\u00e9rio do Trabalho e Emprego \u2013 com a\u00e7\u00f5es criativas, sens\u00edveis e proativas. O Tribunal de Justi\u00e7a do Rio Grande do Norte participa deste esfor\u00e7o nacional e realiza, durante todo este m\u00eas, o Mutir\u00e3o de Movimenta\u00e7\u00e3o Processual contendo assuntos relacionados \u00e0 tem\u00e1tica.A expectativa das Comiss\u00f5es de\u00a0Preven\u00e7\u00e3o\u00a0e Enfrentamento do Ass\u00e9dio Moral, do Ass\u00e9dio Sexual e da Discrimina\u00e7\u00e3o de 1\u00ba e 2\u00ba Graus do TJRN \u00e9 que sejam examinados um total de 172 processos que tratem do ass\u00e9dio e da discrimina\u00e7\u00e3o, especialmente contendo os assuntos relacionados \u00e0 tem\u00e1tica racial, de cor, etnia e\/ou origem, em dezenas de comarcas de todas as regi\u00f5es do Estado.<\/p><div class=\"bqqoj69f563a8a4099\" ><!--<a href=\"https:\/\/bit.ly\/3QdrqTZ\" target=\"_blank\">\n<img src=\"https:\/\/justicapotiguar.com.br\/wp-content\/uploads\/2023\/09\/mobile-geral.gif\"\/><a\/>--><\/div><style type=\"text\/css\">\r\n.bqqoj69f563a8a4099 {\r\ntext-align: center;\r\n}\r\n@media screen and (min-width: 1201px) {\r\n.bqqoj69f563a8a4099 {\r\ndisplay: none;\r\n}\r\n}\r\n@media screen and (min-width: 993px) and (max-width: 1200px) {\r\n.bqqoj69f563a8a4099 {\r\ndisplay: none;\r\n}\r\n}\r\n@media screen and (min-width: 769px) and (max-width: 992px) {\r\n.bqqoj69f563a8a4099 {\r\ndisplay: none;\r\n}\r\n}\r\n@media screen and (min-width: 768px) and (max-width: 768px) {\r\n.bqqoj69f563a8a4099 {\r\ndisplay: block;\r\n}\r\n}\r\n@media screen and (max-width: 767px) {\r\n.bqqoj69f563a8a4099 {\r\ndisplay: block;\r\n}\r\n}\r\n<\/style>\r\n<div class=\"qgsly69f563a8a407a\" ><!--<a href=\"https:\/\/bit.ly\/3QdrqTZ\" target=\"_blank\">\n<img src=\"https:\/\/justicapotiguar.com.br\/wp-content\/uploads\/2023\/09\/desktop-geral.gif\"\/><a\/>--><\/div><style type=\"text\/css\">\r\n.qgsly69f563a8a407a {\r\ntext-align: center;\nmargin-bottom: 1em;\r\n}\r\n@media screen and (min-width: 1201px) {\r\n.qgsly69f563a8a407a {\r\ndisplay: block;\r\n}\r\n}\r\n@media screen and (min-width: 993px) and (max-width: 1200px) {\r\n.qgsly69f563a8a407a {\r\ndisplay: block;\r\n}\r\n}\r\n@media screen and (min-width: 769px) and (max-width: 992px) {\r\n.qgsly69f563a8a407a {\r\ndisplay: block;\r\n}\r\n}\r\n@media screen and (min-width: 768px) and (max-width: 768px) {\r\n.qgsly69f563a8a407a {\r\ndisplay: none;\r\n}\r\n}\r\n@media screen and (max-width: 767px) {\r\n.qgsly69f563a8a407a {\r\ndisplay: none;\r\n}\r\n}\r\n<\/style>\r\n\n\n\n\n<figure class=\"wp-block-image size-large\"><img loading=\"lazy\" width=\"626\" height=\"417\" src=\"https:\/\/justicapotiguar.com.br\/wp-content\/uploads\/2020\/02\/balanca-da-justica-e-martelo-na-mesa-de-madeira-e-acordo-na-sala-de-audiencias_28283-789.jpg\" alt=\"\" class=\"wp-image-6004\" srcset=\"https:\/\/justicapotiguar.com.br\/wp-content\/uploads\/2020\/02\/balanca-da-justica-e-martelo-na-mesa-de-madeira-e-acordo-na-sala-de-audiencias_28283-789.jpg 626w, https:\/\/justicapotiguar.com.br\/wp-content\/uploads\/2020\/02\/balanca-da-justica-e-martelo-na-mesa-de-madeira-e-acordo-na-sala-de-audiencias_28283-789-300x200.jpg 300w\" sizes=\"(max-width: 626px) 100vw, 626px\" \/><\/figure>\n\n\n\n<p>&#8220;O Mutir\u00e3o de Movimenta\u00e7\u00e3o Processual, na referida tem\u00e1tica, reafirma o compromisso do Poder Judici\u00e1rio Estadual com as iniciativas de preven\u00e7\u00e3o e combate das diferentes situa\u00e7\u00f5es de ass\u00e9dio e discrimina\u00e7\u00e3o, bem como favorece o reconhecimento do trabalho do TJRN perante a sociedade, atendendo, tamb\u00e9m, \u00e0s diretrizes e pol\u00edticas institucionais implementadas pelo Conselho Nacional de Justi\u00e7a (CNJ)\u201d, destaca a desembargadora Lourdes Azev\u00eado, presidente da Comiss\u00e3o de\u00a0Preven\u00e7\u00e3o\u00a0e Enfrentamento do Ass\u00e9dio Moral, do Ass\u00e9dio Sexual e da Discrimina\u00e7\u00e3o do 2\u00ba Grau do TJRN.<\/p>\n","protected":false},"excerpt":{"rendered":"<p>Come\u00e7a hoje (6) e vai at\u00e9 o dia 10 de maio, em todo o Brasil, a Semana de Combate ao Ass\u00e9dio e \u00e0 Discrimina\u00e7\u00e3o. Nesse per\u00edodo, tribunais de todos os segmentos da Justi\u00e7a brasileira promovem a\u00e7\u00f5es de sensibiliza\u00e7\u00e3o voltadas para o combate ao ass\u00e9dio moral e sexual. As mulheres s\u00e3o as principais v\u00edtimas desse tipo<br \/><a class=\"more-link\" href=\"https:\/\/justicapotiguar.com.br\/index.php\/2024\/05\/06\/tjrn-promove-mutirao-para-priorizacao-de-julgamentos-relacionados-a-tematica-de-assedio-e-discriminacao\/\">Mais&#8230;<\/a><\/p>\n","protected":false},"author":5,"featured_media":0,"comment_status":"open","ping_status":"open","sticky":false,"template":"","format":"standard","meta":[],"categories":[1],"tags":[],"_links":{"self":[{"href":"https:\/\/justicapotiguar.com.br\/index.php\/wp-json\/wp\/v2\/posts\/36789"}],"collection":[{"href":"https:\/\/justicapotiguar.com.br\/index.php\/wp-json\/wp\/v2\/posts"}],"about":[{"href":"https:\/\/justicapotiguar.com.br\/index.php\/wp-json\/wp\/v2\/types\/post"}],"author":[{"embeddable":true,"href":"https:\/\/justicapotiguar.com.br\/index.php\/wp-json\/wp\/v2\/users\/5"}],"replies":[{"embeddable":true,"href":"https:\/\/justicapotiguar.com.br\/index.php\/wp-json\/wp\/v2\/comments?post=36789"}],"version-history":[{"count":1,"href":"https:\/\/justicapotiguar.com.br\/index.php\/wp-json\/wp\/v2\/posts\/36789\/revisions"}],"predecessor-version":[{"id":36790,"href":"https:\/\/justicapotiguar.com.br\/index.php\/wp-json\/wp\/v2\/posts\/36789\/revisions\/36790"}],"wp:attachment":[{"href":"https:\/\/justicapotiguar.com.br\/index.php\/wp-json\/wp\/v2\/media?parent=36789"}],"wp:term":[{"taxonomy":"category","embeddable":true,"href":"https:\/\/justicapotiguar.com.br\/index.php\/wp-json\/wp\/v2\/categories?post=36789"},{"taxonomy":"post_tag","embeddable":true,"href":"https:\/\/justicapotiguar.com.br\/index.php\/wp-json\/wp\/v2\/tags?post=36789"}],"curies":[{"name":"wp","href":"https:\/\/api.w.org\/{rel}","templated":true}]}}