{"id":36785,"date":"2024-05-06T10:48:21","date_gmt":"2024-05-06T13:48:21","guid":{"rendered":"https:\/\/justicapotiguar.com.br\/?p=36785"},"modified":"2024-05-06T10:48:21","modified_gmt":"2024-05-06T13:48:21","slug":"informativo-804-do-stj-de-19-de-marco-de-2024","status":"publish","type":"post","link":"https:\/\/justicapotiguar.com.br\/index.php\/2024\/05\/06\/informativo-804-do-stj-de-19-de-marco-de-2024\/","title":{"rendered":"Informativo 804 do STJ, de 19 de mar\u00e7o de 2024"},"content":{"rendered":"\n<p><\/p>\n\n\n\n<figure class=\"wp-block-image size-large is-resized\"><img loading=\"lazy\" src=\"https:\/\/justicapotiguar.com.br\/wp-content\/uploads\/2019\/08\/STJ-3.jpg\" alt=\"\" class=\"wp-image-507\" width=\"458\" height=\"301\"\/><\/figure>\n\n\n\n<p><strong>Rodrigo Leite | @rodrigocrleite<\/strong><\/p>\n\n\n\n<p><strong>Canal P\u00edlulas Jur\u00eddicas | STF e STJ<\/strong><\/p>\n\n\n\n<p><strong>Link de acesso ao Canal: <\/strong><a href=\"https:\/\/whatsapp.com\/channel\/0029VaD2dLy4yltRhxnIPR0c\"><u>https:\/\/whatsapp.com\/channel\/0029VaD2dLy4yltRhxnIPR0c<\/u><\/a><\/p>\n\n\n\n<p><strong>REPETITIVOS<\/strong><\/p>\n\n\n\n<p>&#8211; A contribui\u00e7\u00e3o previdenci\u00e1ria patronal incide sobre os valores pagos ao trabalhador a t\u00edtulo de d\u00e9cimo terceiro sal\u00e1rio proporcional relacionado ao per\u00edodo do aviso pr\u00e9vio indenizado \u2013 <strong>REsp 1.974.197\/AM<\/strong>, julgado em 13\/3\/2024, Tema 1170.<\/p>\n\n\n\n<p>&#8211; A Tarifa de Uso do Sistema de Transmiss\u00e3o (TUST) e\/ou a Tarifa de Uso de Distribui\u00e7\u00e3o (TUSD), quando lan\u00e7ada na fatura de energia el\u00e9trica, como encargo a ser suportado diretamente pelo consumidor final (seja ele livre ou cativo), integra, para os fins do art. 13, \u00a7 1\u00ba, II, &#8216;a&#8217;, da LC 87\/1996, a base de c\u00e1lculo do ICMS \u2013 <strong>REsp 1.699.851\/TO<\/strong>, julgado em 13\/3\/2024, Tema 986.<\/p>\n\n\n\n<p>&#8211; i) o art. 1\u00ba do Decreto-Lei n. 1.861\/1981 (com a reda\u00e7\u00e3o dada pelo DL n. 1.867\/1981) definiu que as contribui\u00e7\u00f5es devidas ao Sesi, ao Senai, ao Sesc e ao Senac incidem at\u00e9 o limite m\u00e1ximo das contribui\u00e7\u00f5es previdenci\u00e1rias; ii) especificando o limite m\u00e1ximo das contribui\u00e7\u00f5es previdenci\u00e1rias, o art. 4\u00ba, par\u00e1grafo \u00fanico, da superveniente Lei n. 6.950\/1981, tamb\u00e9m especificou o teto das contribui\u00e7\u00f5es parafiscais em geral, devidas em favor de terceiros, estabelecendo-o em 20 vezes o maior sal\u00e1rio m\u00ednimo vigente; e iii) o art. 1\u00ba, inciso I, do Decreto-Lei n. 2.318\/1986, expressamente revogou a norma especif\u00edca que estabelecia teto limite para as contribui\u00e7\u00f5es parafiscais devidas ao Sesi, ao Senai, ao Sesc e ao Senac, assim como o seu art. 3\u00ba expressamente revogou o teto limite para as contribui\u00e7\u00f5es previdenci\u00e1rias; iv) portanto, a partir da entrada em vigor do art. 1\u00ba, I, do Decreto-Lei n. 2.318\/1986, as contribui\u00e7\u00f5es destinadas ao Sesi, ao Senai, ao Sesc e ao Senac n\u00e3o est\u00e3o submetidas ao teto de vinte sal\u00e1rios \u2013 <strong>REsp 1.898.532\/CE<\/strong>, julgado em 13\/3\/2024, Tema 1079.<\/p>\n\n\n\n<p><strong>CORTE ESPECIAL<\/strong><\/p>\n\n\n\n<p>&#8211; Se a medida de bloqueio\/penhora judicial, por meio f\u00edsico ou eletr\u00f4nico (Bacenjud), atingir dinheiro mantido em conta corrente ou quaisquer outras aplica\u00e7\u00f5es financeiras, poder\u00e1 eventualmente a garantia da impenhorabilidade ser estendida a tal investimento, respeitado o teto de quarenta sal\u00e1rios m\u00ednimos, desde que comprovado, pela parte processual atingida pelo ato constritivo, que o referido montante constitui reserva de patrim\u00f4nio destinado a assegurar o m\u00ednimo existencial \u2013 <strong>REsp 1.677.144\/RS,<\/strong> julgado em 21\/2\/2024.<\/p>\n\n\n\n<p><strong>SEGUNDA SE\u00c7\u00c3O<\/strong><\/p>\n\n\n\n<p>&#8211; Compete \u00e0 Justi\u00e7a do Trabalho julgar reclama\u00e7\u00e3o trabalhista contra a CEF e FUNCEF, visando a reimplanta\u00e7\u00e3o do aux\u00edlio-alimenta\u00e7\u00e3o pago em pec\u00fania, bem como a complementa\u00e7\u00e3o da aposentadoria, a fim de que reflita a inclus\u00e3o da parcela salarial no benef\u00edcio \u2013 <strong>AgInt no CC 185.622\/RN<\/strong>, julgado em 13\/3\/2024.<\/p>\n\n\n\n<p><strong>TERCEIRA SE\u00c7\u00c3O<\/strong><\/p>\n\n\n\n<p>&#8211; Compete \u00e0 Justi\u00e7a estadual processar e julgar crimes sem conex\u00e3o probat\u00f3ria com os que est\u00e3o em curso na Justi\u00e7a Federal, mesmo que os delitos tenham sido descobertos dentro do mesmo contexto f\u00e1tico \u2013 <strong>AgRg no CC 200.833\/PR<\/strong>, julgado em 15\/3\/2024.<\/p>\n\n\n\n<p><strong>PRIMEIRA TURMA<\/strong><\/p>\n\n\n\n<p>&#8211; \u00c9 cab\u00edvel a\u00e7\u00e3o rescis\u00f3ria contra decis\u00e3o proferida em agravo de instrumento que determina a retifica\u00e7\u00e3o da parte benefici\u00e1ria de precat\u00f3rio judicial, diante do conte\u00fado merit\u00f3rio da decis\u00e3o \u2013 <strong>REsp 1.745.513\/RS<\/strong>, julgado em 12\/3\/2024.<\/p><div class=\"wrwbx69f57843e3c92\" ><!--<a href=\"https:\/\/bit.ly\/3QdrqTZ\" target=\"_blank\">\n<img src=\"https:\/\/justicapotiguar.com.br\/wp-content\/uploads\/2023\/09\/mobile-geral.gif\"\/><a\/>--><\/div><style type=\"text\/css\">\r\n.wrwbx69f57843e3c92 {\r\ntext-align: center;\r\n}\r\n@media screen and (min-width: 1201px) {\r\n.wrwbx69f57843e3c92 {\r\ndisplay: none;\r\n}\r\n}\r\n@media screen and (min-width: 993px) and (max-width: 1200px) {\r\n.wrwbx69f57843e3c92 {\r\ndisplay: none;\r\n}\r\n}\r\n@media screen and (min-width: 769px) and (max-width: 992px) {\r\n.wrwbx69f57843e3c92 {\r\ndisplay: none;\r\n}\r\n}\r\n@media screen and (min-width: 768px) and (max-width: 768px) {\r\n.wrwbx69f57843e3c92 {\r\ndisplay: block;\r\n}\r\n}\r\n@media screen and (max-width: 767px) {\r\n.wrwbx69f57843e3c92 {\r\ndisplay: block;\r\n}\r\n}\r\n<\/style>\r\n<div class=\"doaqi69f57843e3c79\" ><!--<a href=\"https:\/\/bit.ly\/3QdrqTZ\" target=\"_blank\">\n<img src=\"https:\/\/justicapotiguar.com.br\/wp-content\/uploads\/2023\/09\/desktop-geral.gif\"\/><a\/>--><\/div><style type=\"text\/css\">\r\n.doaqi69f57843e3c79 {\r\ntext-align: center;\nmargin-bottom: 1em;\r\n}\r\n@media screen and (min-width: 1201px) {\r\n.doaqi69f57843e3c79 {\r\ndisplay: block;\r\n}\r\n}\r\n@media screen and (min-width: 993px) and (max-width: 1200px) {\r\n.doaqi69f57843e3c79 {\r\ndisplay: block;\r\n}\r\n}\r\n@media screen and (min-width: 769px) and (max-width: 992px) {\r\n.doaqi69f57843e3c79 {\r\ndisplay: block;\r\n}\r\n}\r\n@media screen and (min-width: 768px) and (max-width: 768px) {\r\n.doaqi69f57843e3c79 {\r\ndisplay: none;\r\n}\r\n}\r\n@media screen and (max-width: 767px) {\r\n.doaqi69f57843e3c79 {\r\ndisplay: none;\r\n}\r\n}\r\n<\/style>\r\n\n\n\n\n<p><strong>TERCEIRA TURMA<\/strong><\/p>\n\n\n\n<p>&#8211; O partido pol\u00edtico pode renunciar \u00e0 impenhorabilidade dos recursos do fundo partid\u00e1rio, desde que o fa\u00e7a para viabilizar o pagamento de d\u00edvida contra\u00edda, conforme art. 44 da Lei n. 9.096\/1995 \u2013 <strong>REsp 2.101.596\/RJ<\/strong>, julgado em 12\/3\/2024.<\/p>\n\n\n\n<p>&#8211; Se um dos s\u00f3cios manifestar interesse em adquirir as quotas antes da intima\u00e7\u00e3o da sociedade, cujas cotas foram penhoradas e da apresenta\u00e7\u00e3o do balan\u00e7o especial, incumbe ao juiz intimar exequente e executado para se manifestarem a esse respeito, bem como cientificar a sociedade, a fim de dar ci\u00eancia aos demais s\u00f3cios. N\u00e3o havendo impugna\u00e7\u00e3o quanto ao valor ofertado, ser\u00e1 vi\u00e1vel o exerc\u00edcio imediato do direito de prefer\u00eancia \u2013 <strong>REsp 2.101.226\/SP<\/strong>, julgado em 12\/3\/2024.<\/p>\n\n\n\n<p><strong>QUARTA TURMA<\/strong><\/p>\n\n\n\n<p>&#8211; O recebimento de pens\u00e3o previdenci\u00e1ria n\u00e3o exclui a condena\u00e7\u00e3o do ofensor \u00e0 presta\u00e7\u00e3o de alimentos indenizat\u00f3rios, desde que demonstrado decr\u00e9scimo na situa\u00e7\u00e3o financeira dos dependentes da v\u00edtima \u2013 <strong>REsp 1.392.730\/DF<\/strong>, julgado em 5\/3\/2024.<\/p>\n\n\n\n<p>&#8211; Quando n\u00e3o restar comprovado o abuso de direito de voto por parte do credor que se manifestou contr\u00e1rio ao plano recuperacional, n\u00e3o \u00e9 poss\u00edvel deferir a recupera\u00e7\u00e3o judicial sem a aprova\u00e7\u00e3o do plano pelo qu\u00f3rum previsto no art. 45 da Lei n. 11.101\/2005 e sem o atendimento cumulativo de todos os requisitos do art. 58, \u00a7 1\u00ba, da referida lei, para a aplica\u00e7\u00e3o do <em>cram down \u2013 <\/em><strong>REsp 1.880.358\/SP<\/strong>, julgado em 27\/2\/2024.<\/p>\n\n\n\n<p>&#8211; A decis\u00e3o que decreta a pris\u00e3o civil do devedor de alimentos deve ser fundamentada no tocante \u00e0 dosimetria do prazo de encarceramento (entre 1 m\u00eas e 3 meses), notadamente quando se adotar prazo superior ao m\u00ednimo legal \u2013 <strong>Processo em segredo de justi\u00e7a<\/strong>, julgado em 12\/3\/2024.<\/p>\n\n\n\n<p><strong>QUINTA TURMA<\/strong><\/p>\n\n\n\n<p>&#8211; \u00c9 nula a decis\u00e3o que, genericamente, indefere o pedido de apresenta\u00e7\u00e3o do r\u00e9u em plen\u00e1rio do j\u00fari com roupas civis \u2013 <strong>HC 778.503\/MG<\/strong>, julgado em 12\/3\/2024.<\/p>\n\n\n\n<p>&#8211; N\u00e3o basta a simples men\u00e7\u00e3o a autoridades detentoras de foro por prerrogativa de fun\u00e7\u00e3o para deslocar a compet\u00eancia, prevalecendo a compreens\u00e3o de validade dos atos praticados pela autoridade judicial aparentemente competente \u2013 <strong>AgRg no HC 820.933\/TO<\/strong>, julgado em 26\/2\/2024.<\/p>\n\n\n\n<p><strong>SEXTA TURMA<\/strong><\/p>\n\n\n\n<p>&#8211; A condena\u00e7\u00e3o de terceiro pelo crime do art. 4\u00ba, <em>caput<\/em>, da Lei n. 7.492\/1986 exige a demonstra\u00e7\u00e3o concreta, por meio de elementos de provas, da ci\u00eancia de que os atos para os quais estava concorrendo tinham por finalidade a gest\u00e3o fraudulenta da institui\u00e7\u00e3o financeira \u2013 <strong>REsp 2.116.936\/BA<\/strong>, julgado em 12\/3\/2024.<\/p>\n\n\n\n<p>_____________________<\/p>\n\n\n\n<p><strong>Rodrigo Costa Rodrigues Leite&nbsp;<\/strong><\/p>\n\n\n\n<p>Coautor do livro \u201cAn\u00e1lise das Diverg\u00eancias Jurisprudenciais no STF e STJ\u201d, Editora Juspodivm. Autor do livro \u201cTombamento \u2013 Vol. 36 \u2013 Cole\u00e7\u00e3o Leis Especiais para Concursos\u201d, Editora Juspodivm. Autor do livro \u201cDesapropria\u00e7\u00e3o \u2013 Vol. 39 \u2013 Cole\u00e7\u00e3o Especiais para Concursos\u201d, Editora Juspodivm. Coautor do livro \u201cSaberes Jurisprudenciais\u201d, Editora Saraiva.&nbsp; Coorganizador do livro \u201cCPC na Jurisprud\u00eancia\u201d, Editora Foco. Especialista em Direito P\u00fablico e Direito Processual Civil. Mestre em Direito Constitucional. Aluno laureado das Turmas 2005.2 da Universidade Potiguar. Professor da P\u00f3s-gradua\u00e7\u00e3o em Direito Civil da Rede Anhaguera-Kroton. M\u00e1ster Universit\u00e1rio em Direito Constitucional pela Universidad Del Pa\u00eds Vasco, San Sebasti\u00e1n, Espanha. Advogado licenciado. Membro do Conselho Editorial da Revista do Poder Judici\u00e1rio do Estado do Rio Grande do Norte \u2013 REPOJURN.<\/p>\n","protected":false},"excerpt":{"rendered":"<p>Rodrigo Leite | @rodrigocrleite Canal P\u00edlulas Jur\u00eddicas | STF e STJ Link de acesso ao Canal: https:\/\/whatsapp.com\/channel\/0029VaD2dLy4yltRhxnIPR0c REPETITIVOS &#8211; A contribui\u00e7\u00e3o previdenci\u00e1ria patronal incide sobre os valores pagos ao trabalhador a t\u00edtulo de d\u00e9cimo terceiro sal\u00e1rio proporcional relacionado ao per\u00edodo do aviso pr\u00e9vio indenizado \u2013 REsp 1.974.197\/AM, julgado em 13\/3\/2024, Tema 1170. &#8211; A Tarifa<br \/><a class=\"more-link\" href=\"https:\/\/justicapotiguar.com.br\/index.php\/2024\/05\/06\/informativo-804-do-stj-de-19-de-marco-de-2024\/\">Mais&#8230;<\/a><\/p>\n","protected":false},"author":5,"featured_media":0,"comment_status":"open","ping_status":"open","sticky":false,"template":"","format":"standard","meta":[],"categories":[1],"tags":[],"_links":{"self":[{"href":"https:\/\/justicapotiguar.com.br\/index.php\/wp-json\/wp\/v2\/posts\/36785"}],"collection":[{"href":"https:\/\/justicapotiguar.com.br\/index.php\/wp-json\/wp\/v2\/posts"}],"about":[{"href":"https:\/\/justicapotiguar.com.br\/index.php\/wp-json\/wp\/v2\/types\/post"}],"author":[{"embeddable":true,"href":"https:\/\/justicapotiguar.com.br\/index.php\/wp-json\/wp\/v2\/users\/5"}],"replies":[{"embeddable":true,"href":"https:\/\/justicapotiguar.com.br\/index.php\/wp-json\/wp\/v2\/comments?post=36785"}],"version-history":[{"count":1,"href":"https:\/\/justicapotiguar.com.br\/index.php\/wp-json\/wp\/v2\/posts\/36785\/revisions"}],"predecessor-version":[{"id":36786,"href":"https:\/\/justicapotiguar.com.br\/index.php\/wp-json\/wp\/v2\/posts\/36785\/revisions\/36786"}],"wp:attachment":[{"href":"https:\/\/justicapotiguar.com.br\/index.php\/wp-json\/wp\/v2\/media?parent=36785"}],"wp:term":[{"taxonomy":"category","embeddable":true,"href":"https:\/\/justicapotiguar.com.br\/index.php\/wp-json\/wp\/v2\/categories?post=36785"},{"taxonomy":"post_tag","embeddable":true,"href":"https:\/\/justicapotiguar.com.br\/index.php\/wp-json\/wp\/v2\/tags?post=36785"}],"curies":[{"name":"wp","href":"https:\/\/api.w.org\/{rel}","templated":true}]}}