{"id":367,"date":"2019-08-06T07:57:23","date_gmt":"2019-08-06T10:57:23","guid":{"rendered":"https:\/\/justicapotiguar.com.br\/?p=367"},"modified":"2019-08-06T07:57:23","modified_gmt":"2019-08-06T10:57:23","slug":"afastamento-de-juiz-para-estudar-no-exterior-compete-ao-tribunal-diz-cjf","status":"publish","type":"post","link":"https:\/\/justicapotiguar.com.br\/index.php\/2019\/08\/06\/afastamento-de-juiz-para-estudar-no-exterior-compete-ao-tribunal-diz-cjf\/","title":{"rendered":"Afastamento de juiz para estudar no exterior compete ao tribunal, diz CJF"},"content":{"rendered":"\n<figure class=\"wp-block-image is-resized\"><img loading=\"lazy\" src=\"https:\/\/justicapotiguar.com.br\/wp-content\/uploads\/2019\/08\/ministro-joao-otavio-noronha-stj11.jpeg\" alt=\"\" class=\"wp-image-368\" width=\"563\" height=\"422\"\/><figcaption>Ministro Jo\u00e3o Ot\u00e1vio Noronha<br>Foto: Arquivo STJ<\/figcaption><\/figure>\n\n\n\n<p>O Conselho da Justi\u00e7a Federal revogou nesta segunda-feira, 5, uma resolu\u00e7\u00e3o que trata da autoriza\u00e7\u00e3o de afastamento de magistrados para participar de programa de estudo no exterior com dura\u00e7\u00e3o superior a 30 dias.<\/p>\n\n\n\n<p>A resolu\u00e7\u00e3o CJF 396\/2016 estava suspensa desde 2016, por decis\u00e3o do Conselho Nacional de Justi\u00e7a, que entendeu que a norma teria v\u00edcio de legalidade por descurar da compet\u00eancia e da autonomia dos Tribunais Regionais Federais, al\u00e9m de violar a seguran\u00e7a jur\u00eddica.<\/p>\n\n\n\n<p>De acordo com o presidente do CJF, ministro Jo\u00e3o Ot\u00e1vio de Noronha, a Lei Complementar 35\/1979 (Loman) confere aos ju\u00edzes o direito de afastamento, a crit\u00e9rio do Tribunal, pelo prazo m\u00e1ximo de dois anos para frequ\u00eancia a cursos ou semin\u00e1rios de aperfei\u00e7oamento. <\/p>\n\n\n\n<p>&#8220;A concess\u00e3o de licen\u00e7as aos ju\u00edzes federais, para participa\u00e7\u00e3o em cursos de aperfei\u00e7oamento e estudos, \u00e9 ato privativo do Tribunal Regional Federal ao qual o magistrado esteja vinculado, Corte que deve, dentro de sua autonomia constitucional, avaliar a conveni\u00eancia e oportunidade do afastamento solicitado&#8221;, afirmou o relator.<\/p><div class=\"ildhz69f1e97ae58d4\" ><!--<a href=\"https:\/\/bit.ly\/3QdrqTZ\" target=\"_blank\">\n<img src=\"https:\/\/justicapotiguar.com.br\/wp-content\/uploads\/2023\/09\/mobile-geral.gif\"\/><a\/>--><\/div><style type=\"text\/css\">\r\n.ildhz69f1e97ae58d4 {\r\ntext-align: center;\r\n}\r\n@media screen and (min-width: 1201px) {\r\n.ildhz69f1e97ae58d4 {\r\ndisplay: none;\r\n}\r\n}\r\n@media screen and (min-width: 993px) and (max-width: 1200px) {\r\n.ildhz69f1e97ae58d4 {\r\ndisplay: none;\r\n}\r\n}\r\n@media screen and (min-width: 769px) and (max-width: 992px) {\r\n.ildhz69f1e97ae58d4 {\r\ndisplay: none;\r\n}\r\n}\r\n@media screen and (min-width: 768px) and (max-width: 768px) {\r\n.ildhz69f1e97ae58d4 {\r\ndisplay: block;\r\n}\r\n}\r\n@media screen and (max-width: 767px) {\r\n.ildhz69f1e97ae58d4 {\r\ndisplay: block;\r\n}\r\n}\r\n<\/style>\r\n<div class=\"vbzkc69f1e97ae58bf\" ><!--<a href=\"https:\/\/bit.ly\/3QdrqTZ\" target=\"_blank\">\n<img src=\"https:\/\/justicapotiguar.com.br\/wp-content\/uploads\/2023\/09\/desktop-geral.gif\"\/><a\/>--><\/div><style type=\"text\/css\">\r\n.vbzkc69f1e97ae58bf {\r\ntext-align: center;\nmargin-bottom: 1em;\r\n}\r\n@media screen and (min-width: 1201px) {\r\n.vbzkc69f1e97ae58bf {\r\ndisplay: block;\r\n}\r\n}\r\n@media screen and (min-width: 993px) and (max-width: 1200px) {\r\n.vbzkc69f1e97ae58bf {\r\ndisplay: block;\r\n}\r\n}\r\n@media screen and (min-width: 769px) and (max-width: 992px) {\r\n.vbzkc69f1e97ae58bf {\r\ndisplay: block;\r\n}\r\n}\r\n@media screen and (min-width: 768px) and (max-width: 768px) {\r\n.vbzkc69f1e97ae58bf {\r\ndisplay: none;\r\n}\r\n}\r\n@media screen and (max-width: 767px) {\r\n.vbzkc69f1e97ae58bf {\r\ndisplay: none;\r\n}\r\n}\r\n<\/style>\r\n\n\n\n\n<p>O ministro considerou ainda que essa a autonomia n\u00e3o acontece de forma incondicionada. O CNJ, segundo ele, editou a resolu\u00e7\u00e3o 64\/2008, &#8220;estabelecendo procedimento e crit\u00e9rios uniformes a serem observados pelos Tribunais ao examinarem pedidos de afastamentos de magistrados com fundamento no art. 73, inc. I da Loman&#8221;. <\/p>\n\n\n\n<p>&#8220;A Resolu\u00e7\u00e3o CJF 2016\/396 invade a autonomia dos Tribunais Regionais Federais, adentrando ju\u00edzo de oportunidade e conveni\u00eancia que lhes \u00e9 privativo. Contraria as normas constitucionais e legais aplic\u00e1veis, motivo pelo qual n\u00e3o merece subsistir no mundo jur\u00eddico&#8221;, disse Noronha. Com informa\u00e7\u00f5es da Assessoria de Imprensa do CJF.<\/p>\n\n\n\n<p>Processo: 0000281-29.2019.4.90.8000<\/p>\n\n\n\n<p>Revista Consultor Jur\u00eddico<\/p>\n","protected":false},"excerpt":{"rendered":"<p>De acordo com o presidente do CJF, ministro Jo\u00e3o Ot\u00e1vio de Noronha, a Lei Complementar 35\/1979 (Loman) confere aos ju\u00edzes o direito de afastamento, a crit\u00e9rio do Tribunal<\/p>\n<p><a class=\"more-link\" href=\"https:\/\/justicapotiguar.com.br\/index.php\/2019\/08\/06\/afastamento-de-juiz-para-estudar-no-exterior-compete-ao-tribunal-diz-cjf\/\">Mais&#8230;<\/a><\/p>\n","protected":false},"author":3,"featured_media":368,"comment_status":"open","ping_status":"open","sticky":false,"template":"","format":"standard","meta":[],"categories":[3],"tags":[279,281,278,280,11],"_links":{"self":[{"href":"https:\/\/justicapotiguar.com.br\/index.php\/wp-json\/wp\/v2\/posts\/367"}],"collection":[{"href":"https:\/\/justicapotiguar.com.br\/index.php\/wp-json\/wp\/v2\/posts"}],"about":[{"href":"https:\/\/justicapotiguar.com.br\/index.php\/wp-json\/wp\/v2\/types\/post"}],"author":[{"embeddable":true,"href":"https:\/\/justicapotiguar.com.br\/index.php\/wp-json\/wp\/v2\/users\/3"}],"replies":[{"embeddable":true,"href":"https:\/\/justicapotiguar.com.br\/index.php\/wp-json\/wp\/v2\/comments?post=367"}],"version-history":[{"count":1,"href":"https:\/\/justicapotiguar.com.br\/index.php\/wp-json\/wp\/v2\/posts\/367\/revisions"}],"predecessor-version":[{"id":369,"href":"https:\/\/justicapotiguar.com.br\/index.php\/wp-json\/wp\/v2\/posts\/367\/revisions\/369"}],"wp:featuredmedia":[{"embeddable":true,"href":"https:\/\/justicapotiguar.com.br\/index.php\/wp-json\/wp\/v2\/media\/368"}],"wp:attachment":[{"href":"https:\/\/justicapotiguar.com.br\/index.php\/wp-json\/wp\/v2\/media?parent=367"}],"wp:term":[{"taxonomy":"category","embeddable":true,"href":"https:\/\/justicapotiguar.com.br\/index.php\/wp-json\/wp\/v2\/categories?post=367"},{"taxonomy":"post_tag","embeddable":true,"href":"https:\/\/justicapotiguar.com.br\/index.php\/wp-json\/wp\/v2\/tags?post=367"}],"curies":[{"name":"wp","href":"https:\/\/api.w.org\/{rel}","templated":true}]}}