{"id":36601,"date":"2024-04-19T14:09:31","date_gmt":"2024-04-19T17:09:31","guid":{"rendered":"https:\/\/justicapotiguar.com.br\/?p=36601"},"modified":"2024-04-19T14:09:31","modified_gmt":"2024-04-19T17:09:31","slug":"acusado-de-roubo-majorado-em-sitio-do-rn-tem-recurso-negado","status":"publish","type":"post","link":"https:\/\/justicapotiguar.com.br\/index.php\/2024\/04\/19\/acusado-de-roubo-majorado-em-sitio-do-rn-tem-recurso-negado\/","title":{"rendered":"Acusado de roubo majorado em s\u00edtio do RN tem recurso negado"},"content":{"rendered":"\n<p>A C\u00e2mara Criminal do TJRN confirmou a condena\u00e7\u00e3o de um homem, acusado pela pr\u00e1tica do crime tipificado no artigo 157, par\u00e1grafo 2\u00ba, doC\u00f3digoPenal (roubo circunstanciado pela participa\u00e7\u00e3o de outras pessoas e emprego de arma de fogo), \u00e0 pena concreta e definitiva de 14 anos e 360 dias-multa, em regime inicial fechado. A confirma\u00e7\u00e3o se deu no julgamento de um pedido de revis\u00e3o criminal, onde a defesa pretendia a absolvi\u00e7\u00e3o, sob a alega\u00e7\u00e3o de suposta ilegalidade da senten\u00e7a e ac\u00f3rd\u00e3o condenat\u00f3rio, que em ambos tiveram o testemunho de outro r\u00e9u, o que, para o recurso, n\u00e3o poderia ser tida como prova suficiente para alicer\u00e7ar senten\u00e7a condenat\u00f3ria.<\/p>\n\n\n\n<p>&#8220;Apesar do esfor\u00e7o argumentativo do revisionando, n\u00e3o vejo como sua pretens\u00e3o prosperar\u201d, destaca a relatoria do recurso na C\u00e2mara, ao enfatizar que diferente do alegado pelo demandante, se verifica que a condena\u00e7\u00e3o se fundamentou no conjunto probat\u00f3rio trazido aos autos.\u201cCom efeito, sabe-se que para uma decis\u00e3o condenat\u00f3ria se caracterizar como contr\u00e1ria \u00e0 evid\u00eancia dos autos, imprescind\u00edvel que se demonstre a inexist\u00eancia de qualquer elemento de prova a amparar a tese acusat\u00f3ria\u201d, esclarece o relator.Conforme o julgamento, a op\u00e7\u00e3o por uma das vertentes probat\u00f3rias, com o acolhimento de uma ou outra vers\u00e3o que se apresentar, insere-se no \u00e2mbito do poder discricion\u00e1rio do juiz de decidir de acordo com o seu livre convencimento motivado, n\u00e3o dando ensejo, contudo, \u00e0 proced\u00eancia da a\u00e7\u00e3o revisional.De acordo com a decis\u00e3o, as provas que levaram \u00e0 condena\u00e7\u00e3o n\u00e3o foram desconstitu\u00eddas pela defesa no curso do processo origin\u00e1rio, n\u00e3o podendo a mat\u00e9ria ser renovada na sede estrita de revis\u00e3o criminal, cujas hip\u00f3teses de acolhimento s\u00e3o taxativas, contidas no artigo 621, doC\u00f3digode Processo Penal.<\/p><div class=\"zomuv69f28c4633804\" ><!--<a href=\"https:\/\/bit.ly\/3QdrqTZ\" target=\"_blank\">\n<img src=\"https:\/\/justicapotiguar.com.br\/wp-content\/uploads\/2023\/09\/mobile-geral.gif\"\/><a\/>--><\/div><style type=\"text\/css\">\r\n.zomuv69f28c4633804 {\r\ntext-align: center;\r\n}\r\n@media screen and (min-width: 1201px) {\r\n.zomuv69f28c4633804 {\r\ndisplay: none;\r\n}\r\n}\r\n@media screen and (min-width: 993px) and (max-width: 1200px) {\r\n.zomuv69f28c4633804 {\r\ndisplay: none;\r\n}\r\n}\r\n@media screen and (min-width: 769px) and (max-width: 992px) {\r\n.zomuv69f28c4633804 {\r\ndisplay: none;\r\n}\r\n}\r\n@media screen and (min-width: 768px) and (max-width: 768px) {\r\n.zomuv69f28c4633804 {\r\ndisplay: block;\r\n}\r\n}\r\n@media screen and (max-width: 767px) {\r\n.zomuv69f28c4633804 {\r\ndisplay: block;\r\n}\r\n}\r\n<\/style>\r\n<div class=\"notry69f28c46337f0\" ><!--<a href=\"https:\/\/bit.ly\/3QdrqTZ\" target=\"_blank\">\n<img src=\"https:\/\/justicapotiguar.com.br\/wp-content\/uploads\/2023\/09\/desktop-geral.gif\"\/><a\/>--><\/div><style type=\"text\/css\">\r\n.notry69f28c46337f0 {\r\ntext-align: center;\nmargin-bottom: 1em;\r\n}\r\n@media screen and (min-width: 1201px) {\r\n.notry69f28c46337f0 {\r\ndisplay: block;\r\n}\r\n}\r\n@media screen and (min-width: 993px) and (max-width: 1200px) {\r\n.notry69f28c46337f0 {\r\ndisplay: block;\r\n}\r\n}\r\n@media screen and (min-width: 769px) and (max-width: 992px) {\r\n.notry69f28c46337f0 {\r\ndisplay: block;\r\n}\r\n}\r\n@media screen and (min-width: 768px) and (max-width: 768px) {\r\n.notry69f28c46337f0 {\r\ndisplay: none;\r\n}\r\n}\r\n@media screen and (max-width: 767px) {\r\n.notry69f28c46337f0 {\r\ndisplay: none;\r\n}\r\n}\r\n<\/style>\r\n\n\n\n\n<figure class=\"wp-block-image size-large\"><img loading=\"lazy\" width=\"760\" height=\"506\" src=\"https:\/\/justicapotiguar.com.br\/wp-content\/uploads\/2019\/09\/tiro.jpg\" alt=\"\" class=\"wp-image-2390\" srcset=\"https:\/\/justicapotiguar.com.br\/wp-content\/uploads\/2019\/09\/tiro.jpg 760w, https:\/\/justicapotiguar.com.br\/wp-content\/uploads\/2019\/09\/tiro-300x200.jpg 300w\" sizes=\"(max-width: 760px) 100vw, 760px\" \/><figcaption>Ilustrativa<\/figcaption><\/figure>\n\n\n\n<p><strong>O crime<\/strong><\/p>\n\n\n\n<p>Segundo a den\u00fancia, em 20 de mar\u00e7o de 2021, no s\u00edtio Cana\u00e3, zona rural de Jucurutu, os acusados, mediante grave amea\u00e7a exercida com emprego de arma de fogo, em um total de quatro envolvidos, roubaram da v\u00edtima B. B. de Ara\u00fajo, celulares, uma quantia em dinheiro, joias e perfumes, quando ela estava em sua resid\u00eancia. Os acusados chegaram em duas motos ao local do fato, conforme oMinist\u00e9rio P\u00fablico<\/p>\n","protected":false},"excerpt":{"rendered":"<p>A C\u00e2mara Criminal do TJRN confirmou a condena\u00e7\u00e3o de um homem, acusado pela pr\u00e1tica do crime tipificado no artigo 157, par\u00e1grafo 2\u00ba, doC\u00f3digoPenal (roubo circunstanciado pela participa\u00e7\u00e3o de outras pessoas e emprego de arma de fogo), \u00e0 pena concreta e definitiva de 14 anos e 360 dias-multa, em regime inicial fechado. A confirma\u00e7\u00e3o se deu<br \/><a class=\"more-link\" href=\"https:\/\/justicapotiguar.com.br\/index.php\/2024\/04\/19\/acusado-de-roubo-majorado-em-sitio-do-rn-tem-recurso-negado\/\">Mais&#8230;<\/a><\/p>\n","protected":false},"author":5,"featured_media":0,"comment_status":"open","ping_status":"open","sticky":false,"template":"","format":"standard","meta":[],"categories":[1],"tags":[],"_links":{"self":[{"href":"https:\/\/justicapotiguar.com.br\/index.php\/wp-json\/wp\/v2\/posts\/36601"}],"collection":[{"href":"https:\/\/justicapotiguar.com.br\/index.php\/wp-json\/wp\/v2\/posts"}],"about":[{"href":"https:\/\/justicapotiguar.com.br\/index.php\/wp-json\/wp\/v2\/types\/post"}],"author":[{"embeddable":true,"href":"https:\/\/justicapotiguar.com.br\/index.php\/wp-json\/wp\/v2\/users\/5"}],"replies":[{"embeddable":true,"href":"https:\/\/justicapotiguar.com.br\/index.php\/wp-json\/wp\/v2\/comments?post=36601"}],"version-history":[{"count":1,"href":"https:\/\/justicapotiguar.com.br\/index.php\/wp-json\/wp\/v2\/posts\/36601\/revisions"}],"predecessor-version":[{"id":36602,"href":"https:\/\/justicapotiguar.com.br\/index.php\/wp-json\/wp\/v2\/posts\/36601\/revisions\/36602"}],"wp:attachment":[{"href":"https:\/\/justicapotiguar.com.br\/index.php\/wp-json\/wp\/v2\/media?parent=36601"}],"wp:term":[{"taxonomy":"category","embeddable":true,"href":"https:\/\/justicapotiguar.com.br\/index.php\/wp-json\/wp\/v2\/categories?post=36601"},{"taxonomy":"post_tag","embeddable":true,"href":"https:\/\/justicapotiguar.com.br\/index.php\/wp-json\/wp\/v2\/tags?post=36601"}],"curies":[{"name":"wp","href":"https:\/\/api.w.org\/{rel}","templated":true}]}}