{"id":36398,"date":"2024-04-04T14:21:43","date_gmt":"2024-04-04T17:21:43","guid":{"rendered":"https:\/\/justicapotiguar.com.br\/?p=36398"},"modified":"2024-04-04T14:21:43","modified_gmt":"2024-04-04T17:21:43","slug":"apos-50-dias-policia-federal-recaptura-no-para-foragidos-da-penitenciaria-federal-de-mossoro","status":"publish","type":"post","link":"https:\/\/justicapotiguar.com.br\/index.php\/2024\/04\/04\/apos-50-dias-policia-federal-recaptura-no-para-foragidos-da-penitenciaria-federal-de-mossoro\/","title":{"rendered":"Ap\u00f3s 50 dias, Pol\u00edcia Federal recaptura no Par\u00e1 foragidos da penitenci\u00e1ria federal de Mossor\u00f3"},"content":{"rendered":"\n<figure class=\"wp-block-image\"><img src=\"https:\/\/assets.blogdobg.com.br\/uploads\/2024\/04\/W-225x300.jpg\" alt=\"\" class=\"wp-image-912566\"\/><\/figure>\n\n\n\n<p><img loading=\"lazy\" alt=\"\" width=\"179\" height=\"300\" src=\"https:\/\/assets.blogdobg.com.br\/uploads\/2024\/04\/WW-179x300.jpeg\" srcset=\"https:\/\/assets.blogdobg.com.br\/uploads\/2024\/04\/WW-179x300.jpeg 179w, https:\/\/assets.blogdobg.com.br\/uploads\/2024\/04\/WW-612x1024.jpeg 612w, https:\/\/assets.blogdobg.com.br\/uploads\/2024\/04\/WW-768x1285.jpeg 768w, https:\/\/assets.blogdobg.com.br\/uploads\/2024\/04\/WW-918x1536.jpeg 918w, https:\/\/assets.blogdobg.com.br\/uploads\/2024\/04\/WW.jpeg 956w\"><em>Fotos: PF\/Divulga\u00e7\u00e3o<\/em><\/p>\n\n\n\n<p>A Pol\u00edcia Federal informou nesta quinta-feira (4) que recapturou, no Par\u00e1, os dois fugitivos que haviam escapado da Penitenci\u00e1ria Federal de Mossor\u00f3, no Rio Grande do Norte.<\/p>\n\n\n\n<p>Rog\u00e9rio da Silva Mendon\u00e7a, de 35 anos, e Deibson Cabral Nascimento, 33 anos, tinham fugido do pres\u00eddio no dia 14 de fevereiro \u2013 foram 50 dias at\u00e9 a recaptura.<\/p>\n\n\n\n<p>Investigadores informaram \u00e0 TV Globo que a dupla foi capturada por policiais federais em Marab\u00e1 (PA) \u2013 e que eles devem ser devolvidos a Mossor\u00f3.<\/p><div class=\"bekxm69f3ec598a0de\" ><!--<a href=\"https:\/\/bit.ly\/3QdrqTZ\" target=\"_blank\">\n<img src=\"https:\/\/justicapotiguar.com.br\/wp-content\/uploads\/2023\/09\/mobile-geral.gif\"\/><a\/>--><\/div><style type=\"text\/css\">\r\n.bekxm69f3ec598a0de {\r\ntext-align: center;\r\n}\r\n@media screen and (min-width: 1201px) {\r\n.bekxm69f3ec598a0de {\r\ndisplay: none;\r\n}\r\n}\r\n@media screen and (min-width: 993px) and (max-width: 1200px) {\r\n.bekxm69f3ec598a0de {\r\ndisplay: none;\r\n}\r\n}\r\n@media screen and (min-width: 769px) and (max-width: 992px) {\r\n.bekxm69f3ec598a0de {\r\ndisplay: none;\r\n}\r\n}\r\n@media screen and (min-width: 768px) and (max-width: 768px) {\r\n.bekxm69f3ec598a0de {\r\ndisplay: block;\r\n}\r\n}\r\n@media screen and (max-width: 767px) {\r\n.bekxm69f3ec598a0de {\r\ndisplay: block;\r\n}\r\n}\r\n<\/style>\r\n<div class=\"zelvj69f3ec598a0ca\" ><!--<a href=\"https:\/\/bit.ly\/3QdrqTZ\" target=\"_blank\">\n<img src=\"https:\/\/justicapotiguar.com.br\/wp-content\/uploads\/2023\/09\/desktop-geral.gif\"\/><a\/>--><\/div><style type=\"text\/css\">\r\n.zelvj69f3ec598a0ca {\r\ntext-align: center;\nmargin-bottom: 1em;\r\n}\r\n@media screen and (min-width: 1201px) {\r\n.zelvj69f3ec598a0ca {\r\ndisplay: block;\r\n}\r\n}\r\n@media screen and (min-width: 993px) and (max-width: 1200px) {\r\n.zelvj69f3ec598a0ca {\r\ndisplay: block;\r\n}\r\n}\r\n@media screen and (min-width: 769px) and (max-width: 992px) {\r\n.zelvj69f3ec598a0ca {\r\ndisplay: block;\r\n}\r\n}\r\n@media screen and (min-width: 768px) and (max-width: 768px) {\r\n.zelvj69f3ec598a0ca {\r\ndisplay: none;\r\n}\r\n}\r\n@media screen and (max-width: 767px) {\r\n.zelvj69f3ec598a0ca {\r\ndisplay: none;\r\n}\r\n}\r\n<\/style>\r\n\n\n\n\n<p>Os dois presos, originalmente do Acre, estavam na unidade desde setembro de 2023 e integram a fac\u00e7\u00e3o criminosa Comando Vermelho.<\/p>\n\n\n\n<p>Os dois abriram passagem por um buraco atr\u00e1s de uma lumin\u00e1ria do pres\u00eddio e cortaram duas cercas de arame usando ferramentas de uma obra que ocorria no local para escapar.<\/p>\n\n\n\n<p>Foi a primeira fuga registrada na hist\u00f3ria do sistema penitenci\u00e1rio federal, que inclui ainda penitenci\u00e1rias em Bras\u00edlia (DF), Catanduvas (PR), Campo Grande (MS) e Porto Velho (RO).<\/p>\n\n\n\n<p>G1\/RN<\/p>\n","protected":false},"excerpt":{"rendered":"<p>Fotos: PF\/Divulga\u00e7\u00e3o A Pol\u00edcia Federal informou nesta quinta-feira (4) que recapturou, no Par\u00e1, os dois fugitivos que haviam escapado da Penitenci\u00e1ria Federal de Mossor\u00f3, no Rio Grande do Norte. Rog\u00e9rio da Silva Mendon\u00e7a, de 35 anos, e Deibson Cabral Nascimento, 33 anos, tinham fugido do pres\u00eddio no dia 14 de fevereiro \u2013 foram 50 dias<br \/><a class=\"more-link\" href=\"https:\/\/justicapotiguar.com.br\/index.php\/2024\/04\/04\/apos-50-dias-policia-federal-recaptura-no-para-foragidos-da-penitenciaria-federal-de-mossoro\/\">Mais&#8230;<\/a><\/p>\n","protected":false},"author":5,"featured_media":0,"comment_status":"open","ping_status":"open","sticky":false,"template":"","format":"standard","meta":[],"categories":[1],"tags":[],"_links":{"self":[{"href":"https:\/\/justicapotiguar.com.br\/index.php\/wp-json\/wp\/v2\/posts\/36398"}],"collection":[{"href":"https:\/\/justicapotiguar.com.br\/index.php\/wp-json\/wp\/v2\/posts"}],"about":[{"href":"https:\/\/justicapotiguar.com.br\/index.php\/wp-json\/wp\/v2\/types\/post"}],"author":[{"embeddable":true,"href":"https:\/\/justicapotiguar.com.br\/index.php\/wp-json\/wp\/v2\/users\/5"}],"replies":[{"embeddable":true,"href":"https:\/\/justicapotiguar.com.br\/index.php\/wp-json\/wp\/v2\/comments?post=36398"}],"version-history":[{"count":1,"href":"https:\/\/justicapotiguar.com.br\/index.php\/wp-json\/wp\/v2\/posts\/36398\/revisions"}],"predecessor-version":[{"id":36399,"href":"https:\/\/justicapotiguar.com.br\/index.php\/wp-json\/wp\/v2\/posts\/36398\/revisions\/36399"}],"wp:attachment":[{"href":"https:\/\/justicapotiguar.com.br\/index.php\/wp-json\/wp\/v2\/media?parent=36398"}],"wp:term":[{"taxonomy":"category","embeddable":true,"href":"https:\/\/justicapotiguar.com.br\/index.php\/wp-json\/wp\/v2\/categories?post=36398"},{"taxonomy":"post_tag","embeddable":true,"href":"https:\/\/justicapotiguar.com.br\/index.php\/wp-json\/wp\/v2\/tags?post=36398"}],"curies":[{"name":"wp","href":"https:\/\/api.w.org\/{rel}","templated":true}]}}