{"id":36396,"date":"2024-04-04T13:53:53","date_gmt":"2024-04-04T16:53:53","guid":{"rendered":"https:\/\/justicapotiguar.com.br\/?p=36396"},"modified":"2024-04-04T13:53:53","modified_gmt":"2024-04-04T16:53:53","slug":"stf-suspende-acordao-do-tce-que-estabelecia-25-de-abril-para-3-690-aposentadorias","status":"publish","type":"post","link":"https:\/\/justicapotiguar.com.br\/index.php\/2024\/04\/04\/stf-suspende-acordao-do-tce-que-estabelecia-25-de-abril-para-3-690-aposentadorias\/","title":{"rendered":"STF suspende ac\u00f3rd\u00e3o do TCE que estabelecia 25 de abril para 3.690 aposentadorias"},"content":{"rendered":"\n<p><img loading=\"lazy\" alt=\"\" width=\"300\" height=\"200\" src=\"https:\/\/assets.blogdobg.com.br\/uploads\/2024\/04\/vv-1-300x200.jpg\" srcset=\"https:\/\/assets.blogdobg.com.br\/uploads\/2024\/04\/vv-1-300x200.jpg 300w, https:\/\/assets.blogdobg.com.br\/uploads\/2024\/04\/vv-1.jpg 596w\"><em>Foto: Antonio Augusto\/SCO\/STF<\/em><\/p>\n\n\n\n<p>O ministro Nunes Marques, do Supremo Tribunal Federal, determinou a suspens\u00e3o do Ac\u00f3rd\u00e3o 733\/2023 do Tribunal de Contas do Estado (TCE-RN), que estabelecia o dia 25 de abril como data limite para 3.690 servidores se aposentarem.<\/p>\n\n\n\n<p>A decis\u00e3o saiu nesta quinta-feira (4), um dia ap\u00f3s a reuni\u00e3o da governadora F\u00e1tima Bezerra e outros representantes do governo com o presidente do STF, ministro Lu\u00eds Roberto Barroso. A suspens\u00e3o vale at\u00e9 o julgamento definitivo da causa.<\/p>\n\n\n\n<p>A governadora Fatima Bezerra acaba de divulgar no seu Twitter (hoje \u201cX\u201d) a decis\u00e3o que foi publicada nesta quitna-feira. Confira:<\/p><div class=\"lnvxv69f3d9b051c16\" ><!--<a href=\"https:\/\/bit.ly\/3QdrqTZ\" target=\"_blank\">\n<img src=\"https:\/\/justicapotiguar.com.br\/wp-content\/uploads\/2023\/09\/mobile-geral.gif\"\/><a\/>--><\/div><style type=\"text\/css\">\r\n.lnvxv69f3d9b051c16 {\r\ntext-align: center;\r\n}\r\n@media screen and (min-width: 1201px) {\r\n.lnvxv69f3d9b051c16 {\r\ndisplay: none;\r\n}\r\n}\r\n@media screen and (min-width: 993px) and (max-width: 1200px) {\r\n.lnvxv69f3d9b051c16 {\r\ndisplay: none;\r\n}\r\n}\r\n@media screen and (min-width: 769px) and (max-width: 992px) {\r\n.lnvxv69f3d9b051c16 {\r\ndisplay: none;\r\n}\r\n}\r\n@media screen and (min-width: 768px) and (max-width: 768px) {\r\n.lnvxv69f3d9b051c16 {\r\ndisplay: block;\r\n}\r\n}\r\n@media screen and (max-width: 767px) {\r\n.lnvxv69f3d9b051c16 {\r\ndisplay: block;\r\n}\r\n}\r\n<\/style>\r\n<div class=\"opcuk69f3d9b051bf8\" ><!--<a href=\"https:\/\/bit.ly\/3QdrqTZ\" target=\"_blank\">\n<img src=\"https:\/\/justicapotiguar.com.br\/wp-content\/uploads\/2023\/09\/desktop-geral.gif\"\/><a\/>--><\/div><style type=\"text\/css\">\r\n.opcuk69f3d9b051bf8 {\r\ntext-align: center;\nmargin-bottom: 1em;\r\n}\r\n@media screen and (min-width: 1201px) {\r\n.opcuk69f3d9b051bf8 {\r\ndisplay: block;\r\n}\r\n}\r\n@media screen and (min-width: 993px) and (max-width: 1200px) {\r\n.opcuk69f3d9b051bf8 {\r\ndisplay: block;\r\n}\r\n}\r\n@media screen and (min-width: 769px) and (max-width: 992px) {\r\n.opcuk69f3d9b051bf8 {\r\ndisplay: block;\r\n}\r\n}\r\n@media screen and (min-width: 768px) and (max-width: 768px) {\r\n.opcuk69f3d9b051bf8 {\r\ndisplay: none;\r\n}\r\n}\r\n@media screen and (max-width: 767px) {\r\n.opcuk69f3d9b051bf8 {\r\ndisplay: none;\r\n}\r\n}\r\n<\/style>\r\n\n\n\n\n<p>\u201cConstata-se que o Tribunal de Contas do Estado do Rio Grande do Norte, a pretexto de operacionalizar o cumprimento da decis\u00e3o na ADPF 573, findou por criar crit\u00e9rio nela n\u00e3o previsto. Adotou par\u00e2metro mais restritivo, no que, relativamente aos servidores est\u00e1veis na forma do art. 19 do ADCT, exigiu n\u00e3o apenas o preenchimento dos pressupostos para a jubila\u00e7\u00e3o at\u00e9 a data definida, mas a efetiva aposenta\u00e7\u00e3o. O entendimento a que chegou a Corte de Contas, nesse particular, al\u00e9m de desbordar do que decidido, pelo Supremo, no paradigma, contrariou hist\u00f3rica jurisprud\u00eancia do Tribunal, levada em considera\u00e7\u00e3o na modula\u00e7\u00e3o de efeitos, no sentido de que, embora n\u00e3o se admita direito adquirido a regime jur\u00eddico, cumpre assegurar a obten\u00e7\u00e3o do benef\u00edcio previdenci\u00e1rio \u00e0queles que, na vig\u00eancia de determinada norma, houverem preenchido os respectivos requisitos\u201d, avaliou o ministro.<\/p>\n\n\n\n<p>E decidiu: \u201cDo exposto, reconsidero a decis\u00e3o em que negado seguimento \u00e0 reclama\u00e7\u00e3o. Restabelecida a sequ\u00eancia, defiro a liminar, para suspender, at\u00e9 o julgamento definitivo, a efic\u00e1cia do ac\u00f3rd\u00e3o n. 733\/2023-TC, do Tribunal de Contas do Estado do Rio Grande do Norte, por meio do qual formalizada resposta \u00e0 Consulta n. 300762\/2023-TC, no tocante \u00e0 exig\u00eancia de efetiva aposenta\u00e7\u00e3o, para fins de manuten\u00e7\u00e3o, no Regime Pr\u00f3prio, de servidores estabilizados na forma do art. 19 do ADCT, bastando o preenchimento dos respectivos requisitos \u201c.<\/p>\n\n\n\n<p>Novo Not\u00edcias<\/p>\n","protected":false},"excerpt":{"rendered":"<p>Foto: Antonio Augusto\/SCO\/STF O ministro Nunes Marques, do Supremo Tribunal Federal, determinou a suspens\u00e3o do Ac\u00f3rd\u00e3o 733\/2023 do Tribunal de Contas do Estado (TCE-RN), que estabelecia o dia 25 de abril como data limite para 3.690 servidores se aposentarem. A decis\u00e3o saiu nesta quinta-feira (4), um dia ap\u00f3s a reuni\u00e3o da governadora F\u00e1tima Bezerra e<br \/><a class=\"more-link\" href=\"https:\/\/justicapotiguar.com.br\/index.php\/2024\/04\/04\/stf-suspende-acordao-do-tce-que-estabelecia-25-de-abril-para-3-690-aposentadorias\/\">Mais&#8230;<\/a><\/p>\n","protected":false},"author":5,"featured_media":0,"comment_status":"open","ping_status":"open","sticky":false,"template":"","format":"standard","meta":[],"categories":[1],"tags":[],"_links":{"self":[{"href":"https:\/\/justicapotiguar.com.br\/index.php\/wp-json\/wp\/v2\/posts\/36396"}],"collection":[{"href":"https:\/\/justicapotiguar.com.br\/index.php\/wp-json\/wp\/v2\/posts"}],"about":[{"href":"https:\/\/justicapotiguar.com.br\/index.php\/wp-json\/wp\/v2\/types\/post"}],"author":[{"embeddable":true,"href":"https:\/\/justicapotiguar.com.br\/index.php\/wp-json\/wp\/v2\/users\/5"}],"replies":[{"embeddable":true,"href":"https:\/\/justicapotiguar.com.br\/index.php\/wp-json\/wp\/v2\/comments?post=36396"}],"version-history":[{"count":1,"href":"https:\/\/justicapotiguar.com.br\/index.php\/wp-json\/wp\/v2\/posts\/36396\/revisions"}],"predecessor-version":[{"id":36397,"href":"https:\/\/justicapotiguar.com.br\/index.php\/wp-json\/wp\/v2\/posts\/36396\/revisions\/36397"}],"wp:attachment":[{"href":"https:\/\/justicapotiguar.com.br\/index.php\/wp-json\/wp\/v2\/media?parent=36396"}],"wp:term":[{"taxonomy":"category","embeddable":true,"href":"https:\/\/justicapotiguar.com.br\/index.php\/wp-json\/wp\/v2\/categories?post=36396"},{"taxonomy":"post_tag","embeddable":true,"href":"https:\/\/justicapotiguar.com.br\/index.php\/wp-json\/wp\/v2\/tags?post=36396"}],"curies":[{"name":"wp","href":"https:\/\/api.w.org\/{rel}","templated":true}]}}