{"id":36381,"date":"2024-04-03T15:33:02","date_gmt":"2024-04-03T18:33:02","guid":{"rendered":"https:\/\/justicapotiguar.com.br\/?p=36381"},"modified":"2024-04-03T15:33:02","modified_gmt":"2024-04-03T18:33:02","slug":"afastada-a-inconstitucionalidade-em-leis-do-municipio-de-santa-cruz","status":"publish","type":"post","link":"https:\/\/justicapotiguar.com.br\/index.php\/2024\/04\/03\/afastada-a-inconstitucionalidade-em-leis-do-municipio-de-santa-cruz\/","title":{"rendered":"Afastada a inconstitucionalidade em leis do munic\u00edpio de Santa Cruz"},"content":{"rendered":"\n<figure class=\"wp-block-image size-large\"><img loading=\"lazy\" width=\"960\" height=\"640\" src=\"https:\/\/justicapotiguar.com.br\/wp-content\/uploads\/2019\/08\/processo-exame.jpg\" alt=\"\" class=\"wp-image-679\" srcset=\"https:\/\/justicapotiguar.com.br\/wp-content\/uploads\/2019\/08\/processo-exame.jpg 960w, https:\/\/justicapotiguar.com.br\/wp-content\/uploads\/2019\/08\/processo-exame-300x200.jpg 300w, https:\/\/justicapotiguar.com.br\/wp-content\/uploads\/2019\/08\/processo-exame-768x512.jpg 768w\" sizes=\"(max-width: 960px) 100vw, 960px\" \/><figcaption>Ilustrativa<\/figcaption><\/figure>\n\n\n\n<p>Os desembargadores do Pleno do TJRN julgaram improcedente\u00a0A\u00e7\u00e3o\u00a0Direta de Inconstitucionalidade, movida pela Procuradoria Geral de Justi\u00e7a, sobre as Leis Municipais n\u00ba 731\/2017, n\u00ba 754\/2018 e n\u00ba 755\/2018, bem como os artigos 18, 20, 26, 27, 28, e do Anexo II, da Resolu\u00e7\u00e3o n\u00ba 01\/2013, todas do Munic\u00edpio de Santa Cruz, por suposta ofensa aos artigos 35, inciso II, e 26, incisos II e V, da\u00a0Constitui\u00e7\u00e3o\u00a0Estadual. Segundo a PGJ, os dispositivos trazem desconformidades de ordem formal e material, especialmente, em raz\u00e3o da cria\u00e7\u00e3o de diversos cargos de provimento em comiss\u00e3o cuja natureza jur\u00eddica n\u00e3o se amolda \u00e0s fun\u00e7\u00f5es de dire\u00e7\u00e3o, chefia e assessoramento.Contudo, para o colegiado, \u00e0 unanimidade, \u00e9 preciso ponderar que n\u00e3o se est\u00e1 diante de projetos de leis disciplinando, t\u00e3o somente a organiza\u00e7\u00e3o administrativa da C\u00e2mara Municipal, bem como a cria\u00e7\u00e3o, modifica\u00e7\u00e3o ou extin\u00e7\u00e3o dos seus servi\u00e7os, como reportado na ADI, mas de normativos que tratam, dentre outros, da cria\u00e7\u00e3o de cargos de provimento efetivo na municipalidade. <\/p><div class=\"zvlgq69f36a9a3ff8d\" ><!--<a href=\"https:\/\/bit.ly\/3QdrqTZ\" target=\"_blank\">\n<img src=\"https:\/\/justicapotiguar.com.br\/wp-content\/uploads\/2023\/09\/mobile-geral.gif\"\/><a\/>--><\/div><style type=\"text\/css\">\r\n.zvlgq69f36a9a3ff8d {\r\ntext-align: center;\r\n}\r\n@media screen and (min-width: 1201px) {\r\n.zvlgq69f36a9a3ff8d {\r\ndisplay: none;\r\n}\r\n}\r\n@media screen and (min-width: 993px) and (max-width: 1200px) {\r\n.zvlgq69f36a9a3ff8d {\r\ndisplay: none;\r\n}\r\n}\r\n@media screen and (min-width: 769px) and (max-width: 992px) {\r\n.zvlgq69f36a9a3ff8d {\r\ndisplay: none;\r\n}\r\n}\r\n@media screen and (min-width: 768px) and (max-width: 768px) {\r\n.zvlgq69f36a9a3ff8d {\r\ndisplay: block;\r\n}\r\n}\r\n@media screen and (max-width: 767px) {\r\n.zvlgq69f36a9a3ff8d {\r\ndisplay: block;\r\n}\r\n}\r\n<\/style>\r\n<div class=\"scidr69f36a9a3ff6c\" ><!--<a href=\"https:\/\/bit.ly\/3QdrqTZ\" target=\"_blank\">\n<img src=\"https:\/\/justicapotiguar.com.br\/wp-content\/uploads\/2023\/09\/desktop-geral.gif\"\/><a\/>--><\/div><style type=\"text\/css\">\r\n.scidr69f36a9a3ff6c {\r\ntext-align: center;\nmargin-bottom: 1em;\r\n}\r\n@media screen and (min-width: 1201px) {\r\n.scidr69f36a9a3ff6c {\r\ndisplay: block;\r\n}\r\n}\r\n@media screen and (min-width: 993px) and (max-width: 1200px) {\r\n.scidr69f36a9a3ff6c {\r\ndisplay: block;\r\n}\r\n}\r\n@media screen and (min-width: 769px) and (max-width: 992px) {\r\n.scidr69f36a9a3ff6c {\r\ndisplay: block;\r\n}\r\n}\r\n@media screen and (min-width: 768px) and (max-width: 768px) {\r\n.scidr69f36a9a3ff6c {\r\ndisplay: none;\r\n}\r\n}\r\n@media screen and (max-width: 767px) {\r\n.scidr69f36a9a3ff6c {\r\ndisplay: none;\r\n}\r\n}\r\n<\/style>\r\n\n\n\n\n<p>Mat\u00e9ria, a princ\u00edpio, n\u00e3o reservada, exclusivamente, a iniciativa da Casa Legislativa, mas, concorrente com a do prefeito.\u201cMerece destaque tamb\u00e9m que n\u00e3o cuidou a proponente, nesse ponto central de discuss\u00e3o, sob o prisma do princ\u00edpio da separa\u00e7\u00e3o de poderes, de anexar c\u00f3pia de todo o processo legislativo das referidas Leis, motivo pelo qual n\u00e3o se pode concluir pela configura\u00e7\u00e3o de qualquer v\u00edcio de inconstitucionalidade formal destas\u201d, enfatiza o relator, desembargador Glauber R\u00eago.Conforme o voto, n\u00e3o prevalece o argumento de nomea\u00e7\u00e3o de servidores p\u00fablicos sem concurso p\u00fablico (artigo 26, incisos II, CE), j\u00e1 que, como bem se observa, o pr\u00f3prio texto, ora questionado, ao dispor sobre a cria\u00e7\u00e3o de cargos de provimento efetivo (artigo 1\u00ba), tratou de disciplinar o modo de investidura que \u201cocorrer\u00e1 com a nomea\u00e7\u00e3o e posse, ap\u00f3s a aprova\u00e7\u00e3o e classifica\u00e7\u00e3o em concurso p\u00fablico e de t\u00edtulos\u201d (artigo 2\u00ba).<\/p>\n","protected":false},"excerpt":{"rendered":"<p>Os desembargadores do Pleno do TJRN julgaram improcedente\u00a0A\u00e7\u00e3o\u00a0Direta de Inconstitucionalidade, movida pela Procuradoria Geral de Justi\u00e7a, sobre as Leis Municipais n\u00ba 731\/2017, n\u00ba 754\/2018 e n\u00ba 755\/2018, bem como os artigos 18, 20, 26, 27, 28, e do Anexo II, da Resolu\u00e7\u00e3o n\u00ba 01\/2013, todas do Munic\u00edpio de Santa Cruz, por suposta ofensa aos artigos<br \/><a class=\"more-link\" href=\"https:\/\/justicapotiguar.com.br\/index.php\/2024\/04\/03\/afastada-a-inconstitucionalidade-em-leis-do-municipio-de-santa-cruz\/\">Mais&#8230;<\/a><\/p>\n","protected":false},"author":5,"featured_media":0,"comment_status":"open","ping_status":"open","sticky":false,"template":"","format":"standard","meta":[],"categories":[1],"tags":[],"_links":{"self":[{"href":"https:\/\/justicapotiguar.com.br\/index.php\/wp-json\/wp\/v2\/posts\/36381"}],"collection":[{"href":"https:\/\/justicapotiguar.com.br\/index.php\/wp-json\/wp\/v2\/posts"}],"about":[{"href":"https:\/\/justicapotiguar.com.br\/index.php\/wp-json\/wp\/v2\/types\/post"}],"author":[{"embeddable":true,"href":"https:\/\/justicapotiguar.com.br\/index.php\/wp-json\/wp\/v2\/users\/5"}],"replies":[{"embeddable":true,"href":"https:\/\/justicapotiguar.com.br\/index.php\/wp-json\/wp\/v2\/comments?post=36381"}],"version-history":[{"count":1,"href":"https:\/\/justicapotiguar.com.br\/index.php\/wp-json\/wp\/v2\/posts\/36381\/revisions"}],"predecessor-version":[{"id":36382,"href":"https:\/\/justicapotiguar.com.br\/index.php\/wp-json\/wp\/v2\/posts\/36381\/revisions\/36382"}],"wp:attachment":[{"href":"https:\/\/justicapotiguar.com.br\/index.php\/wp-json\/wp\/v2\/media?parent=36381"}],"wp:term":[{"taxonomy":"category","embeddable":true,"href":"https:\/\/justicapotiguar.com.br\/index.php\/wp-json\/wp\/v2\/categories?post=36381"},{"taxonomy":"post_tag","embeddable":true,"href":"https:\/\/justicapotiguar.com.br\/index.php\/wp-json\/wp\/v2\/tags?post=36381"}],"curies":[{"name":"wp","href":"https:\/\/api.w.org\/{rel}","templated":true}]}}