{"id":36247,"date":"2024-03-21T11:01:47","date_gmt":"2024-03-21T14:01:47","guid":{"rendered":"https:\/\/justicapotiguar.com.br\/?p=36247"},"modified":"2024-03-21T11:01:47","modified_gmt":"2024-03-21T14:01:47","slug":"promotora-sofre-infarto-durante-juri-e-morre-no-rn","status":"publish","type":"post","link":"https:\/\/justicapotiguar.com.br\/index.php\/2024\/03\/21\/promotora-sofre-infarto-durante-juri-e-morre-no-rn\/","title":{"rendered":"Promotora sofre infarto durante j\u00fari e morre no RN"},"content":{"rendered":"\n<figure class=\"wp-block-image size-large\"><img loading=\"lazy\" width=\"720\" height=\"885\" src=\"https:\/\/justicapotiguar.com.br\/wp-content\/uploads\/2024\/03\/Screenshot_20240321-104806-1.png\" alt=\"\" class=\"wp-image-36248\" srcset=\"https:\/\/justicapotiguar.com.br\/wp-content\/uploads\/2024\/03\/Screenshot_20240321-104806-1.png 720w, https:\/\/justicapotiguar.com.br\/wp-content\/uploads\/2024\/03\/Screenshot_20240321-104806-1-244x300.png 244w\" sizes=\"(max-width: 720px) 100vw, 720px\" \/><\/figure>\n\n\n\n<p>A promotora de justi\u00e7a Engr\u00e1cia Guiomar R\u00eago Bezerra Monteiro,56 anos, morreu na madrugada desta quinta-feira, em Mossor\u00f3, ap\u00f3s passar mal durante j\u00fari na cidade de Ipangua\u00e7u e ser levada ao hospital Wilson Rosado em Mossor\u00f3, onde foi diagnosticado infarto.<\/p>\n\n\n\n<p>A Associa\u00e7\u00e3o de membros do MP emitiu nota de pesar:<\/p>\n\n\n\n<p>\u00c9 com profundo pesar que a AMPERN comunica o falecimento da associada e ex-diretora, Dra. Engracia Guiomar Rego Bezerra Monteiro, na madrugada de hoje.<\/p><div class=\"mhneh69f206eb251a8\" ><!--<a href=\"https:\/\/bit.ly\/3QdrqTZ\" target=\"_blank\">\n<img src=\"https:\/\/justicapotiguar.com.br\/wp-content\/uploads\/2023\/09\/mobile-geral.gif\"\/><a\/>--><\/div><style type=\"text\/css\">\r\n.mhneh69f206eb251a8 {\r\ntext-align: center;\r\n}\r\n@media screen and (min-width: 1201px) {\r\n.mhneh69f206eb251a8 {\r\ndisplay: none;\r\n}\r\n}\r\n@media screen and (min-width: 993px) and (max-width: 1200px) {\r\n.mhneh69f206eb251a8 {\r\ndisplay: none;\r\n}\r\n}\r\n@media screen and (min-width: 769px) and (max-width: 992px) {\r\n.mhneh69f206eb251a8 {\r\ndisplay: none;\r\n}\r\n}\r\n@media screen and (min-width: 768px) and (max-width: 768px) {\r\n.mhneh69f206eb251a8 {\r\ndisplay: block;\r\n}\r\n}\r\n@media screen and (max-width: 767px) {\r\n.mhneh69f206eb251a8 {\r\ndisplay: block;\r\n}\r\n}\r\n<\/style>\r\n<div class=\"cxnqh69f206eb25192\" ><!--<a href=\"https:\/\/bit.ly\/3QdrqTZ\" target=\"_blank\">\n<img src=\"https:\/\/justicapotiguar.com.br\/wp-content\/uploads\/2023\/09\/desktop-geral.gif\"\/><a\/>--><\/div><style type=\"text\/css\">\r\n.cxnqh69f206eb25192 {\r\ntext-align: center;\nmargin-bottom: 1em;\r\n}\r\n@media screen and (min-width: 1201px) {\r\n.cxnqh69f206eb25192 {\r\ndisplay: block;\r\n}\r\n}\r\n@media screen and (min-width: 993px) and (max-width: 1200px) {\r\n.cxnqh69f206eb25192 {\r\ndisplay: block;\r\n}\r\n}\r\n@media screen and (min-width: 769px) and (max-width: 992px) {\r\n.cxnqh69f206eb25192 {\r\ndisplay: block;\r\n}\r\n}\r\n@media screen and (min-width: 768px) and (max-width: 768px) {\r\n.cxnqh69f206eb25192 {\r\ndisplay: none;\r\n}\r\n}\r\n@media screen and (max-width: 767px) {\r\n.cxnqh69f206eb25192 {\r\ndisplay: none;\r\n}\r\n}\r\n<\/style>\r\n\n\n\n\n<p>O vel\u00f3rio acontecer\u00e1 a partir das 12h, no Cemit\u00e9rio Morada da Paz \u2013 Emaus.<\/p>\n\n\n\n<p>A missa ser\u00e1 \u00e0s 18h e em seguida o sepultamento no mesmo local.<\/p>\n\n\n\n<p>Aos familiares, colegas e amigos, as nossas condol\u00eancias, rogando a Deus que possa trazer-lhes conforto neste momento de&nbsp;dor&nbsp;e&nbsp;saudade.<\/p>\n","protected":false},"excerpt":{"rendered":"<p>A promotora de justi\u00e7a Engr\u00e1cia Guiomar R\u00eago Bezerra Monteiro,56 anos, morreu na madrugada desta quinta-feira, em Mossor\u00f3, ap\u00f3s passar mal durante j\u00fari na cidade de Ipangua\u00e7u e ser levada ao hospital Wilson Rosado em Mossor\u00f3, onde foi diagnosticado infarto. A Associa\u00e7\u00e3o de membros do MP emitiu nota de pesar: \u00c9 com profundo pesar que a<br \/><a class=\"more-link\" href=\"https:\/\/justicapotiguar.com.br\/index.php\/2024\/03\/21\/promotora-sofre-infarto-durante-juri-e-morre-no-rn\/\">Mais&#8230;<\/a><\/p>\n","protected":false},"author":5,"featured_media":0,"comment_status":"open","ping_status":"open","sticky":false,"template":"","format":"standard","meta":[],"categories":[1],"tags":[],"_links":{"self":[{"href":"https:\/\/justicapotiguar.com.br\/index.php\/wp-json\/wp\/v2\/posts\/36247"}],"collection":[{"href":"https:\/\/justicapotiguar.com.br\/index.php\/wp-json\/wp\/v2\/posts"}],"about":[{"href":"https:\/\/justicapotiguar.com.br\/index.php\/wp-json\/wp\/v2\/types\/post"}],"author":[{"embeddable":true,"href":"https:\/\/justicapotiguar.com.br\/index.php\/wp-json\/wp\/v2\/users\/5"}],"replies":[{"embeddable":true,"href":"https:\/\/justicapotiguar.com.br\/index.php\/wp-json\/wp\/v2\/comments?post=36247"}],"version-history":[{"count":1,"href":"https:\/\/justicapotiguar.com.br\/index.php\/wp-json\/wp\/v2\/posts\/36247\/revisions"}],"predecessor-version":[{"id":36249,"href":"https:\/\/justicapotiguar.com.br\/index.php\/wp-json\/wp\/v2\/posts\/36247\/revisions\/36249"}],"wp:attachment":[{"href":"https:\/\/justicapotiguar.com.br\/index.php\/wp-json\/wp\/v2\/media?parent=36247"}],"wp:term":[{"taxonomy":"category","embeddable":true,"href":"https:\/\/justicapotiguar.com.br\/index.php\/wp-json\/wp\/v2\/categories?post=36247"},{"taxonomy":"post_tag","embeddable":true,"href":"https:\/\/justicapotiguar.com.br\/index.php\/wp-json\/wp\/v2\/tags?post=36247"}],"curies":[{"name":"wp","href":"https:\/\/api.w.org\/{rel}","templated":true}]}}