{"id":36244,"date":"2024-03-21T08:16:39","date_gmt":"2024-03-21T11:16:39","guid":{"rendered":"https:\/\/justicapotiguar.com.br\/?p=36244"},"modified":"2024-03-21T08:16:39","modified_gmt":"2024-03-21T11:16:39","slug":"camara-dos-deputados-aprova-projeto-que-proibe-saidinha-de-presos-em-feriados","status":"publish","type":"post","link":"https:\/\/justicapotiguar.com.br\/index.php\/2024\/03\/21\/camara-dos-deputados-aprova-projeto-que-proibe-saidinha-de-presos-em-feriados\/","title":{"rendered":"C\u00e2mara dos Deputados aprova projeto que pro\u00edbe &#8216;saidinha&#8217; de presos em feriados"},"content":{"rendered":"\n<p>A\u00a0<a class=\"\" href=\"https:\/\/g1.globo.com\/tudo-sobre\/camara-dos-deputados\/\">C\u00e2mara dos Deputados<\/a>\u00a0aprovou nesta quarta-feira (20) o projeto de lei que acaba com as &#8220;saidinhas&#8221; de presos em feriados. O texto segue para san\u00e7\u00e3o presidencial.<\/p>\n\n\n\n<figure class=\"wp-block-image size-large\"><img loading=\"lazy\" width=\"300\" height=\"225\" src=\"https:\/\/justicapotiguar.com.br\/wp-content\/uploads\/2020\/03\/cadeia-prisao1.jpeg\" alt=\"\" class=\"wp-image-7747\"\/><figcaption>Ilustrativa<\/figcaption><\/figure>\n\n\n\n<p>O relator da proposta \u00e9 o deputado Guilherme Derrite (PL-SP). Ele se licenciou do cargo de Secret\u00e1rio de Seguran\u00e7a P\u00fablica do estado de S\u00e3o Paulo, no governo Tarc\u00edsio de Freitas,\u00a0<a class=\"\" href=\"https:\/\/g1.globo.com\/sp\/sao-paulo\/noticia\/2024\/03\/12\/guilherme-derrite-e-exonerado-do-cargo-de-secretario-da-seguranca-publica-de-sp-para-relatar-projeto-contra-saidinhas-de-presos.ghtml\">apenas para atuar na aprova\u00e7\u00e3o da pauta.\u00a0<\/a>Ap\u00f3s a vota\u00e7\u00e3o do projeto, ele retornar\u00e1 ao cargo como secret\u00e1rio.<\/p>\n\n\n\n<p>Atualmente, a sa\u00edda tempor\u00e1ria permite que os detentos do regime semiaberto realizem:<\/p><div class=\"tlsit69f206e4b0377\" ><!--<a href=\"https:\/\/bit.ly\/3QdrqTZ\" target=\"_blank\">\n<img src=\"https:\/\/justicapotiguar.com.br\/wp-content\/uploads\/2023\/09\/mobile-geral.gif\"\/><a\/>--><\/div><style type=\"text\/css\">\r\n.tlsit69f206e4b0377 {\r\ntext-align: center;\r\n}\r\n@media screen and (min-width: 1201px) {\r\n.tlsit69f206e4b0377 {\r\ndisplay: none;\r\n}\r\n}\r\n@media screen and (min-width: 993px) and (max-width: 1200px) {\r\n.tlsit69f206e4b0377 {\r\ndisplay: none;\r\n}\r\n}\r\n@media screen and (min-width: 769px) and (max-width: 992px) {\r\n.tlsit69f206e4b0377 {\r\ndisplay: none;\r\n}\r\n}\r\n@media screen and (min-width: 768px) and (max-width: 768px) {\r\n.tlsit69f206e4b0377 {\r\ndisplay: block;\r\n}\r\n}\r\n@media screen and (max-width: 767px) {\r\n.tlsit69f206e4b0377 {\r\ndisplay: block;\r\n}\r\n}\r\n<\/style>\r\n<div class=\"dlhle69f206e4b0359\" ><!--<a href=\"https:\/\/bit.ly\/3QdrqTZ\" target=\"_blank\">\n<img src=\"https:\/\/justicapotiguar.com.br\/wp-content\/uploads\/2023\/09\/desktop-geral.gif\"\/><a\/>--><\/div><style type=\"text\/css\">\r\n.dlhle69f206e4b0359 {\r\ntext-align: center;\nmargin-bottom: 1em;\r\n}\r\n@media screen and (min-width: 1201px) {\r\n.dlhle69f206e4b0359 {\r\ndisplay: block;\r\n}\r\n}\r\n@media screen and (min-width: 993px) and (max-width: 1200px) {\r\n.dlhle69f206e4b0359 {\r\ndisplay: block;\r\n}\r\n}\r\n@media screen and (min-width: 769px) and (max-width: 992px) {\r\n.dlhle69f206e4b0359 {\r\ndisplay: block;\r\n}\r\n}\r\n@media screen and (min-width: 768px) and (max-width: 768px) {\r\n.dlhle69f206e4b0359 {\r\ndisplay: none;\r\n}\r\n}\r\n@media screen and (max-width: 767px) {\r\n.dlhle69f206e4b0359 {\r\ndisplay: none;\r\n}\r\n}\r\n<\/style>\r\n\n\n\n\n<ul><li>visitas \u00e0 fam\u00edlia;<\/li><li>cursos profissionalizantes, de ensino m\u00e9dio e de ensino superior; e<\/li><li>atividades de retorno do conv\u00edvio social.<\/li><\/ul>\n\n\n\n<p>O projeto foi alterado\u00a0<a class=\"\" href=\"https:\/\/g1.globo.com\/politica\/noticia\/2024\/02\/20\/senado-aprova-projeto-que-proibe-saidinha-de-presos-em-feriados-texto-vai-a-camara.ghtml\">durante sua aprova\u00e7\u00e3o no Senado<\/a>, em fevereiro, que manteve uma exce\u00e7\u00e3o para a sa\u00edda tempor\u00e1ria, no caso dos detentos de baixa periculosidade que forem realizar cursos estudantis ou profissionalizantes. A altera\u00e7\u00e3o foi mantida pela C\u00e2mara na vota\u00e7\u00e3o desta quarta-feira.<\/p>\n\n\n\n<p>G1<\/p>\n","protected":false},"excerpt":{"rendered":"<p>A\u00a0C\u00e2mara dos Deputados\u00a0aprovou nesta quarta-feira (20) o projeto de lei que acaba com as &#8220;saidinhas&#8221; de presos em feriados. O texto segue para san\u00e7\u00e3o presidencial. O relator da proposta \u00e9 o deputado Guilherme Derrite (PL-SP). Ele se licenciou do cargo de Secret\u00e1rio de Seguran\u00e7a P\u00fablica do estado de S\u00e3o Paulo, no governo Tarc\u00edsio de Freitas,\u00a0apenas<br \/><a class=\"more-link\" href=\"https:\/\/justicapotiguar.com.br\/index.php\/2024\/03\/21\/camara-dos-deputados-aprova-projeto-que-proibe-saidinha-de-presos-em-feriados\/\">Mais&#8230;<\/a><\/p>\n","protected":false},"author":5,"featured_media":0,"comment_status":"open","ping_status":"open","sticky":false,"template":"","format":"standard","meta":[],"categories":[1],"tags":[],"_links":{"self":[{"href":"https:\/\/justicapotiguar.com.br\/index.php\/wp-json\/wp\/v2\/posts\/36244"}],"collection":[{"href":"https:\/\/justicapotiguar.com.br\/index.php\/wp-json\/wp\/v2\/posts"}],"about":[{"href":"https:\/\/justicapotiguar.com.br\/index.php\/wp-json\/wp\/v2\/types\/post"}],"author":[{"embeddable":true,"href":"https:\/\/justicapotiguar.com.br\/index.php\/wp-json\/wp\/v2\/users\/5"}],"replies":[{"embeddable":true,"href":"https:\/\/justicapotiguar.com.br\/index.php\/wp-json\/wp\/v2\/comments?post=36244"}],"version-history":[{"count":1,"href":"https:\/\/justicapotiguar.com.br\/index.php\/wp-json\/wp\/v2\/posts\/36244\/revisions"}],"predecessor-version":[{"id":36245,"href":"https:\/\/justicapotiguar.com.br\/index.php\/wp-json\/wp\/v2\/posts\/36244\/revisions\/36245"}],"wp:attachment":[{"href":"https:\/\/justicapotiguar.com.br\/index.php\/wp-json\/wp\/v2\/media?parent=36244"}],"wp:term":[{"taxonomy":"category","embeddable":true,"href":"https:\/\/justicapotiguar.com.br\/index.php\/wp-json\/wp\/v2\/categories?post=36244"},{"taxonomy":"post_tag","embeddable":true,"href":"https:\/\/justicapotiguar.com.br\/index.php\/wp-json\/wp\/v2\/tags?post=36244"}],"curies":[{"name":"wp","href":"https:\/\/api.w.org\/{rel}","templated":true}]}}