{"id":3624,"date":"2019-11-04T14:10:25","date_gmt":"2019-11-04T17:10:25","guid":{"rendered":"https:\/\/justicapotiguar.com.br\/?p=3624"},"modified":"2019-11-04T12:20:19","modified_gmt":"2019-11-04T15:20:19","slug":"toffoli-enfrenta-pressoes-para-voto-decisivo-sobre-2a-instancia-no-stf","status":"publish","type":"post","link":"https:\/\/justicapotiguar.com.br\/index.php\/2019\/11\/04\/toffoli-enfrenta-pressoes-para-voto-decisivo-sobre-2a-instancia-no-stf\/","title":{"rendered":"Toffoli enfrenta press\u00f5es para voto decisivo sobre 2\u00aa inst\u00e2ncia no STF"},"content":{"rendered":"\n<figure class=\"wp-block-image\"><img loading=\"lazy\" width=\"1024\" height=\"615\" src=\"https:\/\/justicapotiguar.com.br\/wp-content\/uploads\/2019\/08\/Dias-Toffoli-1024x615.jpg\" alt=\"\" class=\"wp-image-139\" srcset=\"https:\/\/justicapotiguar.com.br\/wp-content\/uploads\/2019\/08\/Dias-Toffoli-1024x615.jpg 1024w, https:\/\/justicapotiguar.com.br\/wp-content\/uploads\/2019\/08\/Dias-Toffoli-300x180.jpg 300w, https:\/\/justicapotiguar.com.br\/wp-content\/uploads\/2019\/08\/Dias-Toffoli-768x461.jpg 768w, https:\/\/justicapotiguar.com.br\/wp-content\/uploads\/2019\/08\/Dias-Toffoli.jpg 1086w\" sizes=\"(max-width: 1024px) 100vw, 1024px\" \/><figcaption>Reprodu\u00e7\u00e3o\/STF<\/figcaption><\/figure>\n\n\n\n<p>Sob press\u00e3o em um ambiente pol\u00edtico ainda mais radicalizado, o presidente do STF (Supremo Tribunal Federal), ministro Dias Toffoli, deve dar nesta semana o voto decisivo no julgamento das a\u00e7\u00f5es sobre&nbsp;<a href=\"https:\/\/www1.folha.uol.com.br\/poder\/2019\/10\/conheca-os-argumentos-contra-e-a-favor-a-prisao-apos-condenacao-em-2a-instancia.shtml\">a constitucionalidade da pris\u00e3o de condenados em segunda inst\u00e2ncia<\/a>.<\/p>\n\n\n\n<p>A retomada da discuss\u00e3o judicial mais esperada do ano, marcada para quinta-feira (7) e que tamb\u00e9m<a href=\"https:\/\/www1.folha.uol.com.br\/poder\/2019\/10\/lula-aguarda-stf-e-ja-faz-plano-de-caravanas-pelo-pais-caso-deixe-a-prisao-neste-ano.shtml\">&nbsp;pode afetar o destino do ex-presidente Lula<\/a>, acontece num momento de instabilidade, em que Toffoli tem sido cobrado por uma ala da corte a dar uma resposta institucional enf\u00e1tica aos recentes ataques \u00e0 corte.<\/p>\n\n\n\n<p>A publica\u00e7\u00e3o de um v\u00eddeo numa rede social do presidente Jair Bolsonaro no qual ele \u00e9 retratado como&nbsp;<a href=\"https:\/\/www1.folha.uol.com.br\/poder\/2019\/10\/bolsonaro-admite-erro-em-video-com-hienas-pede-desculpas-e-promete-retratacao.shtml\">um le\u00e3o cercado por hienas,<\/a>&nbsp;entre elas uma que representa o Supremo, deflagrou insatisfa\u00e7\u00e3o de parte de seus pares diante da aus\u00eancia de uma resposta oficial.<a href=\"javascript:void(0);\"><\/a><strong>1&nbsp;8<\/strong><a href=\"javascript:void(0);\"><\/a><a href=\"javascript:void(0);\"><\/a><a href=\"javascript:void(0);\"><\/a><a href=\"javascript:void(0);\"><\/a><a href=\"javascript:void(0);\"><\/a><\/p>\n\n\n\n<p>Em outubro de 2019, o Supremo Tribunal Federal iniciou o julgamento considerado definitivo sobre a constitucionalidade da pris\u00e3o ap\u00f3s condena\u00e7\u00e3o em segunda inst\u00e2ncia. O atual entendimento, favor\u00e1vel \u00e0 pris\u00e3o, \u00e9 baseado numa decis\u00e3o do STF de 2016&nbsp;Rosinei Coutinho\/SCO\/STF<a href=\"https:\/\/www1.folha.uol.com.br\/poder\/2019\/11\/toffoli-enfrenta-pressoes-para-voto-decisivo-sobre-2a-instancia-no-stf.shtml#\"><\/a><a href=\"https:\/\/www1.folha.uol.com.br\/poder\/2019\/11\/toffoli-enfrenta-pressoes-para-voto-decisivo-sobre-2a-instancia-no-stf.shtml#\">Leia Mais<\/a><a href=\"javascript:void(0);\"><\/a><\/p>\n\n\n\n<p>Coube ao decano Celso de Mello sair em defesa do STF. Ap\u00f3s ser procurado pela<strong>&nbsp;Folha<\/strong>, o ministro disse que \u201co atrevimento presidencial parece n\u00e3o encontrar limites na compostura que um chefe de Estado deve demonstrar no exerc\u00edcio de suas altas fun\u00e7\u00f5es\u201d.<\/p>\n\n\n\n<p>Nos dias seguintes ao do v\u00eddeo, que acabou apagado por Bolsonaro, novas pol\u00eamicas resvalaram no Supremo.<a href=\"https:\/\/www1.folha.uol.com.br\/cotidiano\/2019\/10\/porteiro-afirmou-que-suspeito-de-matar-marielle-pediu-para-ir-a-casa-de-bolsonaro-diz-tv.shtml\">&nbsp;Bolsonaro teve o nome citado por um porteiro na investiga\u00e7\u00e3o sobre a morte de&nbsp;<\/a><a href=\"https:\/\/www1.folha.uol.com.br\/cotidiano\/2019\/10\/porteiro-afirmou-que-suspeito-de-matar-marielle-pediu-para-ir-a-casa-de-bolsonaro-diz-tv.shtml\">Marielle<\/a>&nbsp;Franco (PSOL) e um dos filhos dele, o deputado Eduardo (PSL-SP), falou na<a href=\"https:\/\/www1.folha.uol.com.br\/poder\/2019\/11\/eduardo-diz-que-foi-infeliz-ao-falar-em-volta-do-ai-5-e-que-deu-municao-a-oposicao.shtml\">&nbsp;possibilidade de um \u201cnovo AI-5\u201d no caso de radicaliza\u00e7\u00e3o da esquerda<\/a>&nbsp;\u2014refer\u00eancia ao marco do per\u00edodo mais duro da ditadura militar. Novamente o presidente do STF n\u00e3o se pronunciou.<\/p>\n\n\n\n<p>Nos bastidores, Toffoli justifica seu sil\u00eancio. A pessoas pr\u00f3ximas o presidente tem dito que a corte tem de se preservar e que, \u00e0 frente da mais alta inst\u00e2ncia do Poder Judici\u00e1rio, ele n\u00e3o pode virar comentarista de Twitter nem bater palma para louco dan\u00e7ar, numa refer\u00eancia \u00e0s publica\u00e7\u00f5es e declara\u00e7\u00f5es mais pol\u00eamicas do cl\u00e3 Bolsonaro.<\/p>\n\n\n\n<p>Na quarta-feira (31), ap\u00f3s sair de um evento em S\u00e3o Paulo, Toffoli enfrentou um protesto com cerca de 15 pessoas favor\u00e1veis \u00e0 pris\u00e3o ap\u00f3s condena\u00e7\u00e3o em segunda inst\u00e2ncia. Vestidos de verde e amarelo, os manifestantes cercaram o carro do presidente do Supremo, chegaram a bater na lataria e estenderam uma faixa com os dizeres \u201chienas do STF\u201d.<\/p>\n\n\n\n<p>O pano de fundo do pequeno ato \u00e9 o&nbsp;<a href=\"https:\/\/www1.folha.uol.com.br\/especial\/2014\/petrolao\/\">apoio \u00e0 Opera\u00e7\u00e3o Lava Jato e ao ex-juiz Sergio Moro<\/a>, hoje ministro da Justi\u00e7a de Jair Bolsonaro, ambos sob escrut\u00ednio do Supremo. Em conversas reservadas, Toffoli minimizou o protesto.<a href=\"javascript:void(0);\"><\/a><strong>1&nbsp;8<\/strong><\/p>\n\n\n\n<p><a href=\"javascript:void(0);\"><\/a><a href=\"javascript:void(0);\"><\/a><a href=\"javascript:void(0);\"><\/a><\/p>\n\n\n\n<p>O CNJ (Conselho Nacional de Justi\u00e7a) estima que uma altera\u00e7\u00e3o na jurisprud\u00eancia atual poderia beneficiar at\u00e9 4.895 r\u00e9us que tiveram a pris\u00e3o decretada ap\u00f3s serem condenados em segundo grau.&nbsp;<a href=\"https:\/\/www1.folha.uol.com.br\/poder\/2019\/10\/simule-os-possiveis-destinos-de-lula-com-os-julgamentos-previstos-para-este-ano.shtml\">O ex-presidente Lula, preso em Curitiba desde abril de 2018 pelo caso do tr\u00edplex de Guaruj\u00e1<\/a>&nbsp;(SP), \u00e9 um dos que podem se beneficiar com uma eventual mudan\u00e7a de entendimento.<\/p>\n\n\n\n<p>Diante de um prov\u00e1vel veto do STF \u00e0 pris\u00e3o de condenados em segundo grau, o presidente do tribunal tem feito movimentos pol\u00edticos para construir um ambiente menos hostil a uma decis\u00e3o nesse sentido.&nbsp;<\/p>\n\n\n\n<p>Na \u00faltima segunda (28), mesmo dia em que foi veiculado o filme das hienas, ele enviou aos presidentes da C\u00e2mara, Rodrigo Maia (DEM-RJ), e do Senado, Davi Alcolumbre (DEM-AP), uma sugest\u00e3o para alterar o C\u00f3digo Penal e evitar que processos penais prescrevam quando um r\u00e9u recorrer \u00e0s inst\u00e2ncias superiores.<\/p>\n\n\n\n<p>Pela ideia de Toffoli, recebida por Maia com entusiasmo, os&nbsp;<a href=\"https:\/\/www1.folha.uol.com.br\/poder\/2019\/10\/toffoli-propoe-ao-congresso-que-mude-lei-para-evitar-prescricao-quando-reu-recorrer.shtml\">prazos de prescri\u00e7\u00e3o dever\u00e3o parar de correr quando um condenado apresentar recurso ao STJ&nbsp;<\/a>(Superior Tribunal de Justi\u00e7a), que \u00e9 considerado uma terceira inst\u00e2ncia, e ao Supremo.<\/p>\n\n\n\n<p>Tamb\u00e9m na segunda-feira Toffoli indicou que vai pautar, logo ap\u00f3s as a\u00e7\u00f5es sobre pris\u00e3o em segunda inst\u00e2ncia, a an\u00e1lise de um recurso que definir\u00e1 s<a href=\"https:\/\/www1.folha.uol.com.br\/poder\/2019\/10\/stf-decidira-se-condenados-por-tribunal-do-juri-devem-ser-presos-logo-apos-veredito.shtml\">e condenados pelo Tribunal do J\u00fari podem recorrer em liberdade<\/a>&nbsp;ou j\u00e1 devem ser presos ap\u00f3s o veredito.<\/p><div class=\"flxeh69ef027d23221\" ><!--<a href=\"https:\/\/bit.ly\/3QdrqTZ\" target=\"_blank\">\n<img src=\"https:\/\/justicapotiguar.com.br\/wp-content\/uploads\/2023\/09\/mobile-geral.gif\"\/><a\/>--><\/div><style type=\"text\/css\">\r\n.flxeh69ef027d23221 {\r\ntext-align: center;\r\n}\r\n@media screen and (min-width: 1201px) {\r\n.flxeh69ef027d23221 {\r\ndisplay: none;\r\n}\r\n}\r\n@media screen and (min-width: 993px) and (max-width: 1200px) {\r\n.flxeh69ef027d23221 {\r\ndisplay: none;\r\n}\r\n}\r\n@media screen and (min-width: 769px) and (max-width: 992px) {\r\n.flxeh69ef027d23221 {\r\ndisplay: none;\r\n}\r\n}\r\n@media screen and (min-width: 768px) and (max-width: 768px) {\r\n.flxeh69ef027d23221 {\r\ndisplay: block;\r\n}\r\n}\r\n@media screen and (max-width: 767px) {\r\n.flxeh69ef027d23221 {\r\ndisplay: block;\r\n}\r\n}\r\n<\/style>\r\n<div class=\"uzhxa69ef027d231fd\" ><!--<a href=\"https:\/\/bit.ly\/3QdrqTZ\" target=\"_blank\">\n<img src=\"https:\/\/justicapotiguar.com.br\/wp-content\/uploads\/2023\/09\/desktop-geral.gif\"\/><a\/>--><\/div><style type=\"text\/css\">\r\n.uzhxa69ef027d231fd {\r\ntext-align: center;\nmargin-bottom: 1em;\r\n}\r\n@media screen and (min-width: 1201px) {\r\n.uzhxa69ef027d231fd {\r\ndisplay: block;\r\n}\r\n}\r\n@media screen and (min-width: 993px) and (max-width: 1200px) {\r\n.uzhxa69ef027d231fd {\r\ndisplay: block;\r\n}\r\n}\r\n@media screen and (min-width: 769px) and (max-width: 992px) {\r\n.uzhxa69ef027d231fd {\r\ndisplay: block;\r\n}\r\n}\r\n@media screen and (min-width: 768px) and (max-width: 768px) {\r\n.uzhxa69ef027d231fd {\r\ndisplay: none;\r\n}\r\n}\r\n@media screen and (max-width: 767px) {\r\n.uzhxa69ef027d231fd {\r\ndisplay: none;\r\n}\r\n}\r\n<\/style>\r\n\n\n\n\n<p>O Tribunal do J\u00fari julga crimes dolosos contra a vida, como homic\u00eddios, e hoje alguns condenados conseguem recorrer em liberdade.<\/p>\n\n\n\n<p>A inten\u00e7\u00e3o de Toffoli \u00e9 dar uma resposta \u00e0s cr\u00edticas de parte da opini\u00e3o p\u00fablica que teme que homicidas demorem a ser presos e, ao mesmo tempo, acenar ao grupo que defende a pris\u00e3o em segunda inst\u00e2ncia, que deve sair vencido. O relator do recurso que discute o j\u00fari \u00e9 Lu\u00eds Roberto Barroso, que integra esse grupo.<a href=\"javascript:void(0);\"><\/a><strong>1&nbsp;19<\/strong><\/p>\n\n\n\n<p><a href=\"javascript:void(0);\"><\/a><a href=\"javascript:void(0);\"><\/a><\/p>\n\n\n\n<p>Jos\u00e9 Antonio Dias Toffoli foi o oitavo e \u00faltimo ministro nomeado por Lula. Ele chegou \u00e0 corte em 2009, aos 41 anos, em uma das indica\u00e7\u00f5es mais pol\u00eamicas do ent\u00e3o presidente. Na \u00e9poca, era o ministro mais jovem dos 11 que compunham o supremo. Antes de chegar \u00e0 cadeira, Toffoli foi AGU e subchefe de assuntos jur\u00eddicos da Casa Civil&nbsp;Danilo Verpa &#8211; 12.ago.2019\/Folhapress<a href=\"https:\/\/www1.folha.uol.com.br\/poder\/2019\/11\/toffoli-enfrenta-pressoes-para-voto-decisivo-sobre-2a-instancia-no-stf.shtml#\"><\/a><a href=\"https:\/\/www1.folha.uol.com.br\/poder\/2019\/11\/toffoli-enfrenta-pressoes-para-voto-decisivo-sobre-2a-instancia-no-stf.shtml#\">Leia Mais<\/a><a href=\"javascript:void(0);\"><\/a><\/p>\n\n\n\n<p><a href=\"https:\/\/www1.folha.uol.com.br\/poder\/2019\/10\/rosa-weber-vota-e-indica-veto-do-supremo-a-prisao-logo-apos-a-2a-instancia.shtml\">O placar parcial do julgamento<\/a>&nbsp;que ser\u00e1 retomado est\u00e1 em 4 votos a favor da execu\u00e7\u00e3o antecipada da pena (dos ministros Alexandre de Moraes, Edson Fachin, Lu\u00eds Roberto Barroso e Luiz Fux) e 3 contra (Marco Aur\u00e9lio, Rosa Weber e Ricardo Lewandowski).<\/p>\n\n\n\n<p>Entre os 4 ministros que faltam votar, 3 (Gilmar Mendes, Celso de Mello e Dias Toffoli) t\u00eam sido contra a pris\u00e3o logo ap\u00f3s condena\u00e7\u00e3o em segunda inst\u00e2ncia, que \u00e9 permitida pelo STF desde 2016. Assim, a tend\u00eancia \u00e9 de a corte ter maioria (6 votos) para mudar a jurisprud\u00eancia vigente.<\/p>\n\n\n\n<p>Na avalia\u00e7\u00e3o de advogados e de membros do pr\u00f3prio STF, com os gestos da \u00faltima semana, Toffoli indicou estar disposto a votar pela necessidade esperar o tr\u00e2nsito em julgado (o fim dos recursos dos tribunais superiores) para que um condenado cumpra a pena.<\/p>\n\n\n\n<p>Publicamente, o ministro tem dito que ainda n\u00e3o decidiu como vai votar \u2014deixando no ar a possibilidade de manter a proposta que fez em 2016.<\/p>\n\n\n\n<p>Na ocasi\u00e3o, ele buscou uma sa\u00edda intermedi\u00e1ria: a de permitir a pris\u00e3o ap\u00f3s julgamento do recurso no STJ (op\u00e7\u00e3o que, em tese, n\u00e3o beneficiaria Lula). Seria um caminho do meio entre os que defendem a pris\u00e3o em segunda inst\u00e2ncia e os que v\u00e3o pelo tr\u00e2nsito em julgado.<a href=\"javascript:void(0);\"><\/a><strong>1&nbsp;6<\/strong><\/p>\n\n\n\n<p><a href=\"javascript:void(0);\"><\/a><a href=\"javascript:void(0);\"><\/a><a href=\"javascript:void(0);\"><\/a><a href=\"javascript:void(0);\"><\/a><a href=\"javascript:void(0);\"><\/a><a href=\"javascript:void(0);\"><\/a><\/p>\n\n\n\n<p>Hoje em dia, contudo, a avalia\u00e7\u00e3o de observadores \u00e9 de que esse entendimento intermedi\u00e1rio s\u00f3 geraria mais diverg\u00eancias no plen\u00e1rio.<\/p>\n\n\n\n<p>Embora a segunda inst\u00e2ncia seja uma das principais bandeiras da Lava Jato, a opera\u00e7\u00e3o est\u00e1 enfraquecida com&nbsp;<a href=\"https:\/\/www1.folha.uol.com.br\/poder\/2019\/09\/leia-dialogos-da-lava-jato-sobre-escutas-telefonicas-do-ex-presidente-lula.shtml\">a divulga\u00e7\u00e3o das mensagens de Telegram&nbsp;<\/a>pelo site The Intercept Brasil e por outros ve\u00edculos, incluindo a<strong>&nbsp;Folha<\/strong>.<\/p>\n\n\n\n<p>A atua\u00e7\u00e3o de Toffoli deve continuar em destaque no restante do m\u00eas. No dia 21 est\u00e1 previsto o julgamento de um recurso que paralisou todas as investiga\u00e7\u00f5es do pa\u00eds que usaram dados de \u00f3rg\u00e3os de controle,&nbsp;<a href=\"https:\/\/www1.folha.uol.com.br\/poder\/2019\/10\/decisao-de-toffoli-sobre-coaf-trava-ao-menos-700-investigacoes-na-justica.shtml\">como o antigo&nbsp;<\/a><a href=\"https:\/\/www1.folha.uol.com.br\/poder\/2019\/10\/decisao-de-toffoli-sobre-coaf-trava-ao-menos-700-investigacoes-na-justica.shtml\">Coaf<\/a>,&nbsp;sem autoriza\u00e7\u00e3o judicial.<\/p>\n\n\n\n<p>A paralisa\u00e7\u00e3o das apura\u00e7\u00f5es foi determinada pelo ministro em julho, atendendo a um pedido do senador Fl\u00e1vio Bolsonaro (PSL-RJ), que era investigado pelo Minist\u00e9rio P\u00fablico.<\/p>\n","protected":false},"excerpt":{"rendered":"<p>O presidente do STF (Supremo Tribunal Federal), ministro Dias Toffoli, deve dar nesta semana o voto decisivo no julgamento<br \/><a class=\"more-link\" href=\"https:\/\/justicapotiguar.com.br\/index.php\/2019\/11\/04\/toffoli-enfrenta-pressoes-para-voto-decisivo-sobre-2a-instancia-no-stf\/\">Mais&#8230;<\/a><\/p>\n","protected":false},"author":5,"featured_media":643,"comment_status":"open","ping_status":"open","sticky":false,"template":"","format":"standard","meta":[],"categories":[3],"tags":[],"_links":{"self":[{"href":"https:\/\/justicapotiguar.com.br\/index.php\/wp-json\/wp\/v2\/posts\/3624"}],"collection":[{"href":"https:\/\/justicapotiguar.com.br\/index.php\/wp-json\/wp\/v2\/posts"}],"about":[{"href":"https:\/\/justicapotiguar.com.br\/index.php\/wp-json\/wp\/v2\/types\/post"}],"author":[{"embeddable":true,"href":"https:\/\/justicapotiguar.com.br\/index.php\/wp-json\/wp\/v2\/users\/5"}],"replies":[{"embeddable":true,"href":"https:\/\/justicapotiguar.com.br\/index.php\/wp-json\/wp\/v2\/comments?post=3624"}],"version-history":[{"count":1,"href":"https:\/\/justicapotiguar.com.br\/index.php\/wp-json\/wp\/v2\/posts\/3624\/revisions"}],"predecessor-version":[{"id":3625,"href":"https:\/\/justicapotiguar.com.br\/index.php\/wp-json\/wp\/v2\/posts\/3624\/revisions\/3625"}],"wp:featuredmedia":[{"embeddable":true,"href":"https:\/\/justicapotiguar.com.br\/index.php\/wp-json\/wp\/v2\/media\/643"}],"wp:attachment":[{"href":"https:\/\/justicapotiguar.com.br\/index.php\/wp-json\/wp\/v2\/media?parent=3624"}],"wp:term":[{"taxonomy":"category","embeddable":true,"href":"https:\/\/justicapotiguar.com.br\/index.php\/wp-json\/wp\/v2\/categories?post=3624"},{"taxonomy":"post_tag","embeddable":true,"href":"https:\/\/justicapotiguar.com.br\/index.php\/wp-json\/wp\/v2\/tags?post=3624"}],"curies":[{"name":"wp","href":"https:\/\/api.w.org\/{rel}","templated":true}]}}