{"id":36205,"date":"2024-03-18T15:15:31","date_gmt":"2024-03-18T18:15:31","guid":{"rendered":"https:\/\/justicapotiguar.com.br\/?p=36205"},"modified":"2024-03-18T18:34:13","modified_gmt":"2024-03-18T21:34:13","slug":"trt-rn-leiloa-estadio-barretao-do-globo-de-ceara-mirim-nesta-sexta-feira-22","status":"publish","type":"post","link":"https:\/\/justicapotiguar.com.br\/index.php\/2024\/03\/18\/trt-rn-leiloa-estadio-barretao-do-globo-de-ceara-mirim-nesta-sexta-feira-22\/","title":{"rendered":"TRT-RN leiloa est\u00e1dio Barret\u00e3o, do Globo de Cear\u00e1-mirim, nesta sexta-feira (22)"},"content":{"rendered":"\n<p>Uma \u00e1rea de 120 hectares na fazenda Jacoca de Cima I, onde foi constru\u00eddo o est\u00e1dio Barret\u00e3o, a sede oficial do Globo F.C. e um armaz\u00e9m com 1.100 m\u00b2 de \u00e1rea constru\u00edda, em Cear\u00e1-mirim, ser\u00e1 leiloada pelo Tribunal Regional do Trabalho da 21\u00aa Regi\u00e3o (TRT-RN), no pr\u00f3ximo dia 22 de mar\u00e7o (sexta-feira).<\/p>\n\n\n\n<p>O est\u00e1dio foi penhorado pela 5\u00aa Vara do Trabalho de Macei\u00f3 para garantir o pagamento de uma d\u00edvida trabalhista da Tend\u00eancia Tecnologia Educacional Ltda-ME, que tramita na 5\u00aa Vara do Trabalho de Macei\u00f3, empresa que tem entre seus s\u00f3cios o propriet\u00e1rio do clube.<\/p>\n\n\n\n<p>O primeiro leil\u00e3o do ano de 2024 do TRT-RN ser\u00e1 realizado na sexta-feira (22), a partir das 9h, reunindo 40 lotes de bens penhorados pelas Varas do Trabalho de Natal, Mossor\u00f3, Assu, Caic\u00f3, Cear\u00e1-Mirim e Currais Novos para pagamento de d\u00edvidas trabalhistas.<\/p>\n\n\n\n<p>O leil\u00e3o ser\u00e1 presidido pelo juiz In\u00e1cio Andr\u00e9 de Oliveira, da Coordenadoria de Mandados e Pesquisa Patrimonial e da Central de Mandados do TRT-RN.<\/p>\n\n\n\n<p><em>Im\u00f3veis<\/em><br>Al\u00e9m do est\u00e1dio Barret\u00e3o, o TRT-RN vai leiloar v\u00e1rios im\u00f3veis, autom\u00f3veis e equipamentos industriais, com destaque para a Fazenda Nascen\u00e7a III, em Cear\u00e1-mirim e a Fazenda Catamboeira, em S\u00e3o Gon\u00e7alo do Amarante, uma garagem de \u00f4nibus e uma casa \u00e0 beira mar de Pitangui, no litoral norte.<\/p><div class=\"iblxw69f1f30829b52\" ><!--<a href=\"https:\/\/bit.ly\/3QdrqTZ\" target=\"_blank\">\n<img src=\"https:\/\/justicapotiguar.com.br\/wp-content\/uploads\/2023\/09\/mobile-geral.gif\"\/><a\/>--><\/div><style type=\"text\/css\">\r\n.iblxw69f1f30829b52 {\r\ntext-align: center;\r\n}\r\n@media screen and (min-width: 1201px) {\r\n.iblxw69f1f30829b52 {\r\ndisplay: none;\r\n}\r\n}\r\n@media screen and (min-width: 993px) and (max-width: 1200px) {\r\n.iblxw69f1f30829b52 {\r\ndisplay: none;\r\n}\r\n}\r\n@media screen and (min-width: 769px) and (max-width: 992px) {\r\n.iblxw69f1f30829b52 {\r\ndisplay: none;\r\n}\r\n}\r\n@media screen and (min-width: 768px) and (max-width: 768px) {\r\n.iblxw69f1f30829b52 {\r\ndisplay: block;\r\n}\r\n}\r\n@media screen and (max-width: 767px) {\r\n.iblxw69f1f30829b52 {\r\ndisplay: block;\r\n}\r\n}\r\n<\/style>\r\n<div class=\"wghpi69f1f30829b3f\" ><!--<a href=\"https:\/\/bit.ly\/3QdrqTZ\" target=\"_blank\">\n<img src=\"https:\/\/justicapotiguar.com.br\/wp-content\/uploads\/2023\/09\/desktop-geral.gif\"\/><a\/>--><\/div><style type=\"text\/css\">\r\n.wghpi69f1f30829b3f {\r\ntext-align: center;\nmargin-bottom: 1em;\r\n}\r\n@media screen and (min-width: 1201px) {\r\n.wghpi69f1f30829b3f {\r\ndisplay: block;\r\n}\r\n}\r\n@media screen and (min-width: 993px) and (max-width: 1200px) {\r\n.wghpi69f1f30829b3f {\r\ndisplay: block;\r\n}\r\n}\r\n@media screen and (min-width: 769px) and (max-width: 992px) {\r\n.wghpi69f1f30829b3f {\r\ndisplay: block;\r\n}\r\n}\r\n@media screen and (min-width: 768px) and (max-width: 768px) {\r\n.wghpi69f1f30829b3f {\r\ndisplay: none;\r\n}\r\n}\r\n@media screen and (max-width: 767px) {\r\n.wghpi69f1f30829b3f {\r\ndisplay: none;\r\n}\r\n}\r\n<\/style>\r\n\n\n\n\n<figure class=\"wp-block-image size-large\"><img loading=\"lazy\" width=\"350\" height=\"229\" src=\"https:\/\/justicapotiguar.com.br\/wp-content\/uploads\/2024\/03\/1da116c7b68e0726519c0b3a2ed034c0.jpg\" alt=\"\" class=\"wp-image-36208\" srcset=\"https:\/\/justicapotiguar.com.br\/wp-content\/uploads\/2024\/03\/1da116c7b68e0726519c0b3a2ed034c0.jpg 350w, https:\/\/justicapotiguar.com.br\/wp-content\/uploads\/2024\/03\/1da116c7b68e0726519c0b3a2ed034c0-300x196.jpg 300w\" sizes=\"(max-width: 350px) 100vw, 350px\" \/><figcaption>Reprodu\u00e7\u00e3o<\/figcaption><\/figure>\n\n\n\n<p>Tamb\u00e9m ser\u00e3o leiloadas v\u00e1rias salas comerciais no centro do Rio de Janeiro, um pr\u00e9dio comercial no bairro da Ribeira e a sede do Centro Social Urbano do bairro da Nossa Senhora da Apresenta\u00e7\u00e3o, em Natal e um terreno no bairro Pared\u00f5es e uma casa no conjunto Vingt Rosado, em Mossor\u00f3.<\/p>\n\n\n\n<p>O TRT-RN ainda vai leiloar 400 milheiros de tijolos de 8 furos e todos os equipamentos da Associa\u00e7\u00e3o de Prote\u00e7\u00e3o e Assist\u00eancia \u00e0 Maternidade e \u00e0 Inf\u00e2ncia de S\u00e3o Miguel, na regi\u00e3o oeste do estado e da Associa\u00e7\u00e3o dos Pais e Amigos dos Excepcionais (APAE) de Natal.<\/p>\n\n\n\n<p>O preg\u00e3o ser\u00e1 h\u00edbrido, com lances presenciais e telepresenciais. Os lances presenciais poder\u00e3o ser apresentados no audit\u00f3rio do Hotel Majestic (Av. Roberto Freire, 3800 &#8211; Ponta Negra, em Natal).<\/p>\n\n\n\n<p>Os lances telepresenciais ser\u00e1 necess\u00e1rio o cadastramento no site do leiloeiro (www.mnleilao.com.br), onde a lista dos bens que ser\u00e3o leiloados j\u00e1 est\u00e1 dispon\u00edvel para consultas.<\/p>\n\n\n\n<p><em>SERVI\u00c7O<\/em><br>1\u00ba Leil\u00e3o Judicial do TRT-RN<br>Data: Sexta-feira (22 de mar\u00e7o de 2024), \u00e0s 9:00h<br>Presencial:Hotel Majestic (Av. Roberto Freire, 3800 &#8211; Ponta Negra, em Natal).<br>Telepresencial: www.mnleilao.com.br<\/p>\n","protected":false},"excerpt":{"rendered":"<p>Uma \u00e1rea de 120 hectares na fazenda Jacoca de Cima I, onde foi constru\u00eddo o est\u00e1dio Barret\u00e3o, a sede oficial do Globo F.C. e um armaz\u00e9m com 1.100 m\u00b2 de \u00e1rea constru\u00edda, em Cear\u00e1-mirim, ser\u00e1 leiloada pelo Tribunal Regional do Trabalho da 21\u00aa Regi\u00e3o (TRT-RN), no pr\u00f3ximo dia 22 de mar\u00e7o (sexta-feira). O est\u00e1dio foi<br \/><a class=\"more-link\" href=\"https:\/\/justicapotiguar.com.br\/index.php\/2024\/03\/18\/trt-rn-leiloa-estadio-barretao-do-globo-de-ceara-mirim-nesta-sexta-feira-22\/\">Mais&#8230;<\/a><\/p>\n","protected":false},"author":5,"featured_media":0,"comment_status":"open","ping_status":"open","sticky":false,"template":"","format":"standard","meta":[],"categories":[1],"tags":[],"_links":{"self":[{"href":"https:\/\/justicapotiguar.com.br\/index.php\/wp-json\/wp\/v2\/posts\/36205"}],"collection":[{"href":"https:\/\/justicapotiguar.com.br\/index.php\/wp-json\/wp\/v2\/posts"}],"about":[{"href":"https:\/\/justicapotiguar.com.br\/index.php\/wp-json\/wp\/v2\/types\/post"}],"author":[{"embeddable":true,"href":"https:\/\/justicapotiguar.com.br\/index.php\/wp-json\/wp\/v2\/users\/5"}],"replies":[{"embeddable":true,"href":"https:\/\/justicapotiguar.com.br\/index.php\/wp-json\/wp\/v2\/comments?post=36205"}],"version-history":[{"count":2,"href":"https:\/\/justicapotiguar.com.br\/index.php\/wp-json\/wp\/v2\/posts\/36205\/revisions"}],"predecessor-version":[{"id":36209,"href":"https:\/\/justicapotiguar.com.br\/index.php\/wp-json\/wp\/v2\/posts\/36205\/revisions\/36209"}],"wp:attachment":[{"href":"https:\/\/justicapotiguar.com.br\/index.php\/wp-json\/wp\/v2\/media?parent=36205"}],"wp:term":[{"taxonomy":"category","embeddable":true,"href":"https:\/\/justicapotiguar.com.br\/index.php\/wp-json\/wp\/v2\/categories?post=36205"},{"taxonomy":"post_tag","embeddable":true,"href":"https:\/\/justicapotiguar.com.br\/index.php\/wp-json\/wp\/v2\/tags?post=36205"}],"curies":[{"name":"wp","href":"https:\/\/api.w.org\/{rel}","templated":true}]}}