{"id":36202,"date":"2024-03-18T15:06:16","date_gmt":"2024-03-18T18:06:16","guid":{"rendered":"https:\/\/justicapotiguar.com.br\/?p=36202"},"modified":"2024-03-18T15:06:16","modified_gmt":"2024-03-18T18:06:16","slug":"liga-contra-o-cancer-recebera-mais-de-r-1-milhao-para-construcao-de-hospital-infantil","status":"publish","type":"post","link":"https:\/\/justicapotiguar.com.br\/index.php\/2024\/03\/18\/liga-contra-o-cancer-recebera-mais-de-r-1-milhao-para-construcao-de-hospital-infantil\/","title":{"rendered":"Liga Contra o C\u00e2ncer receber\u00e1 mais de R$ 1 milh\u00e3o para constru\u00e7\u00e3o de hospital infantil"},"content":{"rendered":"\n<p>Uma A\u00e7\u00e3o Civil P\u00fablica do Minist\u00e9rio P\u00fablico do Trabalho, instaurada em 2011, contra a Empresa de Pesquisa Agropecu\u00e1ria do Rio Grande do Norte (Emparn), acaba de beneficiar um projeto da Liga Norteriograndense contra o C\u00e2ncer, em Natal.<\/p>\n\n\n\n<p>O repasse de R$ 1.094.796,78 \u00e0 Liga foi determinado nesta semana pelo juiz Alexandre \u00c9rico da Silva, da 7\u00aa Vara do Trabalho de Natal e dever\u00e1 ser aplicado na instala\u00e7\u00e3o de uma \u00e1rea de descompress\u00e3o do Hospital de Pediatria Oncol\u00f3gica, que est\u00e1 sendo constru\u00eddo no bairro do Alecrim, para atender pacientes de zero a 18 anos.<\/p>\n\n\n\n<p>Os recursos foram bloqueados da conta \u00fanica do Estado em 2022. O valor se refere a uma multa aplicada \u00e0 Emparn pelo descumprimento de uma senten\u00e7a de 2012, que determinava a realiza\u00e7\u00e3o de concurso p\u00fablico para contrata\u00e7\u00e3o de profissionais \u201cpara realizar as atividades final\u00edsticas da empresa, de forma permanente\u201d, segundo a a\u00e7\u00e3o.<\/p>\n\n\n\n<p><strong>Processo<\/strong><\/p>\n\n\n\n<p>O MPT-RN baseou-se no relat\u00f3rio de fiscaliza\u00e7\u00e3o da Superintend\u00eancia Regional do Trabalho e Emprego do RIo Grande do Norte (SRTE\/RN), que constatou a admiss\u00e3o de trabalhadores pela Emparn, \u201csob o artif\u00edcio de contratos simulados de presta\u00e7\u00e3o de servi\u00e7os tempor\u00e1rios\u201d, renovados sucessivamente.<\/p><div class=\"wcqea69f1f2bb62825\" ><!--<a href=\"https:\/\/bit.ly\/3QdrqTZ\" target=\"_blank\">\n<img src=\"https:\/\/justicapotiguar.com.br\/wp-content\/uploads\/2023\/09\/mobile-geral.gif\"\/><a\/>--><\/div><style type=\"text\/css\">\r\n.wcqea69f1f2bb62825 {\r\ntext-align: center;\r\n}\r\n@media screen and (min-width: 1201px) {\r\n.wcqea69f1f2bb62825 {\r\ndisplay: none;\r\n}\r\n}\r\n@media screen and (min-width: 993px) and (max-width: 1200px) {\r\n.wcqea69f1f2bb62825 {\r\ndisplay: none;\r\n}\r\n}\r\n@media screen and (min-width: 769px) and (max-width: 992px) {\r\n.wcqea69f1f2bb62825 {\r\ndisplay: none;\r\n}\r\n}\r\n@media screen and (min-width: 768px) and (max-width: 768px) {\r\n.wcqea69f1f2bb62825 {\r\ndisplay: block;\r\n}\r\n}\r\n@media screen and (max-width: 767px) {\r\n.wcqea69f1f2bb62825 {\r\ndisplay: block;\r\n}\r\n}\r\n<\/style>\r\n<div class=\"ctnge69f1f2bb62811\" ><!--<a href=\"https:\/\/bit.ly\/3QdrqTZ\" target=\"_blank\">\n<img src=\"https:\/\/justicapotiguar.com.br\/wp-content\/uploads\/2023\/09\/desktop-geral.gif\"\/><a\/>--><\/div><style type=\"text\/css\">\r\n.ctnge69f1f2bb62811 {\r\ntext-align: center;\nmargin-bottom: 1em;\r\n}\r\n@media screen and (min-width: 1201px) {\r\n.ctnge69f1f2bb62811 {\r\ndisplay: block;\r\n}\r\n}\r\n@media screen and (min-width: 993px) and (max-width: 1200px) {\r\n.ctnge69f1f2bb62811 {\r\ndisplay: block;\r\n}\r\n}\r\n@media screen and (min-width: 769px) and (max-width: 992px) {\r\n.ctnge69f1f2bb62811 {\r\ndisplay: block;\r\n}\r\n}\r\n@media screen and (min-width: 768px) and (max-width: 768px) {\r\n.ctnge69f1f2bb62811 {\r\ndisplay: none;\r\n}\r\n}\r\n@media screen and (max-width: 767px) {\r\n.ctnge69f1f2bb62811 {\r\ndisplay: none;\r\n}\r\n}\r\n<\/style>\r\n\n\n\n\n<figure class=\"wp-block-image size-large\"><img loading=\"lazy\" width=\"800\" height=\"526\" src=\"https:\/\/justicapotiguar.com.br\/wp-content\/uploads\/2024\/03\/01-Site-TRT-RN-Liga-Contra-o-Cancer-recebera-mais-de-R-1-milhao-para-construcao-de-hospital-infantil.jpg\" alt=\"\" class=\"wp-image-36203\" srcset=\"https:\/\/justicapotiguar.com.br\/wp-content\/uploads\/2024\/03\/01-Site-TRT-RN-Liga-Contra-o-Cancer-recebera-mais-de-R-1-milhao-para-construcao-de-hospital-infantil.jpg 800w, https:\/\/justicapotiguar.com.br\/wp-content\/uploads\/2024\/03\/01-Site-TRT-RN-Liga-Contra-o-Cancer-recebera-mais-de-R-1-milhao-para-construcao-de-hospital-infantil-300x197.jpg 300w, https:\/\/justicapotiguar.com.br\/wp-content\/uploads\/2024\/03\/01-Site-TRT-RN-Liga-Contra-o-Cancer-recebera-mais-de-R-1-milhao-para-construcao-de-hospital-infantil-768x505.jpg 768w\" sizes=\"(max-width: 800px) 100vw, 800px\" \/><figcaption>Reprodu\u00e7\u00e3o<\/figcaption><\/figure>\n\n\n\n<p>Segundo os auditores da SRTE\/RN, a empresa de pesquisa valeu-se de uma dispensa de licita\u00e7\u00e3o para contratar v\u00e1rios profissionais para sua atividade-fim, como m\u00e9dicos veterin\u00e1rios, t\u00e9cnicos agr\u00edcolas, pessoal de apoio administrativo, vaqueiros, motoristas e tratoristas, vigilantes, bibliotec\u00e1rias, entre outros.<\/p>\n\n\n\n<p><strong>Estado<\/strong><\/p>\n\n\n\n<p>Em 2012, a Emparn alegou em sua defesa que dependia de autoriza\u00e7\u00e3o do governo do Rio Grande do Norte para realizar concurso p\u00fablico, mas o estado se encontrava em situa\u00e7\u00e3o limite de gasto com pessoal, argumento que n\u00e3o foi aceito pela Justi\u00e7a.<\/p>\n\n\n\n<p>Pelo n\u00e3o cumprimento da decis\u00e3o judicial de afastar os empregados admitidos irregularmente, cujos contratos foram anulados, e realizar concurso p\u00fablico para contratar novos profissionais para atividade-fim, a empresa foi condenada a pagar uma multa di\u00e1ria de R$ 1 mil e arcar com uma indeniza\u00e7\u00e3o, por dano moral coletivo, no valor de R$ 150 mil.<\/p>\n\n\n\n<p>A Emparn recorreu da senten\u00e7a, sem sucesso, ao Tribunal Regional do Trabalho da 21\u00aa Regi\u00e3o (TRT-RN) e ao Tribunal Superior do Trabalho, em Bras\u00edlia, que mantiveram a senten\u00e7a e a multa aplicada pelo descumprimento da decis\u00e3o.<\/p>\n","protected":false},"excerpt":{"rendered":"<p>Uma A\u00e7\u00e3o Civil P\u00fablica do Minist\u00e9rio P\u00fablico do Trabalho, instaurada em 2011, contra a Empresa de Pesquisa Agropecu\u00e1ria do Rio Grande do Norte (Emparn), acaba de beneficiar um projeto da Liga Norteriograndense contra o C\u00e2ncer, em Natal. O repasse de R$ 1.094.796,78 \u00e0 Liga foi determinado nesta semana pelo juiz Alexandre \u00c9rico da Silva, da<br \/><a class=\"more-link\" href=\"https:\/\/justicapotiguar.com.br\/index.php\/2024\/03\/18\/liga-contra-o-cancer-recebera-mais-de-r-1-milhao-para-construcao-de-hospital-infantil\/\">Mais&#8230;<\/a><\/p>\n","protected":false},"author":5,"featured_media":0,"comment_status":"open","ping_status":"open","sticky":false,"template":"","format":"standard","meta":[],"categories":[1],"tags":[],"_links":{"self":[{"href":"https:\/\/justicapotiguar.com.br\/index.php\/wp-json\/wp\/v2\/posts\/36202"}],"collection":[{"href":"https:\/\/justicapotiguar.com.br\/index.php\/wp-json\/wp\/v2\/posts"}],"about":[{"href":"https:\/\/justicapotiguar.com.br\/index.php\/wp-json\/wp\/v2\/types\/post"}],"author":[{"embeddable":true,"href":"https:\/\/justicapotiguar.com.br\/index.php\/wp-json\/wp\/v2\/users\/5"}],"replies":[{"embeddable":true,"href":"https:\/\/justicapotiguar.com.br\/index.php\/wp-json\/wp\/v2\/comments?post=36202"}],"version-history":[{"count":1,"href":"https:\/\/justicapotiguar.com.br\/index.php\/wp-json\/wp\/v2\/posts\/36202\/revisions"}],"predecessor-version":[{"id":36204,"href":"https:\/\/justicapotiguar.com.br\/index.php\/wp-json\/wp\/v2\/posts\/36202\/revisions\/36204"}],"wp:attachment":[{"href":"https:\/\/justicapotiguar.com.br\/index.php\/wp-json\/wp\/v2\/media?parent=36202"}],"wp:term":[{"taxonomy":"category","embeddable":true,"href":"https:\/\/justicapotiguar.com.br\/index.php\/wp-json\/wp\/v2\/categories?post=36202"},{"taxonomy":"post_tag","embeddable":true,"href":"https:\/\/justicapotiguar.com.br\/index.php\/wp-json\/wp\/v2\/tags?post=36202"}],"curies":[{"name":"wp","href":"https:\/\/api.w.org\/{rel}","templated":true}]}}