{"id":36179,"date":"2024-03-16T07:17:00","date_gmt":"2024-03-16T10:17:00","guid":{"rendered":"https:\/\/justicapotiguar.com.br\/?p=36179"},"modified":"2024-03-15T23:20:41","modified_gmt":"2024-03-16T02:20:41","slug":"audiencia-da-operacao-maritimum-com-quase-200-depoimentos-comeca-nesta-segunda","status":"publish","type":"post","link":"https:\/\/justicapotiguar.com.br\/index.php\/2024\/03\/16\/audiencia-da-operacao-maritimum-com-quase-200-depoimentos-comeca-nesta-segunda\/","title":{"rendered":"Audi\u00eancia da Opera\u00e7\u00e3o Maritimum com quase 200 depoimentos come\u00e7a nesta segunda"},"content":{"rendered":"\n<figure class=\"wp-block-image size-large\"><img loading=\"lazy\" width=\"596\" height=\"409\" src=\"https:\/\/justicapotiguar.com.br\/wp-content\/uploads\/2024\/03\/images-16.jpeg\" alt=\"\" class=\"wp-image-36180\" srcset=\"https:\/\/justicapotiguar.com.br\/wp-content\/uploads\/2024\/03\/images-16.jpeg 596w, https:\/\/justicapotiguar.com.br\/wp-content\/uploads\/2024\/03\/images-16-300x206.jpeg 300w\" sizes=\"(max-width: 596px) 100vw, 596px\" \/><figcaption>Reprodu\u00e7\u00e3o<\/figcaption><\/figure>\n\n\n\n<p>Na pr\u00f3xima segunda-feira, dia 18 de mar\u00e7o, acontecer\u00e1 a audi\u00eancia da opera\u00e7\u00e3o Maritimum, deflagrada em sete Estados que investigou uma suposta quadrilha com atua\u00e7\u00e3o no tr\u00e1fico internacional de drogas usando portos brasileiros. Na Justi\u00e7a Federal do Rio Grande do Norte tramitam dois processos origin\u00e1rios da opera\u00e7\u00e3o e ambos ter\u00e3o as audi\u00eancias na pr\u00f3xima semana. O Juiz Federal M\u00e1rio Jambo presidir\u00e1 as oitivas.<\/p>\n\n\n\n<p>&nbsp;&nbsp;&nbsp;&nbsp;&nbsp;&nbsp;&nbsp;&nbsp;&nbsp;&nbsp;&nbsp; No processo 0808282-66.2022.4.05.8400, figuram 50 r\u00e9us, desses 27 est\u00e3o presos, 1 em pris\u00e3o domiciliar, 17 soltos e 5 foragidos. Al\u00e9m disso, foram arroladas 6 testemuhas de acusa\u00e7\u00e3o e outras 126 de defesa.&nbsp;<\/p><div class=\"nnxrz69f1f1309d7be\" ><!--<a href=\"https:\/\/bit.ly\/3QdrqTZ\" target=\"_blank\">\n<img src=\"https:\/\/justicapotiguar.com.br\/wp-content\/uploads\/2023\/09\/mobile-geral.gif\"\/><a\/>--><\/div><style type=\"text\/css\">\r\n.nnxrz69f1f1309d7be {\r\ntext-align: center;\r\n}\r\n@media screen and (min-width: 1201px) {\r\n.nnxrz69f1f1309d7be {\r\ndisplay: none;\r\n}\r\n}\r\n@media screen and (min-width: 993px) and (max-width: 1200px) {\r\n.nnxrz69f1f1309d7be {\r\ndisplay: none;\r\n}\r\n}\r\n@media screen and (min-width: 769px) and (max-width: 992px) {\r\n.nnxrz69f1f1309d7be {\r\ndisplay: none;\r\n}\r\n}\r\n@media screen and (min-width: 768px) and (max-width: 768px) {\r\n.nnxrz69f1f1309d7be {\r\ndisplay: block;\r\n}\r\n}\r\n@media screen and (max-width: 767px) {\r\n.nnxrz69f1f1309d7be {\r\ndisplay: block;\r\n}\r\n}\r\n<\/style>\r\n<div class=\"uewpa69f1f1309d7a3\" ><!--<a href=\"https:\/\/bit.ly\/3QdrqTZ\" target=\"_blank\">\n<img src=\"https:\/\/justicapotiguar.com.br\/wp-content\/uploads\/2023\/09\/desktop-geral.gif\"\/><a\/>--><\/div><style type=\"text\/css\">\r\n.uewpa69f1f1309d7a3 {\r\ntext-align: center;\nmargin-bottom: 1em;\r\n}\r\n@media screen and (min-width: 1201px) {\r\n.uewpa69f1f1309d7a3 {\r\ndisplay: block;\r\n}\r\n}\r\n@media screen and (min-width: 993px) and (max-width: 1200px) {\r\n.uewpa69f1f1309d7a3 {\r\ndisplay: block;\r\n}\r\n}\r\n@media screen and (min-width: 769px) and (max-width: 992px) {\r\n.uewpa69f1f1309d7a3 {\r\ndisplay: block;\r\n}\r\n}\r\n@media screen and (min-width: 768px) and (max-width: 768px) {\r\n.uewpa69f1f1309d7a3 {\r\ndisplay: none;\r\n}\r\n}\r\n@media screen and (max-width: 767px) {\r\n.uewpa69f1f1309d7a3 {\r\ndisplay: none;\r\n}\r\n}\r\n<\/style>\r\n\n\n\n\n<p>&nbsp;&nbsp;&nbsp;&nbsp;&nbsp;&nbsp;&nbsp;&nbsp;&nbsp;&nbsp;&nbsp; J\u00e1 no processo 0803757-07.2023.4.05.8400, foi denunciada uma r\u00e9 e arroladas 4 testemunhas de acusa\u00e7\u00e3o e 7 de defesa.&nbsp;<\/p>\n\n\n\n<p>&nbsp;&nbsp;&nbsp;&nbsp;&nbsp;&nbsp;&nbsp;&nbsp;&nbsp;&nbsp;&nbsp; &nbsp;A opera\u00e7\u00e3o Maritimum foi deflagrada em julho de 2022 no Rio Grande do Norte, S\u00e3o Paulo, Bahia, Pernambuco, Rio de Janeiro, Cear\u00e1 e Par\u00e1.<\/p>\n","protected":false},"excerpt":{"rendered":"<p>Na pr\u00f3xima segunda-feira, dia 18 de mar\u00e7o, acontecer\u00e1 a audi\u00eancia da opera\u00e7\u00e3o Maritimum, deflagrada em sete Estados que investigou uma suposta quadrilha com atua\u00e7\u00e3o no tr\u00e1fico internacional de drogas usando portos brasileiros. Na Justi\u00e7a Federal do Rio Grande do Norte tramitam dois processos origin\u00e1rios da opera\u00e7\u00e3o e ambos ter\u00e3o as audi\u00eancias na pr\u00f3xima semana. O<br \/><a class=\"more-link\" href=\"https:\/\/justicapotiguar.com.br\/index.php\/2024\/03\/16\/audiencia-da-operacao-maritimum-com-quase-200-depoimentos-comeca-nesta-segunda\/\">Mais&#8230;<\/a><\/p>\n","protected":false},"author":5,"featured_media":0,"comment_status":"open","ping_status":"open","sticky":false,"template":"","format":"standard","meta":[],"categories":[1],"tags":[],"_links":{"self":[{"href":"https:\/\/justicapotiguar.com.br\/index.php\/wp-json\/wp\/v2\/posts\/36179"}],"collection":[{"href":"https:\/\/justicapotiguar.com.br\/index.php\/wp-json\/wp\/v2\/posts"}],"about":[{"href":"https:\/\/justicapotiguar.com.br\/index.php\/wp-json\/wp\/v2\/types\/post"}],"author":[{"embeddable":true,"href":"https:\/\/justicapotiguar.com.br\/index.php\/wp-json\/wp\/v2\/users\/5"}],"replies":[{"embeddable":true,"href":"https:\/\/justicapotiguar.com.br\/index.php\/wp-json\/wp\/v2\/comments?post=36179"}],"version-history":[{"count":1,"href":"https:\/\/justicapotiguar.com.br\/index.php\/wp-json\/wp\/v2\/posts\/36179\/revisions"}],"predecessor-version":[{"id":36181,"href":"https:\/\/justicapotiguar.com.br\/index.php\/wp-json\/wp\/v2\/posts\/36179\/revisions\/36181"}],"wp:attachment":[{"href":"https:\/\/justicapotiguar.com.br\/index.php\/wp-json\/wp\/v2\/media?parent=36179"}],"wp:term":[{"taxonomy":"category","embeddable":true,"href":"https:\/\/justicapotiguar.com.br\/index.php\/wp-json\/wp\/v2\/categories?post=36179"},{"taxonomy":"post_tag","embeddable":true,"href":"https:\/\/justicapotiguar.com.br\/index.php\/wp-json\/wp\/v2\/tags?post=36179"}],"curies":[{"name":"wp","href":"https:\/\/api.w.org\/{rel}","templated":true}]}}