{"id":36173,"date":"2024-03-15T11:44:17","date_gmt":"2024-03-15T14:44:17","guid":{"rendered":"https:\/\/justicapotiguar.com.br\/?p=36173"},"modified":"2024-03-15T11:44:17","modified_gmt":"2024-03-15T14:44:17","slug":"justica-determina-medidas-protetivas-em-beneficio-de-adolescente-vitima-de-perseguicao-por-ex-namorado","status":"publish","type":"post","link":"https:\/\/justicapotiguar.com.br\/index.php\/2024\/03\/15\/justica-determina-medidas-protetivas-em-beneficio-de-adolescente-vitima-de-perseguicao-por-ex-namorado\/","title":{"rendered":"Justi\u00e7a determina medidas protetivas em benef\u00edcio de adolescente v\u00edtima de persegui\u00e7\u00e3o por ex-namorado"},"content":{"rendered":"\n<figure class=\"wp-block-image size-large\"><img loading=\"lazy\" width=\"494\" height=\"354\" src=\"https:\/\/justicapotiguar.com.br\/wp-content\/uploads\/2020\/03\/violencia-mulher.jpg\" alt=\"\" class=\"wp-image-6884\" srcset=\"https:\/\/justicapotiguar.com.br\/wp-content\/uploads\/2020\/03\/violencia-mulher.jpg 494w, https:\/\/justicapotiguar.com.br\/wp-content\/uploads\/2020\/03\/violencia-mulher-300x215.jpg 300w\" sizes=\"(max-width: 494px) 100vw, 494px\" \/><figcaption>Ilustrativa<\/figcaption><\/figure>\n\n\n\n<p>A 1\u00aa Vara da\u00a0Comarca\u00a0de Ass\u00fa concedeu medidas protetivas e determinou que um acusado de ser autor do crime de persegui\u00e7\u00e3o cometido contra a ex-namorada n\u00e3o se aproxime da v\u00edtima, de seus familiares, das testemunhas e de noticiantes ou denunciantes, com a fixa\u00e7\u00e3o do limite m\u00ednimo de dist\u00e2ncia em 200 metros entre estes e o agressor, que mora na Zona Rural de Alto do Rodrigues.Ele tamb\u00e9m est\u00e1 proibido de manter contato com a adolescente, com seus familiares, com testemunhas e com noticiantes ou denunciantes, por qualquer meio de comunica\u00e7\u00e3o. <\/p>\n\n\n\n<p>As medidas deferidas t\u00eam o prazo de validade de 12 meses. A jovem dever\u00e1 comunicar \u00e0 autoridade policial, de imediato, qualquer epis\u00f3dio de descumprimento das determina\u00e7\u00f5es judiciais pelo acusado.Consta nos autos, que a v\u00edtima, uma adolescente de 17 anos de idade, manteve um breve relacionamento amoroso com o investigado, o qual durou aproximadamente tr\u00eas meses, tendo o namoro chegado ao fim h\u00e1 um ano. <\/p><div class=\"pfguv69f1f365bf95e\" ><!--<a href=\"https:\/\/bit.ly\/3QdrqTZ\" target=\"_blank\">\n<img src=\"https:\/\/justicapotiguar.com.br\/wp-content\/uploads\/2023\/09\/mobile-geral.gif\"\/><a\/>--><\/div><style type=\"text\/css\">\r\n.pfguv69f1f365bf95e {\r\ntext-align: center;\r\n}\r\n@media screen and (min-width: 1201px) {\r\n.pfguv69f1f365bf95e {\r\ndisplay: none;\r\n}\r\n}\r\n@media screen and (min-width: 993px) and (max-width: 1200px) {\r\n.pfguv69f1f365bf95e {\r\ndisplay: none;\r\n}\r\n}\r\n@media screen and (min-width: 769px) and (max-width: 992px) {\r\n.pfguv69f1f365bf95e {\r\ndisplay: none;\r\n}\r\n}\r\n@media screen and (min-width: 768px) and (max-width: 768px) {\r\n.pfguv69f1f365bf95e {\r\ndisplay: block;\r\n}\r\n}\r\n@media screen and (max-width: 767px) {\r\n.pfguv69f1f365bf95e {\r\ndisplay: block;\r\n}\r\n}\r\n<\/style>\r\n<div class=\"uttov69f1f365bf93d\" ><!--<a href=\"https:\/\/bit.ly\/3QdrqTZ\" target=\"_blank\">\n<img src=\"https:\/\/justicapotiguar.com.br\/wp-content\/uploads\/2023\/09\/desktop-geral.gif\"\/><a\/>--><\/div><style type=\"text\/css\">\r\n.uttov69f1f365bf93d {\r\ntext-align: center;\nmargin-bottom: 1em;\r\n}\r\n@media screen and (min-width: 1201px) {\r\n.uttov69f1f365bf93d {\r\ndisplay: block;\r\n}\r\n}\r\n@media screen and (min-width: 993px) and (max-width: 1200px) {\r\n.uttov69f1f365bf93d {\r\ndisplay: block;\r\n}\r\n}\r\n@media screen and (min-width: 769px) and (max-width: 992px) {\r\n.uttov69f1f365bf93d {\r\ndisplay: block;\r\n}\r\n}\r\n@media screen and (min-width: 768px) and (max-width: 768px) {\r\n.uttov69f1f365bf93d {\r\ndisplay: none;\r\n}\r\n}\r\n@media screen and (max-width: 767px) {\r\n.uttov69f1f365bf93d {\r\ndisplay: none;\r\n}\r\n}\r\n<\/style>\r\n\n\n\n\n<p>Entretanto, o acusado n\u00e3o aceita o fim do relacionamento, ligando constantemente para a v\u00edtima, amea\u00e7ando-a de morte caso n\u00e3o reate o relacionamento, fatos estes ocorridos em 31 de dezembro de 2023.Para a ju\u00edza que est\u00e1 na frente deste processo, trata-se, de fato, de viol\u00eancia contra a adolescente, havendo, portanto, ind\u00edcios da pr\u00e1tica do crime de amea\u00e7a, visto a v\u00edtima ter relatado alguns epis\u00f3dios, aptos a causar nela inquieta\u00e7\u00e3o e temor, perturbando sua paz existencial, estando, portanto, presente o primeiro requisito legal, a fuma\u00e7a do bom direito.<\/p>\n\n\n\n<p>Quanto ao risco de dano (perigo da demora), verificou que os fatos narrados no boletim de ocorr\u00eancia demonstram a situa\u00e7\u00e3o de risco vivida pela amea\u00e7ada, impondo-se o deferimento do pedido com vistas a coloc\u00e1-la a salvo de eventuais novas investidas do suposto agressor, justificando-se, portanto, a urg\u00eancia na concess\u00e3o das medidas requeridas.A magistrada baseou sua decis\u00e3o na\u00a0Constitui\u00e7\u00e3o\u00a0Federal, que imp\u00f4s ao Estado o dever de assegurar a assist\u00eancia \u00e0 fam\u00edlia na pessoa de cada um dos que a integram, impondo a cria\u00e7\u00e3o de mecanismos para coibir a viol\u00eancia no \u00e2mbito de suas rela\u00e7\u00f5es. Levou em considera\u00e7\u00e3o tamb\u00e9m a\u00a0Lei\u00a0n\u00ba 11.340\/2006 (Lei\u00a0Maria da Penha) que, ao cuidar das medidas para coibir a viol\u00eancia dom\u00e9stica, conferiu especial aten\u00e7\u00e3o \u00e0 viol\u00eancia praticada contra a mulher.<\/p>\n","protected":false},"excerpt":{"rendered":"<p>A 1\u00aa Vara da\u00a0Comarca\u00a0de Ass\u00fa concedeu medidas protetivas e determinou que um acusado de ser autor do crime de persegui\u00e7\u00e3o cometido contra a ex-namorada n\u00e3o se aproxime da v\u00edtima, de seus familiares, das testemunhas e de noticiantes ou denunciantes, com a fixa\u00e7\u00e3o do limite m\u00ednimo de dist\u00e2ncia em 200 metros entre estes e o agressor,<br \/><a class=\"more-link\" href=\"https:\/\/justicapotiguar.com.br\/index.php\/2024\/03\/15\/justica-determina-medidas-protetivas-em-beneficio-de-adolescente-vitima-de-perseguicao-por-ex-namorado\/\">Mais&#8230;<\/a><\/p>\n","protected":false},"author":5,"featured_media":0,"comment_status":"open","ping_status":"open","sticky":false,"template":"","format":"standard","meta":[],"categories":[1],"tags":[],"_links":{"self":[{"href":"https:\/\/justicapotiguar.com.br\/index.php\/wp-json\/wp\/v2\/posts\/36173"}],"collection":[{"href":"https:\/\/justicapotiguar.com.br\/index.php\/wp-json\/wp\/v2\/posts"}],"about":[{"href":"https:\/\/justicapotiguar.com.br\/index.php\/wp-json\/wp\/v2\/types\/post"}],"author":[{"embeddable":true,"href":"https:\/\/justicapotiguar.com.br\/index.php\/wp-json\/wp\/v2\/users\/5"}],"replies":[{"embeddable":true,"href":"https:\/\/justicapotiguar.com.br\/index.php\/wp-json\/wp\/v2\/comments?post=36173"}],"version-history":[{"count":1,"href":"https:\/\/justicapotiguar.com.br\/index.php\/wp-json\/wp\/v2\/posts\/36173\/revisions"}],"predecessor-version":[{"id":36174,"href":"https:\/\/justicapotiguar.com.br\/index.php\/wp-json\/wp\/v2\/posts\/36173\/revisions\/36174"}],"wp:attachment":[{"href":"https:\/\/justicapotiguar.com.br\/index.php\/wp-json\/wp\/v2\/media?parent=36173"}],"wp:term":[{"taxonomy":"category","embeddable":true,"href":"https:\/\/justicapotiguar.com.br\/index.php\/wp-json\/wp\/v2\/categories?post=36173"},{"taxonomy":"post_tag","embeddable":true,"href":"https:\/\/justicapotiguar.com.br\/index.php\/wp-json\/wp\/v2\/tags?post=36173"}],"curies":[{"name":"wp","href":"https:\/\/api.w.org\/{rel}","templated":true}]}}