{"id":36171,"date":"2024-03-15T11:40:52","date_gmt":"2024-03-15T14:40:52","guid":{"rendered":"https:\/\/justicapotiguar.com.br\/?p=36171"},"modified":"2024-03-15T11:40:52","modified_gmt":"2024-03-15T14:40:52","slug":"maioria-do-stf-atesta-erro-sobre-morador-de-rua-do-8-de-janeiro","status":"publish","type":"post","link":"https:\/\/justicapotiguar.com.br\/index.php\/2024\/03\/15\/maioria-do-stf-atesta-erro-sobre-morador-de-rua-do-8-de-janeiro\/","title":{"rendered":"Maioria do STF atesta erro sobre morador de rua do 8 de janeiro"},"content":{"rendered":"\n<figure class=\"wp-block-image size-large\"><img loading=\"lazy\" width=\"680\" height=\"453\" src=\"https:\/\/justicapotiguar.com.br\/wp-content\/uploads\/2020\/09\/stf-2.gif\" alt=\"\" class=\"wp-image-12735\"\/><figcaption>Reprodu\u00e7\u00e3o<\/figcaption><\/figure>\n\n\n\n<p>O&nbsp;<a href=\"https:\/\/www.cartacapital.com.br\/?s=stf\">Supremo Tribunal Federal<\/a>&nbsp;formou, nesta quinta-feira, 14, maioria para absolver, pela primeira vez, um dos r\u00e9us acusado pelos ataques golpistas do&nbsp;<a href=\"https:\/\/www.cartacapital.com.br\/?s=8+janeiro\">8 de Janeiro<\/a>.<\/p>\n\n\n\n<p><a href=\"https:\/\/www.cartacapital.com.br\/justica\/quem-e-o-primeiro-reu-pelo-8-de-janeiro-a-ter-sua-inocencia-defendida-por-moraes-no-stf\/\">Geraldo Filipe da Silva<\/a>\u00a0foi preso ap\u00f3s passar por cima das grades de prote\u00e7\u00e3o do Planalto e ser indicado por manifestantes como um dos homens que teria colocado fogo em uma viatura que fazia a conten\u00e7\u00e3o dos pr\u00e9dios p\u00fablicos.<\/p><div class=\"fnxch69f1f3557b5bb\" ><!--<a href=\"https:\/\/bit.ly\/3QdrqTZ\" target=\"_blank\">\n<img src=\"https:\/\/justicapotiguar.com.br\/wp-content\/uploads\/2023\/09\/mobile-geral.gif\"\/><a\/>--><\/div><style type=\"text\/css\">\r\n.fnxch69f1f3557b5bb {\r\ntext-align: center;\r\n}\r\n@media screen and (min-width: 1201px) {\r\n.fnxch69f1f3557b5bb {\r\ndisplay: none;\r\n}\r\n}\r\n@media screen and (min-width: 993px) and (max-width: 1200px) {\r\n.fnxch69f1f3557b5bb {\r\ndisplay: none;\r\n}\r\n}\r\n@media screen and (min-width: 769px) and (max-width: 992px) {\r\n.fnxch69f1f3557b5bb {\r\ndisplay: none;\r\n}\r\n}\r\n@media screen and (min-width: 768px) and (max-width: 768px) {\r\n.fnxch69f1f3557b5bb {\r\ndisplay: block;\r\n}\r\n}\r\n@media screen and (max-width: 767px) {\r\n.fnxch69f1f3557b5bb {\r\ndisplay: block;\r\n}\r\n}\r\n<\/style>\r\n<div class=\"gorsq69f1f3557b59e\" ><!--<a href=\"https:\/\/bit.ly\/3QdrqTZ\" target=\"_blank\">\n<img src=\"https:\/\/justicapotiguar.com.br\/wp-content\/uploads\/2023\/09\/desktop-geral.gif\"\/><a\/>--><\/div><style type=\"text\/css\">\r\n.gorsq69f1f3557b59e {\r\ntext-align: center;\nmargin-bottom: 1em;\r\n}\r\n@media screen and (min-width: 1201px) {\r\n.gorsq69f1f3557b59e {\r\ndisplay: block;\r\n}\r\n}\r\n@media screen and (min-width: 993px) and (max-width: 1200px) {\r\n.gorsq69f1f3557b59e {\r\ndisplay: block;\r\n}\r\n}\r\n@media screen and (min-width: 769px) and (max-width: 992px) {\r\n.gorsq69f1f3557b59e {\r\ndisplay: block;\r\n}\r\n}\r\n@media screen and (min-width: 768px) and (max-width: 768px) {\r\n.gorsq69f1f3557b59e {\r\ndisplay: none;\r\n}\r\n}\r\n@media screen and (max-width: 767px) {\r\n.gorsq69f1f3557b59e {\r\ndisplay: none;\r\n}\r\n}\r\n<\/style>\r\n\n\n\n\n<p>Morador de rua, ele ficou preso durante quase 11 meses no Complexo Penitenci\u00e1rio da Papuda, no Distrito Federal.<\/p>\n\n\n\n<p>Em seu depoimento, o acusado alegou que se aproximou da multid\u00e3o e dos pr\u00e9dios p\u00fablicos \u201cpor pura curiosidade\u201d.Segundo a defesa do preso, quando Geraldo se aproximou dos golpistas, foi confundido com um \u201cinfiltrado petista\u201d. Ele relata ter sofrido agress\u00f5es verbais dos bolsonaristas.Ao tentar fugir dos manifestantes revoltados, pulou uma barreira de prote\u00e7\u00e3o policial e, logo em seguida, foi detido.<\/p>\n","protected":false},"excerpt":{"rendered":"<p>O&nbsp;Supremo Tribunal Federal&nbsp;formou, nesta quinta-feira, 14, maioria para absolver, pela primeira vez, um dos r\u00e9us acusado pelos ataques golpistas do&nbsp;8 de Janeiro. Geraldo Filipe da Silva\u00a0foi preso ap\u00f3s passar por cima das grades de prote\u00e7\u00e3o do Planalto e ser indicado por manifestantes como um dos homens que teria colocado fogo em uma viatura que fazia<br \/><a class=\"more-link\" href=\"https:\/\/justicapotiguar.com.br\/index.php\/2024\/03\/15\/maioria-do-stf-atesta-erro-sobre-morador-de-rua-do-8-de-janeiro\/\">Mais&#8230;<\/a><\/p>\n","protected":false},"author":5,"featured_media":0,"comment_status":"open","ping_status":"open","sticky":false,"template":"","format":"standard","meta":[],"categories":[1],"tags":[],"_links":{"self":[{"href":"https:\/\/justicapotiguar.com.br\/index.php\/wp-json\/wp\/v2\/posts\/36171"}],"collection":[{"href":"https:\/\/justicapotiguar.com.br\/index.php\/wp-json\/wp\/v2\/posts"}],"about":[{"href":"https:\/\/justicapotiguar.com.br\/index.php\/wp-json\/wp\/v2\/types\/post"}],"author":[{"embeddable":true,"href":"https:\/\/justicapotiguar.com.br\/index.php\/wp-json\/wp\/v2\/users\/5"}],"replies":[{"embeddable":true,"href":"https:\/\/justicapotiguar.com.br\/index.php\/wp-json\/wp\/v2\/comments?post=36171"}],"version-history":[{"count":1,"href":"https:\/\/justicapotiguar.com.br\/index.php\/wp-json\/wp\/v2\/posts\/36171\/revisions"}],"predecessor-version":[{"id":36172,"href":"https:\/\/justicapotiguar.com.br\/index.php\/wp-json\/wp\/v2\/posts\/36171\/revisions\/36172"}],"wp:attachment":[{"href":"https:\/\/justicapotiguar.com.br\/index.php\/wp-json\/wp\/v2\/media?parent=36171"}],"wp:term":[{"taxonomy":"category","embeddable":true,"href":"https:\/\/justicapotiguar.com.br\/index.php\/wp-json\/wp\/v2\/categories?post=36171"},{"taxonomy":"post_tag","embeddable":true,"href":"https:\/\/justicapotiguar.com.br\/index.php\/wp-json\/wp\/v2\/tags?post=36171"}],"curies":[{"name":"wp","href":"https:\/\/api.w.org\/{rel}","templated":true}]}}