{"id":36167,"date":"2024-03-15T08:43:00","date_gmt":"2024-03-15T11:43:00","guid":{"rendered":"https:\/\/justicapotiguar.com.br\/?p=36167"},"modified":"2024-03-14T22:43:47","modified_gmt":"2024-03-15T01:43:47","slug":"isaura-simonetti-assume-como-desembargadora-e-passa-a-compor-o-trt-rn","status":"publish","type":"post","link":"https:\/\/justicapotiguar.com.br\/index.php\/2024\/03\/15\/isaura-simonetti-assume-como-desembargadora-e-passa-a-compor-o-trt-rn\/","title":{"rendered":"Isaura Simonetti assume como desembargadora e passa a compor o TRT-RN"},"content":{"rendered":"\n<h2><\/h2>\n\n\n\n<figure class=\"wp-block-image size-large\"><img loading=\"lazy\" width=\"400\" height=\"263\" src=\"https:\/\/justicapotiguar.com.br\/wp-content\/uploads\/2024\/03\/06-Site-Isaura-Maria-Barbalho-Simonetti-assume-como-desembargadora-e-passa-a-compor-o-TRT-RN-1.jpg\" alt=\"\" class=\"wp-image-36168\" srcset=\"https:\/\/justicapotiguar.com.br\/wp-content\/uploads\/2024\/03\/06-Site-Isaura-Maria-Barbalho-Simonetti-assume-como-desembargadora-e-passa-a-compor-o-TRT-RN-1.jpg 400w, https:\/\/justicapotiguar.com.br\/wp-content\/uploads\/2024\/03\/06-Site-Isaura-Maria-Barbalho-Simonetti-assume-como-desembargadora-e-passa-a-compor-o-TRT-RN-1-300x197.jpg 300w\" sizes=\"(max-width: 400px) 100vw, 400px\" \/><\/figure>\n\n\n\n<p>\u201cSomente o horizonte do futuro d\u00e1 a realidade a sua verdadeira dimens\u00e3o\u201d. Assim, com o pensamento do fil\u00f3sofo alem\u00e3o, Ernst Bloch, conhecido como o \u201cfil\u00f3sofo da esperan\u00e7a\u201d, que a nova desembargadora do Tribunal Regional do Trabalho da 21\u00aa Regi\u00e3o (RN), Isaura Maria Barbalho Simonetti, encerrou seu discurso de posse durante solenidade realizada na manh\u00e3 desta quinta-feira (14), no Tribunal Pleno do TRT-RN, em Natal.&nbsp;<\/p>\n\n\n\n<p>Bastante emocionada, a magistrada comentou ainda sobre a sua trajet\u00f3ria na Justi\u00e7a, que foi iniciada como formanda em Direito (1990), servidora p\u00fablica (1991 a 1993) e ju\u00edza do trabalho (a partir de 1993).&nbsp;<\/p>\n\n\n\n<p>\u201cPara mim, \u00e9 muito gratificante fazer parte do TRT da 21\u00aa Regi\u00e3o cuja miss\u00e3o, enquanto Justi\u00e7a Social, perpassa pela valoriza\u00e7\u00e3o do trabalho humano e pela garantia de exist\u00eancia digna para todos\u201d, disse a desembargadora, que fez quest\u00e3o de renovar votos com a Justi\u00e7a do Trabalho.<\/p><div class=\"slgvd69f2055dde5c3\" ><!--<a href=\"https:\/\/bit.ly\/3QdrqTZ\" target=\"_blank\">\n<img src=\"https:\/\/justicapotiguar.com.br\/wp-content\/uploads\/2023\/09\/mobile-geral.gif\"\/><a\/>--><\/div><style type=\"text\/css\">\r\n.slgvd69f2055dde5c3 {\r\ntext-align: center;\r\n}\r\n@media screen and (min-width: 1201px) {\r\n.slgvd69f2055dde5c3 {\r\ndisplay: none;\r\n}\r\n}\r\n@media screen and (min-width: 993px) and (max-width: 1200px) {\r\n.slgvd69f2055dde5c3 {\r\ndisplay: none;\r\n}\r\n}\r\n@media screen and (min-width: 769px) and (max-width: 992px) {\r\n.slgvd69f2055dde5c3 {\r\ndisplay: none;\r\n}\r\n}\r\n@media screen and (min-width: 768px) and (max-width: 768px) {\r\n.slgvd69f2055dde5c3 {\r\ndisplay: block;\r\n}\r\n}\r\n@media screen and (max-width: 767px) {\r\n.slgvd69f2055dde5c3 {\r\ndisplay: block;\r\n}\r\n}\r\n<\/style>\r\n<div class=\"gccme69f2055dde5af\" ><!--<a href=\"https:\/\/bit.ly\/3QdrqTZ\" target=\"_blank\">\n<img src=\"https:\/\/justicapotiguar.com.br\/wp-content\/uploads\/2023\/09\/desktop-geral.gif\"\/><a\/>--><\/div><style type=\"text\/css\">\r\n.gccme69f2055dde5af {\r\ntext-align: center;\nmargin-bottom: 1em;\r\n}\r\n@media screen and (min-width: 1201px) {\r\n.gccme69f2055dde5af {\r\ndisplay: block;\r\n}\r\n}\r\n@media screen and (min-width: 993px) and (max-width: 1200px) {\r\n.gccme69f2055dde5af {\r\ndisplay: block;\r\n}\r\n}\r\n@media screen and (min-width: 769px) and (max-width: 992px) {\r\n.gccme69f2055dde5af {\r\ndisplay: block;\r\n}\r\n}\r\n@media screen and (min-width: 768px) and (max-width: 768px) {\r\n.gccme69f2055dde5af {\r\ndisplay: none;\r\n}\r\n}\r\n@media screen and (max-width: 767px) {\r\n.gccme69f2055dde5af {\r\ndisplay: none;\r\n}\r\n}\r\n<\/style>\r\n\n\n\n\n<p>\u201cRenovo o prop\u00f3sito de continuar exercendo a magistratura com humildade, responsabilidade e comprometimento. Com a ci\u00eancia dos deveres inerentes da fun\u00e7\u00e3o jurisdicional e sem jamais perder a consci\u00eancia do papel do poder Judici\u00e1rio\u201d, citou Isaura Simonetti, que fez agradecimentos especiais \u00e0 sua m\u00e3e, pai, filhos, marido e todas as pessoas que, ao longo da vida, a fizeram chegar onde est\u00e1 hoje: na Corte do TRT-RN.&nbsp;<\/p>\n\n\n\n<p>\u201cSe eu vi mais longe, foi porque estava sob os ombros de gigantes, disse Isaac Newton\u201d.<\/p>\n","protected":false},"excerpt":{"rendered":"<p>\u201cSomente o horizonte do futuro d\u00e1 a realidade a sua verdadeira dimens\u00e3o\u201d. Assim, com o pensamento do fil\u00f3sofo alem\u00e3o, Ernst Bloch, conhecido como o \u201cfil\u00f3sofo da esperan\u00e7a\u201d, que a nova desembargadora do Tribunal Regional do Trabalho da 21\u00aa Regi\u00e3o (RN), Isaura Maria Barbalho Simonetti, encerrou seu discurso de posse durante solenidade realizada na manh\u00e3 desta<br \/><a class=\"more-link\" href=\"https:\/\/justicapotiguar.com.br\/index.php\/2024\/03\/15\/isaura-simonetti-assume-como-desembargadora-e-passa-a-compor-o-trt-rn\/\">Mais&#8230;<\/a><\/p>\n","protected":false},"author":5,"featured_media":0,"comment_status":"open","ping_status":"open","sticky":false,"template":"","format":"standard","meta":[],"categories":[1],"tags":[],"_links":{"self":[{"href":"https:\/\/justicapotiguar.com.br\/index.php\/wp-json\/wp\/v2\/posts\/36167"}],"collection":[{"href":"https:\/\/justicapotiguar.com.br\/index.php\/wp-json\/wp\/v2\/posts"}],"about":[{"href":"https:\/\/justicapotiguar.com.br\/index.php\/wp-json\/wp\/v2\/types\/post"}],"author":[{"embeddable":true,"href":"https:\/\/justicapotiguar.com.br\/index.php\/wp-json\/wp\/v2\/users\/5"}],"replies":[{"embeddable":true,"href":"https:\/\/justicapotiguar.com.br\/index.php\/wp-json\/wp\/v2\/comments?post=36167"}],"version-history":[{"count":1,"href":"https:\/\/justicapotiguar.com.br\/index.php\/wp-json\/wp\/v2\/posts\/36167\/revisions"}],"predecessor-version":[{"id":36169,"href":"https:\/\/justicapotiguar.com.br\/index.php\/wp-json\/wp\/v2\/posts\/36167\/revisions\/36169"}],"wp:attachment":[{"href":"https:\/\/justicapotiguar.com.br\/index.php\/wp-json\/wp\/v2\/media?parent=36167"}],"wp:term":[{"taxonomy":"category","embeddable":true,"href":"https:\/\/justicapotiguar.com.br\/index.php\/wp-json\/wp\/v2\/categories?post=36167"},{"taxonomy":"post_tag","embeddable":true,"href":"https:\/\/justicapotiguar.com.br\/index.php\/wp-json\/wp\/v2\/tags?post=36167"}],"curies":[{"name":"wp","href":"https:\/\/api.w.org\/{rel}","templated":true}]}}