{"id":36084,"date":"2024-03-08T21:59:41","date_gmt":"2024-03-09T00:59:41","guid":{"rendered":"https:\/\/justicapotiguar.com.br\/?p=36084"},"modified":"2024-03-08T21:59:41","modified_gmt":"2024-03-09T00:59:41","slug":"governo-do-rn-vai-recorrer-ao-tj-para-suspender-decisao-do-tce-que-manteve-prazo-para-aposentadoria-de-servidores-nao-concursados","status":"publish","type":"post","link":"https:\/\/justicapotiguar.com.br\/index.php\/2024\/03\/08\/governo-do-rn-vai-recorrer-ao-tj-para-suspender-decisao-do-tce-que-manteve-prazo-para-aposentadoria-de-servidores-nao-concursados\/","title":{"rendered":"Governo do RN vai recorrer ao TJ para suspender decis\u00e3o do TCE que manteve prazo para aposentadoria de servidores n\u00e3o concursados"},"content":{"rendered":"\n<figure class=\"wp-block-image size-large\"><img loading=\"lazy\" width=\"588\" height=\"472\" src=\"https:\/\/justicapotiguar.com.br\/wp-content\/uploads\/2022\/04\/tjrn.png\" alt=\"\" class=\"wp-image-25729\" srcset=\"https:\/\/justicapotiguar.com.br\/wp-content\/uploads\/2022\/04\/tjrn.png 588w, https:\/\/justicapotiguar.com.br\/wp-content\/uploads\/2022\/04\/tjrn-300x241.png 300w\" sizes=\"(max-width: 588px) 100vw, 588px\" \/><figcaption>Reprodu\u00e7\u00e3o<\/figcaption><\/figure>\n\n\n\n<p>O Governo do Rio Grande do Norte vai ingressar com mandado de seguran\u00e7a no Tribunal de Justi\u00e7a do Estado (TJRN) para suspender a decis\u00e3o do Tribunal de Contas do Estado (TCE\/RN), da \u00faltima quinta-feira (07), que manteve o entendimento sobre a ado\u00e7\u00e3o de uma data-limite para que servidores que ingressaram no servi\u00e7o p\u00fablico, sem concurso antes da Constitui\u00e7\u00e3o Federal de 1988, de se aposentarem pelo Regime Pr\u00f3prio de Previd\u00eancia Social (RPPS).<\/p>\n\n\n\n<p>O an\u00fancio foi feito pela governadora F\u00e1tima Bezerra, na tarde desta sexta-feira (08), ap\u00f3s reuni\u00e3o com o F\u00f3rum dos Servidores P\u00fablicos do Rio Grande do Norte. O encontro aconteceu na sala de reuni\u00f5es do gabinete civil do Governo, no Centro Administrativo do Estado.<\/p><div class=\"hijnv69f1cb0f86b77\" ><!--<a href=\"https:\/\/bit.ly\/3QdrqTZ\" target=\"_blank\">\n<img src=\"https:\/\/justicapotiguar.com.br\/wp-content\/uploads\/2023\/09\/mobile-geral.gif\"\/><a\/>--><\/div><style type=\"text\/css\">\r\n.hijnv69f1cb0f86b77 {\r\ntext-align: center;\r\n}\r\n@media screen and (min-width: 1201px) {\r\n.hijnv69f1cb0f86b77 {\r\ndisplay: none;\r\n}\r\n}\r\n@media screen and (min-width: 993px) and (max-width: 1200px) {\r\n.hijnv69f1cb0f86b77 {\r\ndisplay: none;\r\n}\r\n}\r\n@media screen and (min-width: 769px) and (max-width: 992px) {\r\n.hijnv69f1cb0f86b77 {\r\ndisplay: none;\r\n}\r\n}\r\n@media screen and (min-width: 768px) and (max-width: 768px) {\r\n.hijnv69f1cb0f86b77 {\r\ndisplay: block;\r\n}\r\n}\r\n@media screen and (max-width: 767px) {\r\n.hijnv69f1cb0f86b77 {\r\ndisplay: block;\r\n}\r\n}\r\n<\/style>\r\n<div class=\"ndczf69f1cb0f86b5d\" ><!--<a href=\"https:\/\/bit.ly\/3QdrqTZ\" target=\"_blank\">\n<img src=\"https:\/\/justicapotiguar.com.br\/wp-content\/uploads\/2023\/09\/desktop-geral.gif\"\/><a\/>--><\/div><style type=\"text\/css\">\r\n.ndczf69f1cb0f86b5d {\r\ntext-align: center;\nmargin-bottom: 1em;\r\n}\r\n@media screen and (min-width: 1201px) {\r\n.ndczf69f1cb0f86b5d {\r\ndisplay: block;\r\n}\r\n}\r\n@media screen and (min-width: 993px) and (max-width: 1200px) {\r\n.ndczf69f1cb0f86b5d {\r\ndisplay: block;\r\n}\r\n}\r\n@media screen and (min-width: 769px) and (max-width: 992px) {\r\n.ndczf69f1cb0f86b5d {\r\ndisplay: block;\r\n}\r\n}\r\n@media screen and (min-width: 768px) and (max-width: 768px) {\r\n.ndczf69f1cb0f86b5d {\r\ndisplay: none;\r\n}\r\n}\r\n@media screen and (max-width: 767px) {\r\n.ndczf69f1cb0f86b5d {\r\ndisplay: none;\r\n}\r\n}\r\n<\/style>\r\n\n\n\n\n<p>O mandado de seguran\u00e7a ser\u00e1 ajuizado pela Procuradoria Geral do Estado (PGE) para que o Judici\u00e1rio suspenda a data fixada de 25 de abril como prazo final para o protocolo do pedido de aposentadoria dos servidores n\u00e3o concursados que tiveram foram estabilizados com a promulga\u00e7\u00e3o da Constitui\u00e7\u00e3o de 1988. Mais de 3,6 mil servidores seriam atingidos pela decis\u00e3o do TCE, e a medida pode inviabilizar at\u00e9 mesmo a manuten\u00e7\u00e3o do atendimento no Instituto de Previd\u00eancia dos Servidores Estaduais (Ipern).<\/p>\n\n\n\n<p>Ao mesmo tempo, o Governo do Estado acompanha agravo interno junto ao Supremo Tribunal Federal (STF) contra decis\u00e3o monocr\u00e1tica do ministro Nunes Marques, da semana passada, que tamb\u00e9m busca enfrentar o Ac\u00f3rd\u00e3o do TCE\/RN que deu prazo para a aposentadoria do grupo de servidores estabilizados do Estado pelo regime pr\u00f3prio de previd\u00eancia social.<\/p>\n","protected":false},"excerpt":{"rendered":"<p>O Governo do Rio Grande do Norte vai ingressar com mandado de seguran\u00e7a no Tribunal de Justi\u00e7a do Estado (TJRN) para suspender a decis\u00e3o do Tribunal de Contas do Estado (TCE\/RN), da \u00faltima quinta-feira (07), que manteve o entendimento sobre a ado\u00e7\u00e3o de uma data-limite para que servidores que ingressaram no servi\u00e7o p\u00fablico, sem concurso<br \/><a class=\"more-link\" href=\"https:\/\/justicapotiguar.com.br\/index.php\/2024\/03\/08\/governo-do-rn-vai-recorrer-ao-tj-para-suspender-decisao-do-tce-que-manteve-prazo-para-aposentadoria-de-servidores-nao-concursados\/\">Mais&#8230;<\/a><\/p>\n","protected":false},"author":5,"featured_media":0,"comment_status":"open","ping_status":"open","sticky":false,"template":"","format":"standard","meta":[],"categories":[1],"tags":[],"_links":{"self":[{"href":"https:\/\/justicapotiguar.com.br\/index.php\/wp-json\/wp\/v2\/posts\/36084"}],"collection":[{"href":"https:\/\/justicapotiguar.com.br\/index.php\/wp-json\/wp\/v2\/posts"}],"about":[{"href":"https:\/\/justicapotiguar.com.br\/index.php\/wp-json\/wp\/v2\/types\/post"}],"author":[{"embeddable":true,"href":"https:\/\/justicapotiguar.com.br\/index.php\/wp-json\/wp\/v2\/users\/5"}],"replies":[{"embeddable":true,"href":"https:\/\/justicapotiguar.com.br\/index.php\/wp-json\/wp\/v2\/comments?post=36084"}],"version-history":[{"count":1,"href":"https:\/\/justicapotiguar.com.br\/index.php\/wp-json\/wp\/v2\/posts\/36084\/revisions"}],"predecessor-version":[{"id":36085,"href":"https:\/\/justicapotiguar.com.br\/index.php\/wp-json\/wp\/v2\/posts\/36084\/revisions\/36085"}],"wp:attachment":[{"href":"https:\/\/justicapotiguar.com.br\/index.php\/wp-json\/wp\/v2\/media?parent=36084"}],"wp:term":[{"taxonomy":"category","embeddable":true,"href":"https:\/\/justicapotiguar.com.br\/index.php\/wp-json\/wp\/v2\/categories?post=36084"},{"taxonomy":"post_tag","embeddable":true,"href":"https:\/\/justicapotiguar.com.br\/index.php\/wp-json\/wp\/v2\/tags?post=36084"}],"curies":[{"name":"wp","href":"https:\/\/api.w.org\/{rel}","templated":true}]}}