{"id":36068,"date":"2024-03-08T10:30:55","date_gmt":"2024-03-08T13:30:55","guid":{"rendered":"https:\/\/justicapotiguar.com.br\/?p=36068"},"modified":"2024-03-08T10:30:55","modified_gmt":"2024-03-08T13:30:55","slug":"ministro-do-stj-diz-que-uso-recreativo-da-maconha-tem-lado-terapeutico-assim-como-beber-vinho","status":"publish","type":"post","link":"https:\/\/justicapotiguar.com.br\/index.php\/2024\/03\/08\/ministro-do-stj-diz-que-uso-recreativo-da-maconha-tem-lado-terapeutico-assim-como-beber-vinho\/","title":{"rendered":"Ministro do STJ diz que uso recreativo da maconha tem &#8216;lado terap\u00eautico, assim como beber vinho&#8217;"},"content":{"rendered":"\n<figure class=\"wp-block-image size-large\"><img loading=\"lazy\" width=\"678\" height=\"452\" src=\"https:\/\/justicapotiguar.com.br\/wp-content\/uploads\/2024\/03\/images-8.jpeg\" alt=\"\" class=\"wp-image-36069\" srcset=\"https:\/\/justicapotiguar.com.br\/wp-content\/uploads\/2024\/03\/images-8.jpeg 678w, https:\/\/justicapotiguar.com.br\/wp-content\/uploads\/2024\/03\/images-8-300x200.jpeg 300w\" sizes=\"(max-width: 678px) 100vw, 678px\" \/><figcaption>Reprodu\u00e7\u00e3o<\/figcaption><\/figure>\n\n\n\n<p>O ministro do&nbsp;<strong>Superior Tribunal de Justi\u00e7a (STJ)<\/strong>&nbsp;<strong>Rogerio Schietti Cruz<\/strong>&nbsp;defendeu a descriminaliza\u00e7\u00e3o da maconha para uso pessoal. Um dia ap\u00f3s a&nbsp;<strong>retomada do julgamento que discute o porte de drogas<\/strong>, no&nbsp;<strong>Supremo Tribunal Federal (STF)<\/strong>,&nbsp;<strong>que acabou sendo adiado novamente<\/strong>&nbsp;a pedido do ministro&nbsp;<strong>Dias Toffoli<\/strong>, o ministro argumenta que h\u00e1 diferen\u00e7a entre tr\u00e1fico e uso pr\u00f3prio da droga, j\u00e1 que &#8220;o crime de tr\u00e1fico pressup\u00f5e uma vontade de lucrar. No recreativo, buscam-se fins psicoativos&#8221;.<\/p>\n\n\n\n<p>As declara\u00e7\u00f5es do ministro foram dadas \u00e0 revista digital Breeza, lan\u00e7ada nesta quinta-feira, 7. Atualmente, o placar do julgamento no STF \u00e9 de\u00a0<strong>cinco votos a favor e tr\u00eas contra<\/strong>. Para Cruz, &#8220;quando o Supremo decidir que \u00e9 inconstitucional punir algu\u00e9m por usar drogas, haveria uma sensibiliza\u00e7\u00e3o maior por todo o Judici\u00e1rio&#8221;.<\/p><div class=\"ijgyw69f2070307d0d\" ><!--<a href=\"https:\/\/bit.ly\/3QdrqTZ\" target=\"_blank\">\n<img src=\"https:\/\/justicapotiguar.com.br\/wp-content\/uploads\/2023\/09\/mobile-geral.gif\"\/><a\/>--><\/div><style type=\"text\/css\">\r\n.ijgyw69f2070307d0d {\r\ntext-align: center;\r\n}\r\n@media screen and (min-width: 1201px) {\r\n.ijgyw69f2070307d0d {\r\ndisplay: none;\r\n}\r\n}\r\n@media screen and (min-width: 993px) and (max-width: 1200px) {\r\n.ijgyw69f2070307d0d {\r\ndisplay: none;\r\n}\r\n}\r\n@media screen and (min-width: 769px) and (max-width: 992px) {\r\n.ijgyw69f2070307d0d {\r\ndisplay: none;\r\n}\r\n}\r\n@media screen and (min-width: 768px) and (max-width: 768px) {\r\n.ijgyw69f2070307d0d {\r\ndisplay: block;\r\n}\r\n}\r\n@media screen and (max-width: 767px) {\r\n.ijgyw69f2070307d0d {\r\ndisplay: block;\r\n}\r\n}\r\n<\/style>\r\n<div class=\"xpixq69f2070307cf4\" ><!--<a href=\"https:\/\/bit.ly\/3QdrqTZ\" target=\"_blank\">\n<img src=\"https:\/\/justicapotiguar.com.br\/wp-content\/uploads\/2023\/09\/desktop-geral.gif\"\/><a\/>--><\/div><style type=\"text\/css\">\r\n.xpixq69f2070307cf4 {\r\ntext-align: center;\nmargin-bottom: 1em;\r\n}\r\n@media screen and (min-width: 1201px) {\r\n.xpixq69f2070307cf4 {\r\ndisplay: block;\r\n}\r\n}\r\n@media screen and (min-width: 993px) and (max-width: 1200px) {\r\n.xpixq69f2070307cf4 {\r\ndisplay: block;\r\n}\r\n}\r\n@media screen and (min-width: 769px) and (max-width: 992px) {\r\n.xpixq69f2070307cf4 {\r\ndisplay: block;\r\n}\r\n}\r\n@media screen and (min-width: 768px) and (max-width: 768px) {\r\n.xpixq69f2070307cf4 {\r\ndisplay: none;\r\n}\r\n}\r\n@media screen and (max-width: 767px) {\r\n.xpixq69f2070307cf4 {\r\ndisplay: none;\r\n}\r\n}\r\n<\/style>\r\n\n\n\n\n<p>Para ele, &#8220;o Supremo est\u00e1 caminhando&#8221; e, em rela\u00e7\u00e3o \u00e0 maconha, a tend\u00eancia de considerar inconstitucional o uso pessoal ser categorizado como crime, &#8220;n\u00e3o ir\u00e1 retroceder&#8221;. O magistrado acredita que o componente moral dificulta o debate e a compreens\u00e3o acerca das diferen\u00e7as entre uso recreativo, medicinal e o tr\u00e1fico. De acordo com ele, &#8220;quando se usa a maconha recreativa, existe um lado terap\u00eautico&#8221;, assim como quando &#8220;se bebe um vinho ou se fuma um charuto, se fuma um cigarro de maconha para ter prazer&#8221;.<\/p>\n","protected":false},"excerpt":{"rendered":"<p>O ministro do&nbsp;Superior Tribunal de Justi\u00e7a (STJ)&nbsp;Rogerio Schietti Cruz&nbsp;defendeu a descriminaliza\u00e7\u00e3o da maconha para uso pessoal. Um dia ap\u00f3s a&nbsp;retomada do julgamento que discute o porte de drogas, no&nbsp;Supremo Tribunal Federal (STF),&nbsp;que acabou sendo adiado novamente&nbsp;a pedido do ministro&nbsp;Dias Toffoli, o ministro argumenta que h\u00e1 diferen\u00e7a entre tr\u00e1fico e uso pr\u00f3prio da droga, j\u00e1 que<br \/><a class=\"more-link\" href=\"https:\/\/justicapotiguar.com.br\/index.php\/2024\/03\/08\/ministro-do-stj-diz-que-uso-recreativo-da-maconha-tem-lado-terapeutico-assim-como-beber-vinho\/\">Mais&#8230;<\/a><\/p>\n","protected":false},"author":5,"featured_media":0,"comment_status":"open","ping_status":"open","sticky":false,"template":"","format":"standard","meta":[],"categories":[1],"tags":[],"_links":{"self":[{"href":"https:\/\/justicapotiguar.com.br\/index.php\/wp-json\/wp\/v2\/posts\/36068"}],"collection":[{"href":"https:\/\/justicapotiguar.com.br\/index.php\/wp-json\/wp\/v2\/posts"}],"about":[{"href":"https:\/\/justicapotiguar.com.br\/index.php\/wp-json\/wp\/v2\/types\/post"}],"author":[{"embeddable":true,"href":"https:\/\/justicapotiguar.com.br\/index.php\/wp-json\/wp\/v2\/users\/5"}],"replies":[{"embeddable":true,"href":"https:\/\/justicapotiguar.com.br\/index.php\/wp-json\/wp\/v2\/comments?post=36068"}],"version-history":[{"count":1,"href":"https:\/\/justicapotiguar.com.br\/index.php\/wp-json\/wp\/v2\/posts\/36068\/revisions"}],"predecessor-version":[{"id":36070,"href":"https:\/\/justicapotiguar.com.br\/index.php\/wp-json\/wp\/v2\/posts\/36068\/revisions\/36070"}],"wp:attachment":[{"href":"https:\/\/justicapotiguar.com.br\/index.php\/wp-json\/wp\/v2\/media?parent=36068"}],"wp:term":[{"taxonomy":"category","embeddable":true,"href":"https:\/\/justicapotiguar.com.br\/index.php\/wp-json\/wp\/v2\/categories?post=36068"},{"taxonomy":"post_tag","embeddable":true,"href":"https:\/\/justicapotiguar.com.br\/index.php\/wp-json\/wp\/v2\/tags?post=36068"}],"curies":[{"name":"wp","href":"https:\/\/api.w.org\/{rel}","templated":true}]}}