{"id":36064,"date":"2024-03-08T07:47:00","date_gmt":"2024-03-08T10:47:00","guid":{"rendered":"https:\/\/justicapotiguar.com.br\/?p=36064"},"modified":"2024-03-07T22:49:22","modified_gmt":"2024-03-08T01:49:22","slug":"justica-determina-que-estado-realize-reforma-de-quadra-poliesportiva-de-escola-estadual-em-parnamirim","status":"publish","type":"post","link":"https:\/\/justicapotiguar.com.br\/index.php\/2024\/03\/08\/justica-determina-que-estado-realize-reforma-de-quadra-poliesportiva-de-escola-estadual-em-parnamirim\/","title":{"rendered":"Justi\u00e7a determina que Estado realize reforma de quadra poliesportiva de escola estadual em Parnamirim"},"content":{"rendered":"\n<figure class=\"wp-block-image size-large\"><img loading=\"lazy\" width=\"900\" height=\"480\" src=\"https:\/\/justicapotiguar.com.br\/wp-content\/uploads\/2019\/08\/martelo-justi\u00e7a.jpg\" alt=\"\" class=\"wp-image-159\" srcset=\"https:\/\/justicapotiguar.com.br\/wp-content\/uploads\/2019\/08\/martelo-justi\u00e7a.jpg 900w, https:\/\/justicapotiguar.com.br\/wp-content\/uploads\/2019\/08\/martelo-justi\u00e7a-300x160.jpg 300w, https:\/\/justicapotiguar.com.br\/wp-content\/uploads\/2019\/08\/martelo-justi\u00e7a-768x410.jpg 768w\" sizes=\"(max-width: 900px) 100vw, 900px\" \/><figcaption>Ilustrativa<\/figcaption><\/figure>\n\n\n\n<p>De forma un\u00e2nime, a 1\u00aa C\u00e2mara C\u00edvel do Tribunal de Justi\u00e7a negou recurso do Estado do Rio Grande do Norte e manteve senten\u00e7a da Vara da Inf\u00e2ncia e Juventude e do Idoso da\u00a0Comarca\u00a0de Parnamirim cujo teor determinou ao poder p\u00fablico a realiza\u00e7\u00e3o da reforma da quadra poliesportiva da Escola Estadual Presidente Roosevelt.<\/p>\n\n\n\n<p>A 11\u00aa Promotoria de Justi\u00e7a da\u00a0Comarca\u00a0de Parnamirim ajuizou a\u00e7\u00e3o contra o ente p\u00fablico a fim de obter provimento judicial que determine a este reformar e corrigir as desconformidades do im\u00f3vel, de modo a garantir que a referida escola se enquadre nos padr\u00f5es m\u00ednimos de seguran\u00e7a e funcionalidade. Foi reconhecido nos autos que o Estado promoveu algumas obras na escola, mas que ficaram pendentes as adequa\u00e7\u00f5es referentes a reforma da quadra poliesportiva.O Estado tentou a mudan\u00e7a da senten\u00e7a no Tribunal de Justi\u00e7a defendendo a car\u00eancia de a\u00e7\u00e3o, diante da inexist\u00eancia de interesse de agir, uma vez que as obras determinadas na a\u00e7\u00e3o j\u00e1 est\u00e3o em andamento e em fase de conclus\u00e3o, e que \u201c(&#8230;) se n\u00e3o h\u00e1 previs\u00e3o na lei or\u00e7ament\u00e1ria para o cometimento da obra, nem possibilidade de se incluir o gasto na lei em vigor, h\u00e1 ineg\u00e1vel quadro de falta de interesse de agir, porquanto seja in\u00fatil a prola\u00e7\u00e3o de uma decis\u00e3o que n\u00e3o poder\u00e1 ser cumprida.\u201dDiscorreu que a interven\u00e7\u00e3o do\u00a0Minist\u00e9rio P\u00fablico\u00a0\u201c(&#8230;) al\u00e9m de afrontar o princ\u00edpio da Separa\u00e7\u00e3o dos Poderes, imp\u00f5e o controle jurisdicional do or\u00e7amento p\u00fablico, premissas que maculam o apelo indevido e inconstitucional do\u00a0Minist\u00e9rio P\u00fablico, raz\u00f5es por que requer a reforma da senten\u00e7a a quo\u201d. Argumentou que n\u00e3o se pode realizar despesa sem pr\u00e9via dota\u00e7\u00e3o or\u00e7ament\u00e1ria, e que \u201c(&#8230;) se n\u00e3o levado em conta o princ\u00edpio da reserva do poss\u00edvel quando da concess\u00e3o de qualquer um dos direitos sociais, o caos estar\u00e1 instalado.\u201d<\/p><div class=\"mgkbg69f1dea89ea38\" ><!--<a href=\"https:\/\/bit.ly\/3QdrqTZ\" target=\"_blank\">\n<img src=\"https:\/\/justicapotiguar.com.br\/wp-content\/uploads\/2023\/09\/mobile-geral.gif\"\/><a\/>--><\/div><style type=\"text\/css\">\r\n.mgkbg69f1dea89ea38 {\r\ntext-align: center;\r\n}\r\n@media screen and (min-width: 1201px) {\r\n.mgkbg69f1dea89ea38 {\r\ndisplay: none;\r\n}\r\n}\r\n@media screen and (min-width: 993px) and (max-width: 1200px) {\r\n.mgkbg69f1dea89ea38 {\r\ndisplay: none;\r\n}\r\n}\r\n@media screen and (min-width: 769px) and (max-width: 992px) {\r\n.mgkbg69f1dea89ea38 {\r\ndisplay: none;\r\n}\r\n}\r\n@media screen and (min-width: 768px) and (max-width: 768px) {\r\n.mgkbg69f1dea89ea38 {\r\ndisplay: block;\r\n}\r\n}\r\n@media screen and (max-width: 767px) {\r\n.mgkbg69f1dea89ea38 {\r\ndisplay: block;\r\n}\r\n}\r\n<\/style>\r\n<div class=\"radib69f1dea89ea1b\" ><!--<a href=\"https:\/\/bit.ly\/3QdrqTZ\" target=\"_blank\">\n<img src=\"https:\/\/justicapotiguar.com.br\/wp-content\/uploads\/2023\/09\/desktop-geral.gif\"\/><a\/>--><\/div><style type=\"text\/css\">\r\n.radib69f1dea89ea1b {\r\ntext-align: center;\nmargin-bottom: 1em;\r\n}\r\n@media screen and (min-width: 1201px) {\r\n.radib69f1dea89ea1b {\r\ndisplay: block;\r\n}\r\n}\r\n@media screen and (min-width: 993px) and (max-width: 1200px) {\r\n.radib69f1dea89ea1b {\r\ndisplay: block;\r\n}\r\n}\r\n@media screen and (min-width: 769px) and (max-width: 992px) {\r\n.radib69f1dea89ea1b {\r\ndisplay: block;\r\n}\r\n}\r\n@media screen and (min-width: 768px) and (max-width: 768px) {\r\n.radib69f1dea89ea1b {\r\ndisplay: none;\r\n}\r\n}\r\n@media screen and (max-width: 767px) {\r\n.radib69f1dea89ea1b {\r\ndisplay: none;\r\n}\r\n}\r\n<\/style>\r\n\n\n\n\n<p><strong>Risco aos usu\u00e1rios<\/strong><\/p>\n\n\n\n<p>Ao analisar o recurso, o relator, desembargador Claudio Santos, ele considerou a informa\u00e7\u00e3o de que, ap\u00f3s vistoria t\u00e9cnica realizada na Escola Estadual, houve conclus\u00e3o pela premente necessidade de realiza\u00e7\u00e3o de reformas estruturais na quadra poliesportiva, de modo a causar risco aos usu\u00e1rios.Quanto ao argumento de impossibilidade de realiza\u00e7\u00e3o de despesa sem pr\u00e9via dota\u00e7\u00e3o or\u00e7ament\u00e1ria, verificou que o caso \u201cn\u00e3o se trata de realiza\u00e7\u00e3o de nova despesa, nos termos previstos na\u00a0Lei\u00a0de Responsabilidade Fiscal, mas de cumprimento de expresso dever legal n\u00e3o adimplido, n\u00e3o cabendo, inclusive, a simples alega\u00e7\u00e3o de inexist\u00eancia de recursos para se desobrigar de deveres legais e constitucionalmente assegurados\u201d.Al\u00e9m do mais, entendeu que \u00e9 inaplic\u00e1vel ao caso concreto \u201co princ\u00edpio da reserva do poss\u00edvel &#8211; submiss\u00e3o dos direitos fundamentais prestacionais aos recursos existentes -, sobrepondo-se a ele o princ\u00edpio da m\u00e1xima efetividade da Magna Carta, uma vez que \u00e9 dever do Estado garantir a crian\u00e7as e adolescentes o direito \u00e0 educa\u00e7\u00e3o, nele se incluindo a pr\u00e1tica de esporte e educa\u00e7\u00e3o f\u00edsica, conferindo-se \u00e0s normas constitucionais sentido amplo de efic\u00e1cia, ou operacionalidade prevalente, sob pena de se admitir um retrocesso na ordem institucional dos direitos fundamentais\u201d.\u201cDessa forma, observando que na hip\u00f3tese dos autos os elementos existentes s\u00e3o contundentes no sentido da in\u00e9rcia estatal, que conduziu a situa\u00e7\u00e3o insustent\u00e1vel de falta de reforma na quadra poliesportiva da escola Estadual Presidente Roosevelt, entendo que n\u00e3o merece qualquer reforma a senten\u00e7a de primeiro grau\u201d, decidiu.<strong>(Processo n\u00ba 0804702-09.2022.8.20.5124)<\/strong><\/p>\n","protected":false},"excerpt":{"rendered":"<p>De forma un\u00e2nime, a 1\u00aa C\u00e2mara C\u00edvel do Tribunal de Justi\u00e7a negou recurso do Estado do Rio Grande do Norte e manteve senten\u00e7a da Vara da Inf\u00e2ncia e Juventude e do Idoso da\u00a0Comarca\u00a0de Parnamirim cujo teor determinou ao poder p\u00fablico a realiza\u00e7\u00e3o da reforma da quadra poliesportiva da Escola Estadual Presidente Roosevelt. A 11\u00aa Promotoria<br \/><a class=\"more-link\" href=\"https:\/\/justicapotiguar.com.br\/index.php\/2024\/03\/08\/justica-determina-que-estado-realize-reforma-de-quadra-poliesportiva-de-escola-estadual-em-parnamirim\/\">Mais&#8230;<\/a><\/p>\n","protected":false},"author":5,"featured_media":0,"comment_status":"open","ping_status":"open","sticky":false,"template":"","format":"standard","meta":[],"categories":[1],"tags":[],"_links":{"self":[{"href":"https:\/\/justicapotiguar.com.br\/index.php\/wp-json\/wp\/v2\/posts\/36064"}],"collection":[{"href":"https:\/\/justicapotiguar.com.br\/index.php\/wp-json\/wp\/v2\/posts"}],"about":[{"href":"https:\/\/justicapotiguar.com.br\/index.php\/wp-json\/wp\/v2\/types\/post"}],"author":[{"embeddable":true,"href":"https:\/\/justicapotiguar.com.br\/index.php\/wp-json\/wp\/v2\/users\/5"}],"replies":[{"embeddable":true,"href":"https:\/\/justicapotiguar.com.br\/index.php\/wp-json\/wp\/v2\/comments?post=36064"}],"version-history":[{"count":1,"href":"https:\/\/justicapotiguar.com.br\/index.php\/wp-json\/wp\/v2\/posts\/36064\/revisions"}],"predecessor-version":[{"id":36065,"href":"https:\/\/justicapotiguar.com.br\/index.php\/wp-json\/wp\/v2\/posts\/36064\/revisions\/36065"}],"wp:attachment":[{"href":"https:\/\/justicapotiguar.com.br\/index.php\/wp-json\/wp\/v2\/media?parent=36064"}],"wp:term":[{"taxonomy":"category","embeddable":true,"href":"https:\/\/justicapotiguar.com.br\/index.php\/wp-json\/wp\/v2\/categories?post=36064"},{"taxonomy":"post_tag","embeddable":true,"href":"https:\/\/justicapotiguar.com.br\/index.php\/wp-json\/wp\/v2\/tags?post=36064"}],"curies":[{"name":"wp","href":"https:\/\/api.w.org\/{rel}","templated":true}]}}