{"id":36051,"date":"2024-03-07T14:49:50","date_gmt":"2024-03-07T17:49:50","guid":{"rendered":"https:\/\/justicapotiguar.com.br\/?p=36051"},"modified":"2024-03-07T14:49:50","modified_gmt":"2024-03-07T17:49:50","slug":"foto-juiz-se-revolta-com-empresario-que-pediu-falencia-e-quis-viajar-para-portugal-com-a-familia-nas-ferias","status":"publish","type":"post","link":"https:\/\/justicapotiguar.com.br\/index.php\/2024\/03\/07\/foto-juiz-se-revolta-com-empresario-que-pediu-falencia-e-quis-viajar-para-portugal-com-a-familia-nas-ferias\/","title":{"rendered":"FOTO: Juiz se revolta com empres\u00e1rio que pediu fal\u00eancia e quis viajar para Portugal com a fam\u00edlia nas f\u00e9rias"},"content":{"rendered":"\n<p>\u201cHouve tempo em que falidos se suicidavam de vergonha. N\u00e3o \u00e9 o caso, ainda bem. Mas esse requerimento beira o deboche.\u201d<\/p>\n\n\n\n<figure class=\"wp-block-image size-large\"><img loading=\"lazy\" width=\"720\" height=\"487\" src=\"https:\/\/justicapotiguar.com.br\/wp-content\/uploads\/2024\/03\/Screenshot_20240307-144915-768.png\" alt=\"\" class=\"wp-image-36052\" srcset=\"https:\/\/justicapotiguar.com.br\/wp-content\/uploads\/2024\/03\/Screenshot_20240307-144915-768.png 720w, https:\/\/justicapotiguar.com.br\/wp-content\/uploads\/2024\/03\/Screenshot_20240307-144915-768-300x203.png 300w\" sizes=\"(max-width: 720px) 100vw, 720px\" \/><figcaption>Reprodu\u00e7\u00e3o<\/figcaption><\/figure>\n\n\n\n<p><\/p>\n\n\n\n<p>Dessa forma o juiz de Direito Gabriel de Oliveira Zefiro, do Cartorio do Plant\u00e3o Judicial Capital, no Rio da Janeiro, indeferiu o pedido de um empres\u00e1rio de reverter decis\u00e3o judicial que o impediu de viajar de f\u00e9rias para a Europa.<\/p>\n\n\n\n<p>O caso ocorreu em uma a\u00e7\u00e3o de autofal\u00eancia. Com a declara\u00e7\u00e3o de autofal\u00eancia, a empresa admite que n\u00e3o tem condi\u00e7\u00f5es de quitar as pr\u00f3prias d\u00edvidas, encerrando as atividades.<\/p><div class=\"bviat69f1b9dc1b566\" ><!--<a href=\"https:\/\/bit.ly\/3QdrqTZ\" target=\"_blank\">\n<img src=\"https:\/\/justicapotiguar.com.br\/wp-content\/uploads\/2023\/09\/mobile-geral.gif\"\/><a\/>--><\/div><style type=\"text\/css\">\r\n.bviat69f1b9dc1b566 {\r\ntext-align: center;\r\n}\r\n@media screen and (min-width: 1201px) {\r\n.bviat69f1b9dc1b566 {\r\ndisplay: none;\r\n}\r\n}\r\n@media screen and (min-width: 993px) and (max-width: 1200px) {\r\n.bviat69f1b9dc1b566 {\r\ndisplay: none;\r\n}\r\n}\r\n@media screen and (min-width: 769px) and (max-width: 992px) {\r\n.bviat69f1b9dc1b566 {\r\ndisplay: none;\r\n}\r\n}\r\n@media screen and (min-width: 768px) and (max-width: 768px) {\r\n.bviat69f1b9dc1b566 {\r\ndisplay: block;\r\n}\r\n}\r\n@media screen and (max-width: 767px) {\r\n.bviat69f1b9dc1b566 {\r\ndisplay: block;\r\n}\r\n}\r\n<\/style>\r\n<div class=\"fhhet69f1b9dc1b551\" ><!--<a href=\"https:\/\/bit.ly\/3QdrqTZ\" target=\"_blank\">\n<img src=\"https:\/\/justicapotiguar.com.br\/wp-content\/uploads\/2023\/09\/desktop-geral.gif\"\/><a\/>--><\/div><style type=\"text\/css\">\r\n.fhhet69f1b9dc1b551 {\r\ntext-align: center;\nmargin-bottom: 1em;\r\n}\r\n@media screen and (min-width: 1201px) {\r\n.fhhet69f1b9dc1b551 {\r\ndisplay: block;\r\n}\r\n}\r\n@media screen and (min-width: 993px) and (max-width: 1200px) {\r\n.fhhet69f1b9dc1b551 {\r\ndisplay: block;\r\n}\r\n}\r\n@media screen and (min-width: 769px) and (max-width: 992px) {\r\n.fhhet69f1b9dc1b551 {\r\ndisplay: block;\r\n}\r\n}\r\n@media screen and (min-width: 768px) and (max-width: 768px) {\r\n.fhhet69f1b9dc1b551 {\r\ndisplay: none;\r\n}\r\n}\r\n@media screen and (max-width: 767px) {\r\n.fhhet69f1b9dc1b551 {\r\ndisplay: none;\r\n}\r\n}\r\n<\/style>\r\n\n\n\n\n<p>No bojo deste processo, no entanto, o dono da empresa foi alvo de uma decis\u00e3o que o proibiu de viajar com a fam\u00edlia para Portugal nas f\u00e9rias. Ele interp\u00f4s agravo de instrumento contra essa decis\u00e3o, mas o pedido foi negado pelo juiz.<\/p>\n\n\n\n<p>\u201cO agravante postulou em ju\u00edzo a autofal\u00eancia e tem a pachorra de afrontar seus devedores com cara viagem \u00e0 Europa, com a fam\u00edlia\u201d, narrou o magistrado na senten\u00e7a, de apenas sete frases.<\/p>\n\n\n\n<p>\u201cHouve tempo em que falidos se suicidavam de vergonha. N\u00e3o \u00e9 o caso, ainda bem. Mas esse requerimento beira o deboche. Indefiro a liminar postulada\u201d, finalizou.<\/p>\n\n\n\n<p><strong>Processo 0033806-81.2024.8.19.0001<\/strong><\/p>\n","protected":false},"excerpt":{"rendered":"<p>\u201cHouve tempo em que falidos se suicidavam de vergonha. N\u00e3o \u00e9 o caso, ainda bem. Mas esse requerimento beira o deboche.\u201d Dessa forma o juiz de Direito Gabriel de Oliveira Zefiro, do Cartorio do Plant\u00e3o Judicial Capital, no Rio da Janeiro, indeferiu o pedido de um empres\u00e1rio de reverter decis\u00e3o judicial que o impediu de<br \/><a class=\"more-link\" href=\"https:\/\/justicapotiguar.com.br\/index.php\/2024\/03\/07\/foto-juiz-se-revolta-com-empresario-que-pediu-falencia-e-quis-viajar-para-portugal-com-a-familia-nas-ferias\/\">Mais&#8230;<\/a><\/p>\n","protected":false},"author":5,"featured_media":0,"comment_status":"open","ping_status":"open","sticky":false,"template":"","format":"standard","meta":[],"categories":[1],"tags":[],"_links":{"self":[{"href":"https:\/\/justicapotiguar.com.br\/index.php\/wp-json\/wp\/v2\/posts\/36051"}],"collection":[{"href":"https:\/\/justicapotiguar.com.br\/index.php\/wp-json\/wp\/v2\/posts"}],"about":[{"href":"https:\/\/justicapotiguar.com.br\/index.php\/wp-json\/wp\/v2\/types\/post"}],"author":[{"embeddable":true,"href":"https:\/\/justicapotiguar.com.br\/index.php\/wp-json\/wp\/v2\/users\/5"}],"replies":[{"embeddable":true,"href":"https:\/\/justicapotiguar.com.br\/index.php\/wp-json\/wp\/v2\/comments?post=36051"}],"version-history":[{"count":1,"href":"https:\/\/justicapotiguar.com.br\/index.php\/wp-json\/wp\/v2\/posts\/36051\/revisions"}],"predecessor-version":[{"id":36053,"href":"https:\/\/justicapotiguar.com.br\/index.php\/wp-json\/wp\/v2\/posts\/36051\/revisions\/36053"}],"wp:attachment":[{"href":"https:\/\/justicapotiguar.com.br\/index.php\/wp-json\/wp\/v2\/media?parent=36051"}],"wp:term":[{"taxonomy":"category","embeddable":true,"href":"https:\/\/justicapotiguar.com.br\/index.php\/wp-json\/wp\/v2\/categories?post=36051"},{"taxonomy":"post_tag","embeddable":true,"href":"https:\/\/justicapotiguar.com.br\/index.php\/wp-json\/wp\/v2\/tags?post=36051"}],"curies":[{"name":"wp","href":"https:\/\/api.w.org\/{rel}","templated":true}]}}