{"id":36049,"date":"2024-03-07T14:40:04","date_gmt":"2024-03-07T17:40:04","guid":{"rendered":"https:\/\/justicapotiguar.com.br\/?p=36049"},"modified":"2024-03-07T14:40:04","modified_gmt":"2024-03-07T17:40:04","slug":"informativo-801-do-stj-de-27-de-fevereiro-de-2024","status":"publish","type":"post","link":"https:\/\/justicapotiguar.com.br\/index.php\/2024\/03\/07\/informativo-801-do-stj-de-27-de-fevereiro-de-2024\/","title":{"rendered":"Informativo 801 do STJ, de 27 de fevereiro de 2024"},"content":{"rendered":"\n<p><strong>Rodrigo Leite | @rodrigocrleite<\/strong><\/p>\n\n\n\n<p><strong>Canal P\u00edlulas Jur\u00eddicas | STF e STJ<\/strong><\/p>\n\n\n\n<p><strong>Link de acesso ao Canal: <\/strong><a href=\"https:\/\/whatsapp.com\/channel\/0029VaD2dLy4yltRhxnIPR0c\">https:\/\/whatsapp.com\/channel\/0029VaD2dLy4yltRhxnIPR0c<\/a><\/p>\n\n\n\n<p><strong>PRIMEIRA TURMA<\/strong><\/p>\n\n\n\n<p><strong>&#8211; <\/strong>\u00c9 indispens\u00e1vel a autoriza\u00e7\u00e3o federal para a utiliza\u00e7\u00e3o de \u00e1gua mineral obtida diretamente do solo como insumo em processo industrial, mesmo que n\u00e3o destinada ao envase e consumo humano &#8211; <strong>REsp 1.490.603-PR<\/strong>, julgado em 29\/2\/2024.<\/p>\n\n\n\n<p><strong>SEGUNDA TURMA<\/strong><\/p>\n\n\n\n<p>&#8211; Cabe \u00e0 Administra\u00e7\u00e3o verificar o preenchimento dos requisitos para promo\u00e7\u00e3o por ato de bravura de oficial dos quadros da carreira militar, sendo indevida a suspens\u00e3o do processo administrativo motivada na situa\u00e7\u00e3o econ\u00f4mica do Estado &#8211; <strong>RMS 69.581-GO<\/strong>, julgado em 20\/2\/2024.<\/p>\n\n\n\n<p><strong>TERCEIRA TURMA<\/strong><\/p>\n\n\n\n<p>&#8211; \u00c9 poss\u00edvel a inclus\u00e3o do sobrenome do padrinho para constitui\u00e7\u00e3o de prenome composto, com amparo na regra do art. 56 da Lei n. 6.015\/1973 (reda\u00e7\u00e3o original), independentemente de motiva\u00e7\u00e3o &#8211; <strong>REsp 1.951.170-DF<\/strong>, julgado em 20\/2\/2024.<\/p>\n\n\n\n<p>&#8211; O Minist\u00e9rio P\u00fablico possui legitimidade para propor a\u00e7\u00e3o civil p\u00fablica que trate de contrato de honor\u00e1rios advocat\u00edcios abusivos quando houver litigantes hipossuficientes e repercuss\u00e3o social que transcenda a esfera dos interesses particulares, como nos de benefici\u00e1rios da Previd\u00eancia Social &#8211; <strong>REsp 2.079.440-RO<\/strong>, julgado em 20\/2\/2024.<\/p><div class=\"jxlxx69f1b7fbc76fc\" ><!--<a href=\"https:\/\/bit.ly\/3QdrqTZ\" target=\"_blank\">\n<img src=\"https:\/\/justicapotiguar.com.br\/wp-content\/uploads\/2023\/09\/mobile-geral.gif\"\/><a\/>--><\/div><style type=\"text\/css\">\r\n.jxlxx69f1b7fbc76fc {\r\ntext-align: center;\r\n}\r\n@media screen and (min-width: 1201px) {\r\n.jxlxx69f1b7fbc76fc {\r\ndisplay: none;\r\n}\r\n}\r\n@media screen and (min-width: 993px) and (max-width: 1200px) {\r\n.jxlxx69f1b7fbc76fc {\r\ndisplay: none;\r\n}\r\n}\r\n@media screen and (min-width: 769px) and (max-width: 992px) {\r\n.jxlxx69f1b7fbc76fc {\r\ndisplay: none;\r\n}\r\n}\r\n@media screen and (min-width: 768px) and (max-width: 768px) {\r\n.jxlxx69f1b7fbc76fc {\r\ndisplay: block;\r\n}\r\n}\r\n@media screen and (max-width: 767px) {\r\n.jxlxx69f1b7fbc76fc {\r\ndisplay: block;\r\n}\r\n}\r\n<\/style>\r\n<div class=\"dynfw69f1b7fbc76e4\" ><!--<a href=\"https:\/\/bit.ly\/3QdrqTZ\" target=\"_blank\">\n<img src=\"https:\/\/justicapotiguar.com.br\/wp-content\/uploads\/2023\/09\/desktop-geral.gif\"\/><a\/>--><\/div><style type=\"text\/css\">\r\n.dynfw69f1b7fbc76e4 {\r\ntext-align: center;\nmargin-bottom: 1em;\r\n}\r\n@media screen and (min-width: 1201px) {\r\n.dynfw69f1b7fbc76e4 {\r\ndisplay: block;\r\n}\r\n}\r\n@media screen and (min-width: 993px) and (max-width: 1200px) {\r\n.dynfw69f1b7fbc76e4 {\r\ndisplay: block;\r\n}\r\n}\r\n@media screen and (min-width: 769px) and (max-width: 992px) {\r\n.dynfw69f1b7fbc76e4 {\r\ndisplay: block;\r\n}\r\n}\r\n@media screen and (min-width: 768px) and (max-width: 768px) {\r\n.dynfw69f1b7fbc76e4 {\r\ndisplay: none;\r\n}\r\n}\r\n@media screen and (max-width: 767px) {\r\n.dynfw69f1b7fbc76e4 {\r\ndisplay: none;\r\n}\r\n}\r\n<\/style>\r\n\n\n\n\n<p><strong>QUARTA TURMA<\/strong><\/p>\n\n\n\n<p>&#8211; \u00c9 nula a modifica\u00e7\u00e3o ou altern\u00e2ncia do meio de intima\u00e7\u00e3o eletr\u00f4nica (Portal ou Di\u00e1rio eletr\u00f4nico) pelos Tribunais, durante a tramita\u00e7\u00e3o processual, sem aviso pr\u00e9vio, causando preju\u00edzo \u00e0s partes &#8211; <strong>Processo em segredo de justi\u00e7a<\/strong>, julgado em 20\/2\/2024.<\/p>\n\n\n\n<p><strong>QUINTA TURMA<\/strong><\/p>\n\n\n\n<p>&#8211; A apreens\u00e3o e per\u00edcia da subst\u00e2ncia entorpecente \u00e9 imprescind\u00edvel para a comprova\u00e7\u00e3o da materialidade do crime de tr\u00e1fico de drogas &#8211; <strong>REsp 2.107.251-MG<\/strong>, julgado em 20\/2\/2024.<\/p>\n\n\n\n<p><strong>SEXTA TURMA<\/strong><\/p>\n\n\n\n<figure class=\"wp-block-image size-large\"><img loading=\"lazy\" width=\"680\" height=\"382\" src=\"https:\/\/justicapotiguar.com.br\/wp-content\/uploads\/2020\/03\/CAF8748F04366BA854D310F46072236A80B3_stj.jpg\" alt=\"\" class=\"wp-image-6777\" srcset=\"https:\/\/justicapotiguar.com.br\/wp-content\/uploads\/2020\/03\/CAF8748F04366BA854D310F46072236A80B3_stj.jpg 680w, https:\/\/justicapotiguar.com.br\/wp-content\/uploads\/2020\/03\/CAF8748F04366BA854D310F46072236A80B3_stj-300x169.jpg 300w\" sizes=\"(max-width: 680px) 100vw, 680px\" \/><figcaption>Reprodu\u00e7\u00e3o<\/figcaption><\/figure>\n\n\n\n<p>&#8211; \u00c9 dever do Judici\u00e1rio indagar \u00e0 pessoa autodeclarada parte da popula\u00e7\u00e3o transexual acerca da prefer\u00eancia pela cust\u00f3dia em unidade feminina, masculina ou espec\u00edfica, se houver, e, na unidade escolhida, prefer\u00eancia pela deten\u00e7\u00e3o no conv\u00edvio geral ou em alas ou celas espec\u00edficas &#8211; <strong>HC 861.817-SC<\/strong>, julgado em 6\/2\/2024.<\/p>\n\n\n\n<p>_____________________<\/p>\n\n\n\n<p><strong>Rodrigo Costa Rodrigues Leite&nbsp;<\/strong><\/p>\n\n\n\n<p>Coautor do livro \u201cAn\u00e1lise das Diverg\u00eancias Jurisprudenciais no STF e STJ\u201d, Editora Juspodivm. Autor do livro \u201cTombamento \u2013 Vol. 36 \u2013 Cole\u00e7\u00e3o Leis Especiais para Concursos\u201d, Editora Juspodivm. Autor do livro \u201cDesapropria\u00e7\u00e3o \u2013 Vol. 39 \u2013 Cole\u00e7\u00e3o Especiais para Concursos\u201d, Editora Juspodivm. Coautor do livro \u201cSaberes Jurisprudenciais\u201d, Editora Saraiva.&nbsp; Coorganizador do livro \u201cCPC na Jurisprud\u00eancia\u201d, Editora Foco. Especialista em Direito P\u00fablico e Direito Processual Civil. Mestre em Direito Constitucional. Aluno laureado das Turmas 2005.2 da Universidade Potiguar. Professor da P\u00f3s-gradua\u00e7\u00e3o em Direito Civil da Rede Anhaguera-Kroton. M\u00e1ster Universit\u00e1rio em Direito Constitucional pela Universidad Del Pa\u00eds Vasco, San Sebasti\u00e1n, Espanha. Advogado licenciado. Membro do Conselho Editorial da Revista do Poder Judici\u00e1rio do Estado do Rio Grande do Norte \u2013 REPOJURN. Analista Judici\u00e1rio do TJRN. Assessor de Desembargador do TJRN.<\/p>\n","protected":false},"excerpt":{"rendered":"<p>Rodrigo Leite | @rodrigocrleite Canal P\u00edlulas Jur\u00eddicas | STF e STJ Link de acesso ao Canal: https:\/\/whatsapp.com\/channel\/0029VaD2dLy4yltRhxnIPR0c PRIMEIRA TURMA &#8211; \u00c9 indispens\u00e1vel a autoriza\u00e7\u00e3o federal para a utiliza\u00e7\u00e3o de \u00e1gua mineral obtida diretamente do solo como insumo em processo industrial, mesmo que n\u00e3o destinada ao envase e consumo humano &#8211; REsp 1.490.603-PR, julgado em 29\/2\/2024.<br \/><a class=\"more-link\" href=\"https:\/\/justicapotiguar.com.br\/index.php\/2024\/03\/07\/informativo-801-do-stj-de-27-de-fevereiro-de-2024\/\">Mais&#8230;<\/a><\/p>\n","protected":false},"author":5,"featured_media":0,"comment_status":"open","ping_status":"open","sticky":false,"template":"","format":"standard","meta":[],"categories":[1],"tags":[],"_links":{"self":[{"href":"https:\/\/justicapotiguar.com.br\/index.php\/wp-json\/wp\/v2\/posts\/36049"}],"collection":[{"href":"https:\/\/justicapotiguar.com.br\/index.php\/wp-json\/wp\/v2\/posts"}],"about":[{"href":"https:\/\/justicapotiguar.com.br\/index.php\/wp-json\/wp\/v2\/types\/post"}],"author":[{"embeddable":true,"href":"https:\/\/justicapotiguar.com.br\/index.php\/wp-json\/wp\/v2\/users\/5"}],"replies":[{"embeddable":true,"href":"https:\/\/justicapotiguar.com.br\/index.php\/wp-json\/wp\/v2\/comments?post=36049"}],"version-history":[{"count":1,"href":"https:\/\/justicapotiguar.com.br\/index.php\/wp-json\/wp\/v2\/posts\/36049\/revisions"}],"predecessor-version":[{"id":36050,"href":"https:\/\/justicapotiguar.com.br\/index.php\/wp-json\/wp\/v2\/posts\/36049\/revisions\/36050"}],"wp:attachment":[{"href":"https:\/\/justicapotiguar.com.br\/index.php\/wp-json\/wp\/v2\/media?parent=36049"}],"wp:term":[{"taxonomy":"category","embeddable":true,"href":"https:\/\/justicapotiguar.com.br\/index.php\/wp-json\/wp\/v2\/categories?post=36049"},{"taxonomy":"post_tag","embeddable":true,"href":"https:\/\/justicapotiguar.com.br\/index.php\/wp-json\/wp\/v2\/tags?post=36049"}],"curies":[{"name":"wp","href":"https:\/\/api.w.org\/{rel}","templated":true}]}}