{"id":36047,"date":"2024-03-07T11:25:01","date_gmt":"2024-03-07T14:25:01","guid":{"rendered":"https:\/\/justicapotiguar.com.br\/?p=36047"},"modified":"2024-03-07T09:25:28","modified_gmt":"2024-03-07T12:25:28","slug":"operario-que-fazia-manutencao-de-sondas-de-petroleo-tem-direito-a-adicional-de-insalubridade-maxima","status":"publish","type":"post","link":"https:\/\/justicapotiguar.com.br\/index.php\/2024\/03\/07\/operario-que-fazia-manutencao-de-sondas-de-petroleo-tem-direito-a-adicional-de-insalubridade-maxima\/","title":{"rendered":"Oper\u00e1rio que fazia manuten\u00e7\u00e3o de sondas de petr\u00f3leo tem direito a adicional de insalubridade m\u00e1xima"},"content":{"rendered":"\n<h2><\/h2>\n\n\n\n<figure class=\"wp-block-image\"><img src=\"https:\/\/www.trt21.jus.br\/sites\/default\/files\/styles\/346x231\/public\/2024-03\/Site-Oper%C3%A1rio-que-fazia-manuten%C3%A7%C3%A3o-de-sondas-de-petr%C3%B3leo-tem-direito-a-adicional-de-insalubridade-m%C3%A1xima.jpg?itok=p_dNWOeR\" alt=\"manuten\u00e7\u00e3o\"\/><\/figure>\n\n\n\n<p>Tr\u00eas empresas de um mesmo grupo econ\u00f4mico foram condenadas solidariamente a indenizar, com o grau de insalubridade m\u00e1xima, um oper\u00e1rio que trabalhava realizando servi\u00e7os de manuten\u00e7\u00e3o de equipamentos de sondas instaladas nos campos de produ\u00e7\u00e3o de petr\u00f3leo na regi\u00e3o de Mossor\u00f3.&nbsp;<br>&nbsp;<\/p>\n\n\n\n<p>O trabalhador prestou servi\u00e7os \u00e0 Eleva In-Haus Manuten\u00e7\u00e3o Industrial, entre mar\u00e7o de 2019 e junho de 2023, data em que a empresa encerrou suas opera\u00e7\u00f5es e suspendeu os contratos de trabalho de todos os empregados, entre eles o reclamante.<br>&nbsp;<\/p>\n\n\n\n<p>O oper\u00e1rio entrou com uma a\u00e7\u00e3o junto \u00e0 &nbsp;3\u00aa Vara do Trabalho de Mossor\u00f3 exigindo o pagamento de um adicional de insalubridade em grau m\u00e1ximo que, segundo ele, n\u00e3o fora pago pela empresa como deveria.<br>Em sua reclama\u00e7\u00e3o, o trabalhador alegou que manuseava produtos qu\u00edmicos (graxas, \u00f3leo, cola de contato, cola borracha, solvente, verniz, hidrocarbonetos) em sua rotina de trabalho.<br>&nbsp;<\/p>\n\n\n\n<p><strong>Per\u00edcia<\/strong><br>A Eleva contestou a acusa\u00e7\u00e3o afirmando que o reclamante \u201cjamais trabalhou sob a influ\u00eancia dos agentes supramencionados\u201d. Diante do impasse, a ju\u00edza Lais Ribeiro de Sousa Bezerra determinou a realiza\u00e7\u00e3o de uma per\u00edcia judicial.<br>Em seu laudo, o perito atestou que o oper\u00e1rio mantinha \u201ccontato, de modo habitual e intermitente, com produtos qu\u00edmicos diversos, incluindo \u00f3leos lubrificantes, graxas, desengraxante, al\u00e9m do material residual proveniente dos po\u00e7os de petr\u00f3leo, uma mistura composta por \u00f3leos e hidrocarbonetos\u201d.<br>&nbsp;<\/p>\n\n\n\n<p>Segundo a per\u00edcia, o manuseio di\u00e1rio dessas subst\u00e2ncias \u201cpode provocar diversos efeitos nocivos \u00e0 sa\u00fade\u201d e que \u201ca manipula\u00e7\u00e3o de \u00f3leos minerais, \u00f3leo queimado, parafina ou outras subst\u00e2ncias cancer\u00edgenas afins podem ser consideradas como insalubres em grau m\u00e1ximo\u201d.&nbsp;<br>&nbsp;<\/p><div class=\"lannj69f1bbd430fbb\" ><!--<a href=\"https:\/\/bit.ly\/3QdrqTZ\" target=\"_blank\">\n<img src=\"https:\/\/justicapotiguar.com.br\/wp-content\/uploads\/2023\/09\/mobile-geral.gif\"\/><a\/>--><\/div><style type=\"text\/css\">\r\n.lannj69f1bbd430fbb {\r\ntext-align: center;\r\n}\r\n@media screen and (min-width: 1201px) {\r\n.lannj69f1bbd430fbb {\r\ndisplay: none;\r\n}\r\n}\r\n@media screen and (min-width: 993px) and (max-width: 1200px) {\r\n.lannj69f1bbd430fbb {\r\ndisplay: none;\r\n}\r\n}\r\n@media screen and (min-width: 769px) and (max-width: 992px) {\r\n.lannj69f1bbd430fbb {\r\ndisplay: none;\r\n}\r\n}\r\n@media screen and (min-width: 768px) and (max-width: 768px) {\r\n.lannj69f1bbd430fbb {\r\ndisplay: block;\r\n}\r\n}\r\n@media screen and (max-width: 767px) {\r\n.lannj69f1bbd430fbb {\r\ndisplay: block;\r\n}\r\n}\r\n<\/style>\r\n<div class=\"wzgmi69f1bbd430f99\" ><!--<a href=\"https:\/\/bit.ly\/3QdrqTZ\" target=\"_blank\">\n<img src=\"https:\/\/justicapotiguar.com.br\/wp-content\/uploads\/2023\/09\/desktop-geral.gif\"\/><a\/>--><\/div><style type=\"text\/css\">\r\n.wzgmi69f1bbd430f99 {\r\ntext-align: center;\nmargin-bottom: 1em;\r\n}\r\n@media screen and (min-width: 1201px) {\r\n.wzgmi69f1bbd430f99 {\r\ndisplay: block;\r\n}\r\n}\r\n@media screen and (min-width: 993px) and (max-width: 1200px) {\r\n.wzgmi69f1bbd430f99 {\r\ndisplay: block;\r\n}\r\n}\r\n@media screen and (min-width: 769px) and (max-width: 992px) {\r\n.wzgmi69f1bbd430f99 {\r\ndisplay: block;\r\n}\r\n}\r\n@media screen and (min-width: 768px) and (max-width: 768px) {\r\n.wzgmi69f1bbd430f99 {\r\ndisplay: none;\r\n}\r\n}\r\n@media screen and (max-width: 767px) {\r\n.wzgmi69f1bbd430f99 {\r\ndisplay: none;\r\n}\r\n}\r\n<\/style>\r\n\n\n\n\n<p><strong>Acidente<\/strong><br>O oper\u00e1rio cobrou, ainda, uma indeniza\u00e7\u00e3o por estabilidade acident\u00e1ria n\u00e3o paga pela empresa quando de sua rescis\u00e3o.&nbsp;<br>Ele revelou ter sofrido um acidente de trajeto ap\u00f3s sair do local de trabalho em dire\u00e7\u00e3o \u00e0 sua resid\u00eancia e ficou afastado pelo INSS, entre junho e dezembro de 2022.<br>&nbsp;<\/p>\n\n\n\n<p>Em junho de 2023, quando foi demitido, o empregado demonstrou n\u00e3o ter recebido o valor da indeniza\u00e7\u00e3o relativa a 12 meses de estabilidade prevista em lei.&nbsp;<br>&nbsp;<\/p>\n\n\n\n<p>O oper\u00e1rio tamb\u00e9m pleiteou a responsabilidade solid\u00e1ria de mais duas empresas no polo passivo de sua reclama\u00e7\u00e3o, a Eleva Facilities Ltda. e a Top Service Servi\u00e7os e Sistemas S\/A, que pertencem ao mesmo grupo econ\u00f4mico que controla a Eleva In-Haus.&nbsp;<br>&nbsp;<\/p>\n\n\n\n<p>A ju\u00edza Lais Ribeiro reconheceu o direito do oper\u00e1rio ao adicional de insalubridade, em grau m\u00e1ximo (40%) e \u00e0 indeniza\u00e7\u00e3o por estabilidade acident\u00e1ria, entre o per\u00edodo da demiss\u00e3o e o final do per\u00edodo da estabilidade, entre outros pagamentos.<\/p>\n","protected":false},"excerpt":{"rendered":"<p>Tr\u00eas empresas de um mesmo grupo econ\u00f4mico foram condenadas solidariamente a indenizar, com o grau de insalubridade m\u00e1xima, um oper\u00e1rio que trabalhava realizando servi\u00e7os de manuten\u00e7\u00e3o de equipamentos de sondas instaladas nos campos de produ\u00e7\u00e3o de petr\u00f3leo na regi\u00e3o de Mossor\u00f3.&nbsp;&nbsp; O trabalhador prestou servi\u00e7os \u00e0 Eleva In-Haus Manuten\u00e7\u00e3o Industrial, entre mar\u00e7o de 2019 e<br \/><a class=\"more-link\" href=\"https:\/\/justicapotiguar.com.br\/index.php\/2024\/03\/07\/operario-que-fazia-manutencao-de-sondas-de-petroleo-tem-direito-a-adicional-de-insalubridade-maxima\/\">Mais&#8230;<\/a><\/p>\n","protected":false},"author":5,"featured_media":0,"comment_status":"open","ping_status":"open","sticky":false,"template":"","format":"standard","meta":[],"categories":[1],"tags":[],"_links":{"self":[{"href":"https:\/\/justicapotiguar.com.br\/index.php\/wp-json\/wp\/v2\/posts\/36047"}],"collection":[{"href":"https:\/\/justicapotiguar.com.br\/index.php\/wp-json\/wp\/v2\/posts"}],"about":[{"href":"https:\/\/justicapotiguar.com.br\/index.php\/wp-json\/wp\/v2\/types\/post"}],"author":[{"embeddable":true,"href":"https:\/\/justicapotiguar.com.br\/index.php\/wp-json\/wp\/v2\/users\/5"}],"replies":[{"embeddable":true,"href":"https:\/\/justicapotiguar.com.br\/index.php\/wp-json\/wp\/v2\/comments?post=36047"}],"version-history":[{"count":1,"href":"https:\/\/justicapotiguar.com.br\/index.php\/wp-json\/wp\/v2\/posts\/36047\/revisions"}],"predecessor-version":[{"id":36048,"href":"https:\/\/justicapotiguar.com.br\/index.php\/wp-json\/wp\/v2\/posts\/36047\/revisions\/36048"}],"wp:attachment":[{"href":"https:\/\/justicapotiguar.com.br\/index.php\/wp-json\/wp\/v2\/media?parent=36047"}],"wp:term":[{"taxonomy":"category","embeddable":true,"href":"https:\/\/justicapotiguar.com.br\/index.php\/wp-json\/wp\/v2\/categories?post=36047"},{"taxonomy":"post_tag","embeddable":true,"href":"https:\/\/justicapotiguar.com.br\/index.php\/wp-json\/wp\/v2\/tags?post=36047"}],"curies":[{"name":"wp","href":"https:\/\/api.w.org\/{rel}","templated":true}]}}