{"id":36042,"date":"2024-03-07T08:31:34","date_gmt":"2024-03-07T11:31:34","guid":{"rendered":"https:\/\/justicapotiguar.com.br\/?p=36042"},"modified":"2024-03-07T08:31:34","modified_gmt":"2024-03-07T11:31:34","slug":"justica-abole-categoria-erro-medico-do-sistema-nacional-de-classificacao-de-processos","status":"publish","type":"post","link":"https:\/\/justicapotiguar.com.br\/index.php\/2024\/03\/07\/justica-abole-categoria-erro-medico-do-sistema-nacional-de-classificacao-de-processos\/","title":{"rendered":"Justi\u00e7a abole categoria \u201cerro m\u00e9dico\u201d do sistema nacional de classifica\u00e7\u00e3o de processos"},"content":{"rendered":"\n<figure class=\"wp-block-image size-large\"><img loading=\"lazy\" width=\"1024\" height=\"576\" src=\"https:\/\/justicapotiguar.com.br\/wp-content\/uploads\/2020\/07\/medico-profissional-com-luvas_23-21476466501-1280x720-1024x576.jpg\" alt=\"\" class=\"wp-image-11666\" srcset=\"https:\/\/justicapotiguar.com.br\/wp-content\/uploads\/2020\/07\/medico-profissional-com-luvas_23-21476466501-1280x720-1024x576.jpg 1024w, https:\/\/justicapotiguar.com.br\/wp-content\/uploads\/2020\/07\/medico-profissional-com-luvas_23-21476466501-1280x720-300x169.jpg 300w, https:\/\/justicapotiguar.com.br\/wp-content\/uploads\/2020\/07\/medico-profissional-com-luvas_23-21476466501-1280x720-768x432.jpg 768w, https:\/\/justicapotiguar.com.br\/wp-content\/uploads\/2020\/07\/medico-profissional-com-luvas_23-21476466501-1280x720.jpg 1280w\" sizes=\"(max-width: 1024px) 100vw, 1024px\" \/><\/figure>\n\n\n\n<p>O Conselho Nacional de Justi\u00e7a (CNJ), atendendo um pedido de entidades m\u00e9dicas, fez uma revis\u00e3o do conceito de \u201cerro m\u00e9dico\u201d e alterou a Tabela Processual Unificada (TPU) do Poder Judici\u00e1rio, que ajuda na cataloga\u00e7\u00e3o dos termos em tramita\u00e7\u00e3o. A partir da mudan\u00e7a, assuntos sob a nomenclatura \u201cerro m\u00e9dico\u201d passar\u00e3o desde j\u00e1 a serem reclassificados como \u201cdanos materiais e\/ou morais decorrentes da presta\u00e7\u00e3o de servi\u00e7os de sa\u00fade\u201d.<\/p>\n\n\n\n<p>A decis\u00e3o veio depois do pedido do Col\u00e9gio Brasileiro de Cirurgi\u00f5es (CBC), com o apoio institucional do Conselho Federal de Medicina (CFM), atrav\u00e9s do trabalho do Conselheiro do Rio Grande do Norte no CFM, o m\u00e9dico Cirurgi\u00e3o Tor\u00e1cico Jeancarlo Fernandes Cavalcante, atual vice-presidente do CFM. Entidades m\u00e9dicas comemoram essa mudan\u00e7a como uma grande conquista para a medicina brasileira.<\/p><div class=\"wcsbj69f1b7d2b9f3e\" ><!--<a href=\"https:\/\/bit.ly\/3QdrqTZ\" target=\"_blank\">\n<img src=\"https:\/\/justicapotiguar.com.br\/wp-content\/uploads\/2023\/09\/mobile-geral.gif\"\/><a\/>--><\/div><style type=\"text\/css\">\r\n.wcsbj69f1b7d2b9f3e {\r\ntext-align: center;\r\n}\r\n@media screen and (min-width: 1201px) {\r\n.wcsbj69f1b7d2b9f3e {\r\ndisplay: none;\r\n}\r\n}\r\n@media screen and (min-width: 993px) and (max-width: 1200px) {\r\n.wcsbj69f1b7d2b9f3e {\r\ndisplay: none;\r\n}\r\n}\r\n@media screen and (min-width: 769px) and (max-width: 992px) {\r\n.wcsbj69f1b7d2b9f3e {\r\ndisplay: none;\r\n}\r\n}\r\n@media screen and (min-width: 768px) and (max-width: 768px) {\r\n.wcsbj69f1b7d2b9f3e {\r\ndisplay: block;\r\n}\r\n}\r\n@media screen and (max-width: 767px) {\r\n.wcsbj69f1b7d2b9f3e {\r\ndisplay: block;\r\n}\r\n}\r\n<\/style>\r\n<div class=\"exlxe69f1b7d2b9f23\" ><!--<a href=\"https:\/\/bit.ly\/3QdrqTZ\" target=\"_blank\">\n<img src=\"https:\/\/justicapotiguar.com.br\/wp-content\/uploads\/2023\/09\/desktop-geral.gif\"\/><a\/>--><\/div><style type=\"text\/css\">\r\n.exlxe69f1b7d2b9f23 {\r\ntext-align: center;\nmargin-bottom: 1em;\r\n}\r\n@media screen and (min-width: 1201px) {\r\n.exlxe69f1b7d2b9f23 {\r\ndisplay: block;\r\n}\r\n}\r\n@media screen and (min-width: 993px) and (max-width: 1200px) {\r\n.exlxe69f1b7d2b9f23 {\r\ndisplay: block;\r\n}\r\n}\r\n@media screen and (min-width: 769px) and (max-width: 992px) {\r\n.exlxe69f1b7d2b9f23 {\r\ndisplay: block;\r\n}\r\n}\r\n@media screen and (min-width: 768px) and (max-width: 768px) {\r\n.exlxe69f1b7d2b9f23 {\r\ndisplay: none;\r\n}\r\n}\r\n@media screen and (max-width: 767px) {\r\n.exlxe69f1b7d2b9f23 {\r\ndisplay: none;\r\n}\r\n}\r\n<\/style>\r\n\n\n\n\n<p>Antes, os processos relacionados \u00e0 sa\u00fade, ainda n\u00e3o julgados, eram classificados como \u201cerro m\u00e9dico\u201d. Para as sociedades m\u00e9dicas essa mudan\u00e7a \u00e9 mais do que necess\u00e1ria, pois o uso equivocado do termo acabava atribuindo \u00e0 classe m\u00e9dica supostas falhas que poderiam ter sido cometidas pelo processo como um todo, n\u00e3o apenas pelo m\u00e9dico em si.<\/p>\n\n\n\n<p>Para o 1\u00ba vice-presidente do CFM, Jeancarlo Fernandes Cavalcante, a mudan\u00e7a \u00e9 muito positiva. Segundo ele, no contexto judicial, na categoria modificada (\u201cerro m\u00e9dico\u201d) estavam tamb\u00e9m processos apresentados contra hospitais (p\u00fablicos e privados) e profissionais de outras categorias da sa\u00fade. \u201cAntes a justi\u00e7a colocava tudo em uma \u00fanica nomenclatura (erro m\u00e9dico, erro hospitalar e erros da enfermagem, por exemplo), agora o CNJ mudou isso e a partir de agora ser\u00e1 chamado de: \u201cdanos materiais ou morais decorrentes da presta\u00e7\u00e3o de servi\u00e7os de sa\u00fade\u201d. Sem d\u00favida foi um avan\u00e7o!\u201d, explica Dr. Jeancarlo.<\/p>\n","protected":false},"excerpt":{"rendered":"<p>O Conselho Nacional de Justi\u00e7a (CNJ), atendendo um pedido de entidades m\u00e9dicas, fez uma revis\u00e3o do conceito de \u201cerro m\u00e9dico\u201d e alterou a Tabela Processual Unificada (TPU) do Poder Judici\u00e1rio, que ajuda na cataloga\u00e7\u00e3o dos termos em tramita\u00e7\u00e3o. A partir da mudan\u00e7a, assuntos sob a nomenclatura \u201cerro m\u00e9dico\u201d passar\u00e3o desde j\u00e1 a serem reclassificados como<br \/><a class=\"more-link\" href=\"https:\/\/justicapotiguar.com.br\/index.php\/2024\/03\/07\/justica-abole-categoria-erro-medico-do-sistema-nacional-de-classificacao-de-processos\/\">Mais&#8230;<\/a><\/p>\n","protected":false},"author":5,"featured_media":0,"comment_status":"open","ping_status":"open","sticky":false,"template":"","format":"standard","meta":[],"categories":[1],"tags":[],"_links":{"self":[{"href":"https:\/\/justicapotiguar.com.br\/index.php\/wp-json\/wp\/v2\/posts\/36042"}],"collection":[{"href":"https:\/\/justicapotiguar.com.br\/index.php\/wp-json\/wp\/v2\/posts"}],"about":[{"href":"https:\/\/justicapotiguar.com.br\/index.php\/wp-json\/wp\/v2\/types\/post"}],"author":[{"embeddable":true,"href":"https:\/\/justicapotiguar.com.br\/index.php\/wp-json\/wp\/v2\/users\/5"}],"replies":[{"embeddable":true,"href":"https:\/\/justicapotiguar.com.br\/index.php\/wp-json\/wp\/v2\/comments?post=36042"}],"version-history":[{"count":1,"href":"https:\/\/justicapotiguar.com.br\/index.php\/wp-json\/wp\/v2\/posts\/36042\/revisions"}],"predecessor-version":[{"id":36043,"href":"https:\/\/justicapotiguar.com.br\/index.php\/wp-json\/wp\/v2\/posts\/36042\/revisions\/36043"}],"wp:attachment":[{"href":"https:\/\/justicapotiguar.com.br\/index.php\/wp-json\/wp\/v2\/media?parent=36042"}],"wp:term":[{"taxonomy":"category","embeddable":true,"href":"https:\/\/justicapotiguar.com.br\/index.php\/wp-json\/wp\/v2\/categories?post=36042"},{"taxonomy":"post_tag","embeddable":true,"href":"https:\/\/justicapotiguar.com.br\/index.php\/wp-json\/wp\/v2\/tags?post=36042"}],"curies":[{"name":"wp","href":"https:\/\/api.w.org\/{rel}","templated":true}]}}