{"id":36039,"date":"2024-03-07T08:28:41","date_gmt":"2024-03-07T11:28:41","guid":{"rendered":"https:\/\/justicapotiguar.com.br\/?p=36039"},"modified":"2024-03-07T08:28:41","modified_gmt":"2024-03-07T11:28:41","slug":"seap-ira-restringir-acesso-ao-sistema-de-monitoramento-eletronico-de-presos-com-tornozeleiras-no-rn","status":"publish","type":"post","link":"https:\/\/justicapotiguar.com.br\/index.php\/2024\/03\/07\/seap-ira-restringir-acesso-ao-sistema-de-monitoramento-eletronico-de-presos-com-tornozeleiras-no-rn\/","title":{"rendered":"SEAP ir\u00e1 restringir acesso ao sistema de monitoramento eletr\u00f4nico de presos com tornozeleiras no RN"},"content":{"rendered":"\n<p>O secret\u00e1rio estadual de Administra\u00e7\u00e3o Penitenci\u00e1ria, Helton Edi, emitiu comunicado informando a suspens\u00e3o do acesso ao sistema de monitoramento eletr\u00f4nico de presos que utilizam tornozeleiras eletr\u00f4nicas.<\/p>\n\n\n\n<figure class=\"wp-block-image size-large\"><img loading=\"lazy\" width=\"1024\" height=\"613\" src=\"https:\/\/justicapotiguar.com.br\/wp-content\/uploads\/2020\/03\/tornozeleiras-foto_secretaria_de_justica_cidadania_e_direitos_humanos_do_parana-1024x613.jpg\" alt=\"\" class=\"wp-image-6882\" srcset=\"https:\/\/justicapotiguar.com.br\/wp-content\/uploads\/2020\/03\/tornozeleiras-foto_secretaria_de_justica_cidadania_e_direitos_humanos_do_parana-1024x613.jpg 1024w, https:\/\/justicapotiguar.com.br\/wp-content\/uploads\/2020\/03\/tornozeleiras-foto_secretaria_de_justica_cidadania_e_direitos_humanos_do_parana-300x179.jpg 300w, https:\/\/justicapotiguar.com.br\/wp-content\/uploads\/2020\/03\/tornozeleiras-foto_secretaria_de_justica_cidadania_e_direitos_humanos_do_parana-768x459.jpg 768w, https:\/\/justicapotiguar.com.br\/wp-content\/uploads\/2020\/03\/tornozeleiras-foto_secretaria_de_justica_cidadania_e_direitos_humanos_do_parana.jpg 1170w\" sizes=\"(max-width: 1024px) 100vw, 1024px\" \/><figcaption>Ilustrativa<\/figcaption><\/figure>\n\n\n\n<p>Segundo o comunicado, a iniciativa segue disposi\u00e7\u00f5es da Resolu\u00e7\u00e3o 412\/2021 do Conselho Nacional de Justi\u00e7a e do Of\u00edcio 697\/2023 da Corregedoria Geral de Justi\u00e7a do RN e passa a valer a partir do dia 12 de mar\u00e7o.&nbsp;<\/p>\n\n\n\n<p>O acesso ao sistema de monitoramento por institui\u00e7\u00f5es da seguran\u00e7a p\u00fablica ser\u00e1 concedido somente mediante autoriza\u00e7\u00e3o do ju\u00edzo da execu\u00e7\u00e3o penal. AInda segundo o documento, \u201cvale ressaltar que o monitoramento eletr\u00f4nico consiste em uma solu\u00e7\u00e3o tecnol\u00f3gica que possibilita a localiza\u00e7\u00e3o em tempo real da pessoa monitorada, sendo esta uma alternativa penal\u201d, disse o secret\u00e1rio da SEAP.<\/p><div class=\"qafbo69f1ceacbecd6\" ><!--<a href=\"https:\/\/bit.ly\/3QdrqTZ\" target=\"_blank\">\n<img src=\"https:\/\/justicapotiguar.com.br\/wp-content\/uploads\/2023\/09\/mobile-geral.gif\"\/><a\/>--><\/div><style type=\"text\/css\">\r\n.qafbo69f1ceacbecd6 {\r\ntext-align: center;\r\n}\r\n@media screen and (min-width: 1201px) {\r\n.qafbo69f1ceacbecd6 {\r\ndisplay: none;\r\n}\r\n}\r\n@media screen and (min-width: 993px) and (max-width: 1200px) {\r\n.qafbo69f1ceacbecd6 {\r\ndisplay: none;\r\n}\r\n}\r\n@media screen and (min-width: 769px) and (max-width: 992px) {\r\n.qafbo69f1ceacbecd6 {\r\ndisplay: none;\r\n}\r\n}\r\n@media screen and (min-width: 768px) and (max-width: 768px) {\r\n.qafbo69f1ceacbecd6 {\r\ndisplay: block;\r\n}\r\n}\r\n@media screen and (max-width: 767px) {\r\n.qafbo69f1ceacbecd6 {\r\ndisplay: block;\r\n}\r\n}\r\n<\/style>\r\n<div class=\"hciso69f1ceacbecbb\" ><!--<a href=\"https:\/\/bit.ly\/3QdrqTZ\" target=\"_blank\">\n<img src=\"https:\/\/justicapotiguar.com.br\/wp-content\/uploads\/2023\/09\/desktop-geral.gif\"\/><a\/>--><\/div><style type=\"text\/css\">\r\n.hciso69f1ceacbecbb {\r\ntext-align: center;\nmargin-bottom: 1em;\r\n}\r\n@media screen and (min-width: 1201px) {\r\n.hciso69f1ceacbecbb {\r\ndisplay: block;\r\n}\r\n}\r\n@media screen and (min-width: 993px) and (max-width: 1200px) {\r\n.hciso69f1ceacbecbb {\r\ndisplay: block;\r\n}\r\n}\r\n@media screen and (min-width: 769px) and (max-width: 992px) {\r\n.hciso69f1ceacbecbb {\r\ndisplay: block;\r\n}\r\n}\r\n@media screen and (min-width: 768px) and (max-width: 768px) {\r\n.hciso69f1ceacbecbb {\r\ndisplay: none;\r\n}\r\n}\r\n@media screen and (max-width: 767px) {\r\n.hciso69f1ceacbecbb {\r\ndisplay: none;\r\n}\r\n}\r\n<\/style>\r\n\n\n\n\n<p>Confira documento na \u00edntegra<\/p>\n\n\n\n<div class=\"wp-block-file\"><a href=\"https:\/\/justicapotiguar.com.br\/wp-content\/uploads\/2024\/03\/SEI_25113473_Memorando_Circular_13.pdf\">SEI_25113473_Memorando_Circular_13<\/a><a href=\"https:\/\/justicapotiguar.com.br\/wp-content\/uploads\/2024\/03\/SEI_25113473_Memorando_Circular_13.pdf\" class=\"wp-block-file__button\" download>Baixar<\/a><\/div>\n\n\n\n<p><\/p>\n","protected":false},"excerpt":{"rendered":"<p>O secret\u00e1rio estadual de Administra\u00e7\u00e3o Penitenci\u00e1ria, Helton Edi, emitiu comunicado informando a suspens\u00e3o do acesso ao sistema de monitoramento eletr\u00f4nico de presos que utilizam tornozeleiras eletr\u00f4nicas. Segundo o comunicado, a iniciativa segue disposi\u00e7\u00f5es da Resolu\u00e7\u00e3o 412\/2021 do Conselho Nacional de Justi\u00e7a e do Of\u00edcio 697\/2023 da Corregedoria Geral de Justi\u00e7a do RN e passa a<br \/><a class=\"more-link\" href=\"https:\/\/justicapotiguar.com.br\/index.php\/2024\/03\/07\/seap-ira-restringir-acesso-ao-sistema-de-monitoramento-eletronico-de-presos-com-tornozeleiras-no-rn\/\">Mais&#8230;<\/a><\/p>\n","protected":false},"author":5,"featured_media":0,"comment_status":"open","ping_status":"open","sticky":false,"template":"","format":"standard","meta":[],"categories":[1],"tags":[],"_links":{"self":[{"href":"https:\/\/justicapotiguar.com.br\/index.php\/wp-json\/wp\/v2\/posts\/36039"}],"collection":[{"href":"https:\/\/justicapotiguar.com.br\/index.php\/wp-json\/wp\/v2\/posts"}],"about":[{"href":"https:\/\/justicapotiguar.com.br\/index.php\/wp-json\/wp\/v2\/types\/post"}],"author":[{"embeddable":true,"href":"https:\/\/justicapotiguar.com.br\/index.php\/wp-json\/wp\/v2\/users\/5"}],"replies":[{"embeddable":true,"href":"https:\/\/justicapotiguar.com.br\/index.php\/wp-json\/wp\/v2\/comments?post=36039"}],"version-history":[{"count":1,"href":"https:\/\/justicapotiguar.com.br\/index.php\/wp-json\/wp\/v2\/posts\/36039\/revisions"}],"predecessor-version":[{"id":36041,"href":"https:\/\/justicapotiguar.com.br\/index.php\/wp-json\/wp\/v2\/posts\/36039\/revisions\/36041"}],"wp:attachment":[{"href":"https:\/\/justicapotiguar.com.br\/index.php\/wp-json\/wp\/v2\/media?parent=36039"}],"wp:term":[{"taxonomy":"category","embeddable":true,"href":"https:\/\/justicapotiguar.com.br\/index.php\/wp-json\/wp\/v2\/categories?post=36039"},{"taxonomy":"post_tag","embeddable":true,"href":"https:\/\/justicapotiguar.com.br\/index.php\/wp-json\/wp\/v2\/tags?post=36039"}],"curies":[{"name":"wp","href":"https:\/\/api.w.org\/{rel}","templated":true}]}}