{"id":36037,"date":"2024-03-06T18:37:42","date_gmt":"2024-03-06T21:37:42","guid":{"rendered":"https:\/\/justicapotiguar.com.br\/?p=36037"},"modified":"2024-03-06T18:37:42","modified_gmt":"2024-03-06T21:37:42","slug":"toffoli-pede-vista-e-stf-suspende-julgamento-sobre-descriminalizacao-do-porte-da-maconha-para-consumo","status":"publish","type":"post","link":"https:\/\/justicapotiguar.com.br\/index.php\/2024\/03\/06\/toffoli-pede-vista-e-stf-suspende-julgamento-sobre-descriminalizacao-do-porte-da-maconha-para-consumo\/","title":{"rendered":"Toffoli pede vista e STF suspende julgamento sobre descriminaliza\u00e7\u00e3o do porte da maconha para consumo"},"content":{"rendered":"\n<p>O Supremo Tribunal Federal (STF) suspendeu o julgamento que trata da descriminaliza\u00e7\u00e3o do porte de maconha para consumo pr\u00f3prio.<\/p>\n\n\n\n<p>O ministro Dias Toffoli pediu vista (mais tempo para an\u00e1lise) na sess\u00e3o desta quarta-feira (6). Ele pode ficar com o processo por at\u00e9 90 dias. Ainda n\u00e3o h\u00e1 data para o caso ser retomado.<\/p>\n\n\n\n<p>At\u00e9 o momento, o placar est\u00e1 5 a 3 para descriminalizar o porte s\u00f3 da maconha para consumo pr\u00f3prio.<\/p>\n\n\n\n<p>J\u00e1 h\u00e1 maioria de votos pela necessidade de a Corte definir um crit\u00e9rio objetivo, como quantidade de droga, para diferenciar usu\u00e1rio de traficante. Todos os oito ministros que se manifestaram, foram a favor de fixar esse par\u00e2metro.<\/p>\n\n\n\n<p>At\u00e9 o momento, a proposta com mais ades\u00f5es (quatro votos) estabelece um crit\u00e9rio de at\u00e9 60 gramas para se presumir o consumo.<\/p>\n\n\n\n<p>Essa sugest\u00e3o foi feita no voto de Alexandre de Moraes. Aderiram a ela os ministros Gilmar Mendes, Roberto Barroso e Rosa Weber.<\/p>\n\n\n\n<p>Cristiano Zanin e Nunes Marques propuseram como crit\u00e9rio 25 gramas de maconha. Andr\u00e9 Mendon\u00e7a sugeriu 10 gramas, mas isso at\u00e9 o Congresso deliberar sobre a diferencia\u00e7\u00e3o. Ele votou para dar prazo de 180 dias para essa defini\u00e7\u00e3o pelo Legislativo.<\/p>\n\n\n\n<p>J\u00e1 Edson Fachin votou pela necessidade de fixar objetivamente e diferencia\u00e7\u00e3o entre usu\u00e1rio e traficante, mas prop\u00f4s que essa medida seja tomada pelo Congresso.<\/p><div class=\"yyyrb69f1b99d116c4\" ><!--<a href=\"https:\/\/bit.ly\/3QdrqTZ\" target=\"_blank\">\n<img src=\"https:\/\/justicapotiguar.com.br\/wp-content\/uploads\/2023\/09\/mobile-geral.gif\"\/><a\/>--><\/div><style type=\"text\/css\">\r\n.yyyrb69f1b99d116c4 {\r\ntext-align: center;\r\n}\r\n@media screen and (min-width: 1201px) {\r\n.yyyrb69f1b99d116c4 {\r\ndisplay: none;\r\n}\r\n}\r\n@media screen and (min-width: 993px) and (max-width: 1200px) {\r\n.yyyrb69f1b99d116c4 {\r\ndisplay: none;\r\n}\r\n}\r\n@media screen and (min-width: 769px) and (max-width: 992px) {\r\n.yyyrb69f1b99d116c4 {\r\ndisplay: none;\r\n}\r\n}\r\n@media screen and (min-width: 768px) and (max-width: 768px) {\r\n.yyyrb69f1b99d116c4 {\r\ndisplay: block;\r\n}\r\n}\r\n@media screen and (max-width: 767px) {\r\n.yyyrb69f1b99d116c4 {\r\ndisplay: block;\r\n}\r\n}\r\n<\/style>\r\n<div class=\"fwssp69f1b99d116b0\" ><!--<a href=\"https:\/\/bit.ly\/3QdrqTZ\" target=\"_blank\">\n<img src=\"https:\/\/justicapotiguar.com.br\/wp-content\/uploads\/2023\/09\/desktop-geral.gif\"\/><a\/>--><\/div><style type=\"text\/css\">\r\n.fwssp69f1b99d116b0 {\r\ntext-align: center;\nmargin-bottom: 1em;\r\n}\r\n@media screen and (min-width: 1201px) {\r\n.fwssp69f1b99d116b0 {\r\ndisplay: block;\r\n}\r\n}\r\n@media screen and (min-width: 993px) and (max-width: 1200px) {\r\n.fwssp69f1b99d116b0 {\r\ndisplay: block;\r\n}\r\n}\r\n@media screen and (min-width: 769px) and (max-width: 992px) {\r\n.fwssp69f1b99d116b0 {\r\ndisplay: block;\r\n}\r\n}\r\n@media screen and (min-width: 768px) and (max-width: 768px) {\r\n.fwssp69f1b99d116b0 {\r\ndisplay: none;\r\n}\r\n}\r\n@media screen and (max-width: 767px) {\r\n.fwssp69f1b99d116b0 {\r\ndisplay: none;\r\n}\r\n}\r\n<\/style>\r\n\n\n\n\n<p><strong>Hist\u00f3rico do julgamento<\/strong><\/p>\n\n\n\n<p>O julgamento do caso se arrasta no STF desde 2015. A discuss\u00e3o do tema, retomada pelos ministros em 2023, provocou ru\u00eddos e diverg\u00eancias com o Congresso. Uma proposta de emenda \u00e0 Constitui\u00e7\u00e3o (PEC) foi apresentada no Senado com objetivo de criminalizar a posse e o porte de quaisquer entorpecentes e drogas.<\/p>\n\n\n\n<figure class=\"wp-block-image size-large\"><img loading=\"lazy\" width=\"640\" height=\"471\" src=\"https:\/\/justicapotiguar.com.br\/wp-content\/uploads\/2019\/11\/dias-toffoli-no-julgamento-2a-instancia.jpg\" alt=\"\" class=\"wp-image-4094\" srcset=\"https:\/\/justicapotiguar.com.br\/wp-content\/uploads\/2019\/11\/dias-toffoli-no-julgamento-2a-instancia.jpg 640w, https:\/\/justicapotiguar.com.br\/wp-content\/uploads\/2019\/11\/dias-toffoli-no-julgamento-2a-instancia-300x221.jpg 300w\" sizes=\"(max-width: 640px) 100vw, 640px\" \/><figcaption>Reprodu\u00e7\u00e3o<\/figcaption><\/figure>\n\n\n\n<p>A discuss\u00e3o no STF gira em torno da constitucionalidade do artigo 28 da Lei de Drogas, de 2006. A norma estabelece que \u00e9 crime adquirir, guardar ou transportar drogas para consumo pessoal.<\/p>\n\n\n\n<p>Pela lei, a puni\u00e7\u00e3o para esse crime envolve penas alternativas, como medidas educativas, advert\u00eancia e presta\u00e7\u00e3o de servi\u00e7os, e n\u00e3o leva \u00e0 pris\u00e3o.<\/p>\n\n\n\n<p>Ocorre que, como n\u00e3o h\u00e1 uma diferencia\u00e7\u00e3o clara e objetiva na norma entre usu\u00e1rio e traficante, pol\u00edcias e o sistema de Justi\u00e7a acabam tratando de formas diferentes pessoas de acordo com a cor da pele, classe social ou local de resid\u00eancia.<\/p>\n\n\n\n<p>O caso analisado pelo STF tem repercuss\u00e3o geral, ou seja, o entendimento que vier a ser tomado pela Corte dever\u00e1 ser adotado em processos semelhantes em toda a Justi\u00e7a.<\/p>\n\n\n\n<p><strong>CNN Brasil<\/strong><\/p>\n","protected":false},"excerpt":{"rendered":"<p>O Supremo Tribunal Federal (STF) suspendeu o julgamento que trata da descriminaliza\u00e7\u00e3o do porte de maconha para consumo pr\u00f3prio. O ministro Dias Toffoli pediu vista (mais tempo para an\u00e1lise) na sess\u00e3o desta quarta-feira (6). Ele pode ficar com o processo por at\u00e9 90 dias. Ainda n\u00e3o h\u00e1 data para o caso ser retomado. At\u00e9 o<br \/><a class=\"more-link\" href=\"https:\/\/justicapotiguar.com.br\/index.php\/2024\/03\/06\/toffoli-pede-vista-e-stf-suspende-julgamento-sobre-descriminalizacao-do-porte-da-maconha-para-consumo\/\">Mais&#8230;<\/a><\/p>\n","protected":false},"author":5,"featured_media":0,"comment_status":"open","ping_status":"open","sticky":false,"template":"","format":"standard","meta":[],"categories":[1],"tags":[],"_links":{"self":[{"href":"https:\/\/justicapotiguar.com.br\/index.php\/wp-json\/wp\/v2\/posts\/36037"}],"collection":[{"href":"https:\/\/justicapotiguar.com.br\/index.php\/wp-json\/wp\/v2\/posts"}],"about":[{"href":"https:\/\/justicapotiguar.com.br\/index.php\/wp-json\/wp\/v2\/types\/post"}],"author":[{"embeddable":true,"href":"https:\/\/justicapotiguar.com.br\/index.php\/wp-json\/wp\/v2\/users\/5"}],"replies":[{"embeddable":true,"href":"https:\/\/justicapotiguar.com.br\/index.php\/wp-json\/wp\/v2\/comments?post=36037"}],"version-history":[{"count":1,"href":"https:\/\/justicapotiguar.com.br\/index.php\/wp-json\/wp\/v2\/posts\/36037\/revisions"}],"predecessor-version":[{"id":36038,"href":"https:\/\/justicapotiguar.com.br\/index.php\/wp-json\/wp\/v2\/posts\/36037\/revisions\/36038"}],"wp:attachment":[{"href":"https:\/\/justicapotiguar.com.br\/index.php\/wp-json\/wp\/v2\/media?parent=36037"}],"wp:term":[{"taxonomy":"category","embeddable":true,"href":"https:\/\/justicapotiguar.com.br\/index.php\/wp-json\/wp\/v2\/categories?post=36037"},{"taxonomy":"post_tag","embeddable":true,"href":"https:\/\/justicapotiguar.com.br\/index.php\/wp-json\/wp\/v2\/tags?post=36037"}],"curies":[{"name":"wp","href":"https:\/\/api.w.org\/{rel}","templated":true}]}}