{"id":36035,"date":"2024-03-06T18:36:28","date_gmt":"2024-03-06T21:36:28","guid":{"rendered":"https:\/\/justicapotiguar.com.br\/?p=36035"},"modified":"2024-03-06T18:36:28","modified_gmt":"2024-03-06T21:36:28","slug":"video-descriminalizacao-do-porte-de-drogas-incrementa-o-consumo-diz-nunes-marques-durante-voto-no-stf","status":"publish","type":"post","link":"https:\/\/justicapotiguar.com.br\/index.php\/2024\/03\/06\/video-descriminalizacao-do-porte-de-drogas-incrementa-o-consumo-diz-nunes-marques-durante-voto-no-stf\/","title":{"rendered":"V\u00cdDEO: \u201cDescriminaliza\u00e7\u00e3o do porte de drogas incrementa o consumo\u201d, diz Nunes Marques durante voto no STF"},"content":{"rendered":"\n<figure class=\"wp-block-embed is-type-video is-provider-youtube wp-block-embed-youtube wp-embed-aspect-16-9 wp-has-aspect-ratio\"><div class=\"wp-block-embed__wrapper\">\n<iframe loading=\"lazy\" title=\"&quot;A descriminaliza\u00e7\u00e3o do porte de drogas incrementa o consumo&quot;, diz Kassio Nunes durante voto no STF\" width=\"640\" height=\"360\" src=\"https:\/\/www.youtube.com\/embed\/GpzbZnlNLnE?feature=oembed\" frameborder=\"0\" allow=\"accelerometer; autoplay; clipboard-write; encrypted-media; gyroscope; picture-in-picture; web-share\" allowfullscreen><\/iframe>\n<\/div><\/figure>\n\n\n\n<p><\/p>\n\n\n\n<p>Durante o voto na discuss\u00e3o sobre porte de maconha, o ministro do STF Kassio Nunes Marques disse: \u2018O aumento do consumo de drogas alimenta o tr\u00e1fico e a descriminaliza\u00e7\u00e3o do porte de drogas incrementa o consumo\u2019. O debate ocorre no plen\u00e1rio do Supremo nesta quarta-feira (6).<\/p><div class=\"rtgxm69f1b99cebf54\" ><!--<a href=\"https:\/\/bit.ly\/3QdrqTZ\" target=\"_blank\">\n<img src=\"https:\/\/justicapotiguar.com.br\/wp-content\/uploads\/2023\/09\/mobile-geral.gif\"\/><a\/>--><\/div><style type=\"text\/css\">\r\n.rtgxm69f1b99cebf54 {\r\ntext-align: center;\r\n}\r\n@media screen and (min-width: 1201px) {\r\n.rtgxm69f1b99cebf54 {\r\ndisplay: none;\r\n}\r\n}\r\n@media screen and (min-width: 993px) and (max-width: 1200px) {\r\n.rtgxm69f1b99cebf54 {\r\ndisplay: none;\r\n}\r\n}\r\n@media screen and (min-width: 769px) and (max-width: 992px) {\r\n.rtgxm69f1b99cebf54 {\r\ndisplay: none;\r\n}\r\n}\r\n@media screen and (min-width: 768px) and (max-width: 768px) {\r\n.rtgxm69f1b99cebf54 {\r\ndisplay: block;\r\n}\r\n}\r\n@media screen and (max-width: 767px) {\r\n.rtgxm69f1b99cebf54 {\r\ndisplay: block;\r\n}\r\n}\r\n<\/style>\r\n<div class=\"fyrin69f1b99cebf41\" ><!--<a href=\"https:\/\/bit.ly\/3QdrqTZ\" target=\"_blank\">\n<img src=\"https:\/\/justicapotiguar.com.br\/wp-content\/uploads\/2023\/09\/desktop-geral.gif\"\/><a\/>--><\/div><style type=\"text\/css\">\r\n.fyrin69f1b99cebf41 {\r\ntext-align: center;\nmargin-bottom: 1em;\r\n}\r\n@media screen and (min-width: 1201px) {\r\n.fyrin69f1b99cebf41 {\r\ndisplay: block;\r\n}\r\n}\r\n@media screen and (min-width: 993px) and (max-width: 1200px) {\r\n.fyrin69f1b99cebf41 {\r\ndisplay: block;\r\n}\r\n}\r\n@media screen and (min-width: 769px) and (max-width: 992px) {\r\n.fyrin69f1b99cebf41 {\r\ndisplay: block;\r\n}\r\n}\r\n@media screen and (min-width: 768px) and (max-width: 768px) {\r\n.fyrin69f1b99cebf41 {\r\ndisplay: none;\r\n}\r\n}\r\n@media screen and (max-width: 767px) {\r\n.fyrin69f1b99cebf41 {\r\ndisplay: none;\r\n}\r\n}\r\n<\/style>\r\n\n\n\n\n<p><strong>Com informa\u00e7\u00f5es de Folha de S. Paulo<\/strong><\/p>\n","protected":false},"excerpt":{"rendered":"<p>Durante o voto na discuss\u00e3o sobre porte de maconha, o ministro do STF Kassio Nunes Marques disse: \u2018O aumento do consumo de drogas alimenta o tr\u00e1fico e a descriminaliza\u00e7\u00e3o do porte de drogas incrementa o consumo\u2019. O debate ocorre no plen\u00e1rio do Supremo nesta quarta-feira (6). Com informa\u00e7\u00f5es de Folha de S. Paulo<br \/><a class=\"more-link\" href=\"https:\/\/justicapotiguar.com.br\/index.php\/2024\/03\/06\/video-descriminalizacao-do-porte-de-drogas-incrementa-o-consumo-diz-nunes-marques-durante-voto-no-stf\/\">Mais&#8230;<\/a><\/p>\n","protected":false},"author":5,"featured_media":0,"comment_status":"open","ping_status":"open","sticky":false,"template":"","format":"standard","meta":[],"categories":[1],"tags":[],"_links":{"self":[{"href":"https:\/\/justicapotiguar.com.br\/index.php\/wp-json\/wp\/v2\/posts\/36035"}],"collection":[{"href":"https:\/\/justicapotiguar.com.br\/index.php\/wp-json\/wp\/v2\/posts"}],"about":[{"href":"https:\/\/justicapotiguar.com.br\/index.php\/wp-json\/wp\/v2\/types\/post"}],"author":[{"embeddable":true,"href":"https:\/\/justicapotiguar.com.br\/index.php\/wp-json\/wp\/v2\/users\/5"}],"replies":[{"embeddable":true,"href":"https:\/\/justicapotiguar.com.br\/index.php\/wp-json\/wp\/v2\/comments?post=36035"}],"version-history":[{"count":1,"href":"https:\/\/justicapotiguar.com.br\/index.php\/wp-json\/wp\/v2\/posts\/36035\/revisions"}],"predecessor-version":[{"id":36036,"href":"https:\/\/justicapotiguar.com.br\/index.php\/wp-json\/wp\/v2\/posts\/36035\/revisions\/36036"}],"wp:attachment":[{"href":"https:\/\/justicapotiguar.com.br\/index.php\/wp-json\/wp\/v2\/media?parent=36035"}],"wp:term":[{"taxonomy":"category","embeddable":true,"href":"https:\/\/justicapotiguar.com.br\/index.php\/wp-json\/wp\/v2\/categories?post=36035"},{"taxonomy":"post_tag","embeddable":true,"href":"https:\/\/justicapotiguar.com.br\/index.php\/wp-json\/wp\/v2\/tags?post=36035"}],"curies":[{"name":"wp","href":"https:\/\/api.w.org\/{rel}","templated":true}]}}