{"id":36033,"date":"2024-03-06T18:00:55","date_gmt":"2024-03-06T21:00:55","guid":{"rendered":"https:\/\/justicapotiguar.com.br\/?p=36033"},"modified":"2024-03-06T18:00:55","modified_gmt":"2024-03-06T21:00:55","slug":"stf-mendonca-diverge-de-barroso-e-vota-contra-descriminalizacao-do-porte-de-maconha","status":"publish","type":"post","link":"https:\/\/justicapotiguar.com.br\/index.php\/2024\/03\/06\/stf-mendonca-diverge-de-barroso-e-vota-contra-descriminalizacao-do-porte-de-maconha\/","title":{"rendered":"STF: Mendon\u00e7a diverge de Barroso e vota contra descriminaliza\u00e7\u00e3o do porte de maconha"},"content":{"rendered":"\n<figure class=\"wp-block-embed is-type-video is-provider-youtube wp-block-embed-youtube wp-embed-aspect-16-9 wp-has-aspect-ratio\"><div class=\"wp-block-embed__wrapper\">\n<iframe loading=\"lazy\" title=\"Mendon\u00e7a: &quot;Estamos tratando de descriminaliza\u00e7\u00e3o&quot;\" width=\"640\" height=\"360\" src=\"https:\/\/www.youtube.com\/embed\/Y42JF7aYOB4?feature=oembed\" frameborder=\"0\" allow=\"accelerometer; autoplay; clipboard-write; encrypted-media; gyroscope; picture-in-picture; web-share\" allowfullscreen><\/iframe>\n<\/div><\/figure>\n\n\n\n<p><\/p>\n\n\n\n<p>O&nbsp;<a href=\"https:\/\/www.metropoles.com\/brasil\/stf-julga-acao-sobre-descriminalizacao-do-porte-de-drogas-acompanhe\" target=\"_blank\" rel=\"noreferrer noopener\">ministro Andr\u00e9 Mendon\u00e7a<\/a>, do&nbsp;<a href=\"https:\/\/portal.stf.jus.br\/\" target=\"_blank\" rel=\"noreferrer noopener\">Supremo Tribunal Federal (STF),<\/a>&nbsp;votou contra a descriminaliza\u00e7\u00e3o do porte de maconha e demais drogas para uso pessoal, mas a favor do estabelecimento de distin\u00e7\u00e3o entre tr\u00e1fico e uso. Mendon\u00e7a levou ao plen\u00e1rio do STF seu voto-vista no qual concordou com a diverg\u00eancia aberta por Cristiano Zanin e deixou o placar pela descriminaliza\u00e7\u00e3o do porte em 5 a 2.<\/p>\n\n\n\n<p>Durante o embasamento de seu voto, Mendon\u00e7a levou estudos sobre os efeitos nocivos da maconha e ainda apontou preju\u00edzos na sa\u00fade mental de jovens, adolescentes e na sa\u00fade f\u00edsica de mulheres gr\u00e1vidas. \u201cH\u00e1 uma imagem falsa de que maconha n\u00e3o faz mal\u201d, disse Mendon\u00e7a em seu voto. Ele ainda completou: \u201cfumar maconha \u00e9 o primeiro passo para o precip\u00edcio\u201d.<\/p><div class=\"nmpfh69f1b95107a21\" ><!--<a href=\"https:\/\/bit.ly\/3QdrqTZ\" target=\"_blank\">\n<img src=\"https:\/\/justicapotiguar.com.br\/wp-content\/uploads\/2023\/09\/mobile-geral.gif\"\/><a\/>--><\/div><style type=\"text\/css\">\r\n.nmpfh69f1b95107a21 {\r\ntext-align: center;\r\n}\r\n@media screen and (min-width: 1201px) {\r\n.nmpfh69f1b95107a21 {\r\ndisplay: none;\r\n}\r\n}\r\n@media screen and (min-width: 993px) and (max-width: 1200px) {\r\n.nmpfh69f1b95107a21 {\r\ndisplay: none;\r\n}\r\n}\r\n@media screen and (min-width: 769px) and (max-width: 992px) {\r\n.nmpfh69f1b95107a21 {\r\ndisplay: none;\r\n}\r\n}\r\n@media screen and (min-width: 768px) and (max-width: 768px) {\r\n.nmpfh69f1b95107a21 {\r\ndisplay: block;\r\n}\r\n}\r\n@media screen and (max-width: 767px) {\r\n.nmpfh69f1b95107a21 {\r\ndisplay: block;\r\n}\r\n}\r\n<\/style>\r\n<div class=\"hyght69f1b95107a0e\" ><!--<a href=\"https:\/\/bit.ly\/3QdrqTZ\" target=\"_blank\">\n<img src=\"https:\/\/justicapotiguar.com.br\/wp-content\/uploads\/2023\/09\/desktop-geral.gif\"\/><a\/>--><\/div><style type=\"text\/css\">\r\n.hyght69f1b95107a0e {\r\ntext-align: center;\nmargin-bottom: 1em;\r\n}\r\n@media screen and (min-width: 1201px) {\r\n.hyght69f1b95107a0e {\r\ndisplay: block;\r\n}\r\n}\r\n@media screen and (min-width: 993px) and (max-width: 1200px) {\r\n.hyght69f1b95107a0e {\r\ndisplay: block;\r\n}\r\n}\r\n@media screen and (min-width: 769px) and (max-width: 992px) {\r\n.hyght69f1b95107a0e {\r\ndisplay: block;\r\n}\r\n}\r\n@media screen and (min-width: 768px) and (max-width: 768px) {\r\n.hyght69f1b95107a0e {\r\ndisplay: none;\r\n}\r\n}\r\n@media screen and (max-width: 767px) {\r\n.hyght69f1b95107a0e {\r\ndisplay: none;\r\n}\r\n}\r\n<\/style>\r\n\n\n\n\n<p>Com o voto, o STF tem, at\u00e9 o momento, cinco votos a favor da descriminaliza\u00e7\u00e3o apenas do porte de maconha: Gilmar Mendes, Edson Fachin, Lu\u00eds Roberto Barroso, Alexandre de Moraes e Rosa Weber. Os dois contr\u00e1rios s\u00e3o de Cristiano Zanin e Andr\u00e9 Medon\u00e7a.<\/p>\n\n\n\n<p>No mesmo voto, no entanto, Mendon\u00e7a foi favor\u00e1vel a estabelecer&nbsp;<a href=\"https:\/\/www.metropoles.com\/brasil\/stf-forma-maioria-para-diferenciar-usuario-e-traficante-de-maconha\" target=\"_blank\" rel=\"noreferrer noopener\">uma quantidade m\u00ednima da droga que diferencie usu\u00e1rio de maconha de traficante.<\/a>&nbsp;Para o ministro, essa quantia deveria ser fixada em 10 gramas para que seja considerado usu\u00e1rio.<\/p>\n","protected":false},"excerpt":{"rendered":"<p>O&nbsp;ministro Andr\u00e9 Mendon\u00e7a, do&nbsp;Supremo Tribunal Federal (STF),&nbsp;votou contra a descriminaliza\u00e7\u00e3o do porte de maconha e demais drogas para uso pessoal, mas a favor do estabelecimento de distin\u00e7\u00e3o entre tr\u00e1fico e uso. Mendon\u00e7a levou ao plen\u00e1rio do STF seu voto-vista no qual concordou com a diverg\u00eancia aberta por Cristiano Zanin e deixou o placar pela descriminaliza\u00e7\u00e3o<br \/><a class=\"more-link\" href=\"https:\/\/justicapotiguar.com.br\/index.php\/2024\/03\/06\/stf-mendonca-diverge-de-barroso-e-vota-contra-descriminalizacao-do-porte-de-maconha\/\">Mais&#8230;<\/a><\/p>\n","protected":false},"author":5,"featured_media":0,"comment_status":"open","ping_status":"open","sticky":false,"template":"","format":"standard","meta":[],"categories":[1],"tags":[],"_links":{"self":[{"href":"https:\/\/justicapotiguar.com.br\/index.php\/wp-json\/wp\/v2\/posts\/36033"}],"collection":[{"href":"https:\/\/justicapotiguar.com.br\/index.php\/wp-json\/wp\/v2\/posts"}],"about":[{"href":"https:\/\/justicapotiguar.com.br\/index.php\/wp-json\/wp\/v2\/types\/post"}],"author":[{"embeddable":true,"href":"https:\/\/justicapotiguar.com.br\/index.php\/wp-json\/wp\/v2\/users\/5"}],"replies":[{"embeddable":true,"href":"https:\/\/justicapotiguar.com.br\/index.php\/wp-json\/wp\/v2\/comments?post=36033"}],"version-history":[{"count":1,"href":"https:\/\/justicapotiguar.com.br\/index.php\/wp-json\/wp\/v2\/posts\/36033\/revisions"}],"predecessor-version":[{"id":36034,"href":"https:\/\/justicapotiguar.com.br\/index.php\/wp-json\/wp\/v2\/posts\/36033\/revisions\/36034"}],"wp:attachment":[{"href":"https:\/\/justicapotiguar.com.br\/index.php\/wp-json\/wp\/v2\/media?parent=36033"}],"wp:term":[{"taxonomy":"category","embeddable":true,"href":"https:\/\/justicapotiguar.com.br\/index.php\/wp-json\/wp\/v2\/categories?post=36033"},{"taxonomy":"post_tag","embeddable":true,"href":"https:\/\/justicapotiguar.com.br\/index.php\/wp-json\/wp\/v2\/tags?post=36033"}],"curies":[{"name":"wp","href":"https:\/\/api.w.org\/{rel}","templated":true}]}}