{"id":36016,"date":"2024-03-06T11:43:55","date_gmt":"2024-03-06T14:43:55","guid":{"rendered":"https:\/\/justicapotiguar.com.br\/?p=36016"},"modified":"2024-03-06T11:43:55","modified_gmt":"2024-03-06T14:43:55","slug":"elas-em-pauta-cejuscs-de-natal-e-mossoro-vao-priorizar-processos-trabalhistas-com-mulheres-entre-as-partes","status":"publish","type":"post","link":"https:\/\/justicapotiguar.com.br\/index.php\/2024\/03\/06\/elas-em-pauta-cejuscs-de-natal-e-mossoro-vao-priorizar-processos-trabalhistas-com-mulheres-entre-as-partes\/","title":{"rendered":"Elas em Pauta: Cejuscs de Natal e Mossor\u00f3 v\u00e3o priorizar processos trabalhistas com mulheres entre as partes"},"content":{"rendered":"\n<p>Os Centros Judici\u00e1rios de M\u00e9todos Consensuais de Solu\u00e7\u00e3o de Disputas (Cejuscs) de Natal e Mossor\u00f3 est\u00e3o mobilizados para o Dia da Mulher, celebrado no dia 8 de mar\u00e7o.&nbsp;<\/p>\n\n\n\n<figure class=\"wp-block-image size-large\"><img loading=\"lazy\" width=\"800\" height=\"526\" src=\"https:\/\/justicapotiguar.com.br\/wp-content\/uploads\/2024\/03\/Site-Cejuscs-de-Natal-e-Mossoro-vao-priorizar-processos-com-mulheres-entre-as-partes.jpg\" alt=\"\" class=\"wp-image-36017\" srcset=\"https:\/\/justicapotiguar.com.br\/wp-content\/uploads\/2024\/03\/Site-Cejuscs-de-Natal-e-Mossoro-vao-priorizar-processos-com-mulheres-entre-as-partes.jpg 800w, https:\/\/justicapotiguar.com.br\/wp-content\/uploads\/2024\/03\/Site-Cejuscs-de-Natal-e-Mossoro-vao-priorizar-processos-com-mulheres-entre-as-partes-300x197.jpg 300w, https:\/\/justicapotiguar.com.br\/wp-content\/uploads\/2024\/03\/Site-Cejuscs-de-Natal-e-Mossoro-vao-priorizar-processos-com-mulheres-entre-as-partes-768x505.jpg 768w\" sizes=\"(max-width: 800px) 100vw, 800px\" \/><\/figure>\n\n\n\n<p>Na sexta-feira, a partir das 8h, o Centro Judici\u00e1rio de M\u00e9todos Consensuais de Solu\u00e7\u00e3o de Disputas de Natal vai realizar o \u2018Elas em Pauta\u2019, um dia dedicado \u00e0 realiza\u00e7\u00e3o de concilia\u00e7\u00f5es entre empregadoras e trabalhadoras.&nbsp;<\/p>\n\n\n\n<p>A pauta do Cejusc Natal j\u00e1 conta com 32 processos e ser\u00e1 presidida pelas ju\u00edzas Simone Jalil, Rachel Villar e F\u00e1tima Christiane de Oliveira.<\/p><div class=\"ybhtz69f1b7c2c689a\" ><!--<a href=\"https:\/\/bit.ly\/3QdrqTZ\" target=\"_blank\">\n<img src=\"https:\/\/justicapotiguar.com.br\/wp-content\/uploads\/2023\/09\/mobile-geral.gif\"\/><a\/>--><\/div><style type=\"text\/css\">\r\n.ybhtz69f1b7c2c689a {\r\ntext-align: center;\r\n}\r\n@media screen and (min-width: 1201px) {\r\n.ybhtz69f1b7c2c689a {\r\ndisplay: none;\r\n}\r\n}\r\n@media screen and (min-width: 993px) and (max-width: 1200px) {\r\n.ybhtz69f1b7c2c689a {\r\ndisplay: none;\r\n}\r\n}\r\n@media screen and (min-width: 769px) and (max-width: 992px) {\r\n.ybhtz69f1b7c2c689a {\r\ndisplay: none;\r\n}\r\n}\r\n@media screen and (min-width: 768px) and (max-width: 768px) {\r\n.ybhtz69f1b7c2c689a {\r\ndisplay: block;\r\n}\r\n}\r\n@media screen and (max-width: 767px) {\r\n.ybhtz69f1b7c2c689a {\r\ndisplay: block;\r\n}\r\n}\r\n<\/style>\r\n<div class=\"qpyqy69f1b7c2c687b\" ><!--<a href=\"https:\/\/bit.ly\/3QdrqTZ\" target=\"_blank\">\n<img src=\"https:\/\/justicapotiguar.com.br\/wp-content\/uploads\/2023\/09\/desktop-geral.gif\"\/><a\/>--><\/div><style type=\"text\/css\">\r\n.qpyqy69f1b7c2c687b {\r\ntext-align: center;\nmargin-bottom: 1em;\r\n}\r\n@media screen and (min-width: 1201px) {\r\n.qpyqy69f1b7c2c687b {\r\ndisplay: block;\r\n}\r\n}\r\n@media screen and (min-width: 993px) and (max-width: 1200px) {\r\n.qpyqy69f1b7c2c687b {\r\ndisplay: block;\r\n}\r\n}\r\n@media screen and (min-width: 769px) and (max-width: 992px) {\r\n.qpyqy69f1b7c2c687b {\r\ndisplay: block;\r\n}\r\n}\r\n@media screen and (min-width: 768px) and (max-width: 768px) {\r\n.qpyqy69f1b7c2c687b {\r\ndisplay: none;\r\n}\r\n}\r\n@media screen and (max-width: 767px) {\r\n.qpyqy69f1b7c2c687b {\r\ndisplay: none;\r\n}\r\n}\r\n<\/style>\r\n\n\n\n\n<p>Em Mossor\u00f3, o Cejusc tamb\u00e9m vai participar do \u201cElas em Pauta\u201d com a prioriza\u00e7\u00e3o da coloca\u00e7\u00e3o de processos com mulheres entre as partes na pauta de concilia\u00e7\u00e3o, durante toda esta semana. Segundo levantamento do Centro Centro Judici\u00e1rio de M\u00e9todos Consensuais de Solu\u00e7\u00e3o de Disputas de Mossor\u00f3, entre 60% e 70% dos processos que estar\u00e3o na pauta seguir\u00e3o esse crit\u00e9rio.<\/p>\n\n\n\n<p><strong>Nacional&nbsp;&nbsp;<\/strong><\/p>\n\n\n\n<p>A ideia do \u201cElas em Pauta\u201d nasceu na 8\u00aa Vara do Trabalho do Recife, em 2022, e em 2023 foi ampliado para todo o estado pernambucano. Em 2024, o Conselho Superior da Justi\u00e7a do Trabalho (CSJT) sugeriu replicar a boa pr\u00e1tica em toda Justi\u00e7a do Trabalho, inclusive, no Tribunal Superior do Trabalho.<\/p>\n","protected":false},"excerpt":{"rendered":"<p>Os Centros Judici\u00e1rios de M\u00e9todos Consensuais de Solu\u00e7\u00e3o de Disputas (Cejuscs) de Natal e Mossor\u00f3 est\u00e3o mobilizados para o Dia da Mulher, celebrado no dia 8 de mar\u00e7o.&nbsp; Na sexta-feira, a partir das 8h, o Centro Judici\u00e1rio de M\u00e9todos Consensuais de Solu\u00e7\u00e3o de Disputas de Natal vai realizar o \u2018Elas em Pauta\u2019, um dia dedicado<br \/><a class=\"more-link\" href=\"https:\/\/justicapotiguar.com.br\/index.php\/2024\/03\/06\/elas-em-pauta-cejuscs-de-natal-e-mossoro-vao-priorizar-processos-trabalhistas-com-mulheres-entre-as-partes\/\">Mais&#8230;<\/a><\/p>\n","protected":false},"author":5,"featured_media":0,"comment_status":"open","ping_status":"open","sticky":false,"template":"","format":"standard","meta":[],"categories":[1],"tags":[],"_links":{"self":[{"href":"https:\/\/justicapotiguar.com.br\/index.php\/wp-json\/wp\/v2\/posts\/36016"}],"collection":[{"href":"https:\/\/justicapotiguar.com.br\/index.php\/wp-json\/wp\/v2\/posts"}],"about":[{"href":"https:\/\/justicapotiguar.com.br\/index.php\/wp-json\/wp\/v2\/types\/post"}],"author":[{"embeddable":true,"href":"https:\/\/justicapotiguar.com.br\/index.php\/wp-json\/wp\/v2\/users\/5"}],"replies":[{"embeddable":true,"href":"https:\/\/justicapotiguar.com.br\/index.php\/wp-json\/wp\/v2\/comments?post=36016"}],"version-history":[{"count":1,"href":"https:\/\/justicapotiguar.com.br\/index.php\/wp-json\/wp\/v2\/posts\/36016\/revisions"}],"predecessor-version":[{"id":36018,"href":"https:\/\/justicapotiguar.com.br\/index.php\/wp-json\/wp\/v2\/posts\/36016\/revisions\/36018"}],"wp:attachment":[{"href":"https:\/\/justicapotiguar.com.br\/index.php\/wp-json\/wp\/v2\/media?parent=36016"}],"wp:term":[{"taxonomy":"category","embeddable":true,"href":"https:\/\/justicapotiguar.com.br\/index.php\/wp-json\/wp\/v2\/categories?post=36016"},{"taxonomy":"post_tag","embeddable":true,"href":"https:\/\/justicapotiguar.com.br\/index.php\/wp-json\/wp\/v2\/tags?post=36016"}],"curies":[{"name":"wp","href":"https:\/\/api.w.org\/{rel}","templated":true}]}}