{"id":36014,"date":"2024-03-06T09:07:00","date_gmt":"2024-03-06T12:07:00","guid":{"rendered":"https:\/\/justicapotiguar.com.br\/?p=36014"},"modified":"2024-03-06T08:09:20","modified_gmt":"2024-03-06T11:09:20","slug":"stj-afasta-prisao-de-idoso-por-pensao-a-filho-empresario-de-32-anos","status":"publish","type":"post","link":"https:\/\/justicapotiguar.com.br\/index.php\/2024\/03\/06\/stj-afasta-prisao-de-idoso-por-pensao-a-filho-empresario-de-32-anos\/","title":{"rendered":"STJ afasta pris\u00e3o de idoso por pens\u00e3o a filho empres\u00e1rio de 32 anos"},"content":{"rendered":"\n<p>A 3\u00aa turma do STJ afastou a pris\u00e3o de idoso que deve pens\u00e3o a filho de 32 anos, microempres\u00e1rio. No voto, o relator, ministro Moura Ribeiro, se indignou com o caso: &#8220;pela Constitui\u00e7\u00e3o ele que deveria estar ajudando o pai, e n\u00e3o pedindo dinheiro&#8221;.<\/p>\n\n\n\n<p>Ao STJ, o homem alegou ser idoso, que passa por dificuldades financeiras e paga outras tr\u00eas pens\u00f5es aliment\u00edcias, al\u00e9m dos problemas de sa\u00fade que lhe acometem.<\/p>\n\n\n\n<figure class=\"wp-block-image size-large\"><img loading=\"lazy\" width=\"760\" height=\"450\" src=\"https:\/\/justicapotiguar.com.br\/wp-content\/uploads\/2020\/04\/confused-senior-man-suffering-with-depression-and-dementia-being-by-picture-id1088937654-760x450.jpg\" alt=\"\" class=\"wp-image-8237\" srcset=\"https:\/\/justicapotiguar.com.br\/wp-content\/uploads\/2020\/04\/confused-senior-man-suffering-with-depression-and-dementia-being-by-picture-id1088937654-760x450.jpg 760w, https:\/\/justicapotiguar.com.br\/wp-content\/uploads\/2020\/04\/confused-senior-man-suffering-with-depression-and-dementia-being-by-picture-id1088937654-760x450-300x178.jpg 300w\" sizes=\"(max-width: 760px) 100vw, 760px\" \/><figcaption>Ilustrativa<\/figcaption><\/figure>\n\n\n\n<p><br>O ministro relator observou que o credor dos alimentos tem 32 anos, microempres\u00e1rio, n\u00e3o tem not\u00edcia de que esteja com dificuldade financeira na vida, n\u00e3o h\u00e1 prova de pedido de recupera\u00e7\u00e3o judicial e nem sequer de certid\u00f5es positivas de d\u00e9bitos fiscais.<\/p>\n\n\n\n<p>&#8220;Pela Constitui\u00e7\u00e3o ele que deveria estar ajudando o pai, e n\u00e3o pedindo dinheiro. Ele tem mais de dois anos de atraso de alimentos, as \u00faltimas 20 parcelas ele pede por cobran\u00e7a e as \u00faltimas tr\u00eas pede pris\u00e3o do pr\u00f3prio pai. \u00c9 uma dor imensa saber que um filho est\u00e1 fazendo uma coisa dessa com o pai. Eu nunca vi uma coisa dessa, uma impetra\u00e7\u00e3o dessa ordem. \u00c9 incompreens\u00edvel.&#8221;<\/p><div class=\"uachj69f1b9518d8c8\" ><!--<a href=\"https:\/\/bit.ly\/3QdrqTZ\" target=\"_blank\">\n<img src=\"https:\/\/justicapotiguar.com.br\/wp-content\/uploads\/2023\/09\/mobile-geral.gif\"\/><a\/>--><\/div><style type=\"text\/css\">\r\n.uachj69f1b9518d8c8 {\r\ntext-align: center;\r\n}\r\n@media screen and (min-width: 1201px) {\r\n.uachj69f1b9518d8c8 {\r\ndisplay: none;\r\n}\r\n}\r\n@media screen and (min-width: 993px) and (max-width: 1200px) {\r\n.uachj69f1b9518d8c8 {\r\ndisplay: none;\r\n}\r\n}\r\n@media screen and (min-width: 769px) and (max-width: 992px) {\r\n.uachj69f1b9518d8c8 {\r\ndisplay: none;\r\n}\r\n}\r\n@media screen and (min-width: 768px) and (max-width: 768px) {\r\n.uachj69f1b9518d8c8 {\r\ndisplay: block;\r\n}\r\n}\r\n@media screen and (max-width: 767px) {\r\n.uachj69f1b9518d8c8 {\r\ndisplay: block;\r\n}\r\n}\r\n<\/style>\r\n<div class=\"chdrs69f1b9518d8b5\" ><!--<a href=\"https:\/\/bit.ly\/3QdrqTZ\" target=\"_blank\">\n<img src=\"https:\/\/justicapotiguar.com.br\/wp-content\/uploads\/2023\/09\/desktop-geral.gif\"\/><a\/>--><\/div><style type=\"text\/css\">\r\n.chdrs69f1b9518d8b5 {\r\ntext-align: center;\nmargin-bottom: 1em;\r\n}\r\n@media screen and (min-width: 1201px) {\r\n.chdrs69f1b9518d8b5 {\r\ndisplay: block;\r\n}\r\n}\r\n@media screen and (min-width: 993px) and (max-width: 1200px) {\r\n.chdrs69f1b9518d8b5 {\r\ndisplay: block;\r\n}\r\n}\r\n@media screen and (min-width: 769px) and (max-width: 992px) {\r\n.chdrs69f1b9518d8b5 {\r\ndisplay: block;\r\n}\r\n}\r\n@media screen and (min-width: 768px) and (max-width: 768px) {\r\n.chdrs69f1b9518d8b5 {\r\ndisplay: none;\r\n}\r\n}\r\n@media screen and (max-width: 767px) {\r\n.chdrs69f1b9518d8b5 {\r\ndisplay: none;\r\n}\r\n}\r\n<\/style>\r\n\n\n\n\n<p>Assim, n\u00e3o conheceu da ordem, mas concedeu de of\u00edcio para que o paciente n\u00e3o se submeta \u00e0 pris\u00e3o.<\/p>\n\n\n\n<p>Processo: HC 871.593<\/p>\n\n\n\n<p>Migalhas <\/p>\n","protected":false},"excerpt":{"rendered":"<p>A 3\u00aa turma do STJ afastou a pris\u00e3o de idoso que deve pens\u00e3o a filho de 32 anos, microempres\u00e1rio. No voto, o relator, ministro Moura Ribeiro, se indignou com o caso: &#8220;pela Constitui\u00e7\u00e3o ele que deveria estar ajudando o pai, e n\u00e3o pedindo dinheiro&#8221;. Ao STJ, o homem alegou ser idoso, que passa por dificuldades<br \/><a class=\"more-link\" href=\"https:\/\/justicapotiguar.com.br\/index.php\/2024\/03\/06\/stj-afasta-prisao-de-idoso-por-pensao-a-filho-empresario-de-32-anos\/\">Mais&#8230;<\/a><\/p>\n","protected":false},"author":5,"featured_media":0,"comment_status":"open","ping_status":"open","sticky":false,"template":"","format":"standard","meta":[],"categories":[1],"tags":[],"_links":{"self":[{"href":"https:\/\/justicapotiguar.com.br\/index.php\/wp-json\/wp\/v2\/posts\/36014"}],"collection":[{"href":"https:\/\/justicapotiguar.com.br\/index.php\/wp-json\/wp\/v2\/posts"}],"about":[{"href":"https:\/\/justicapotiguar.com.br\/index.php\/wp-json\/wp\/v2\/types\/post"}],"author":[{"embeddable":true,"href":"https:\/\/justicapotiguar.com.br\/index.php\/wp-json\/wp\/v2\/users\/5"}],"replies":[{"embeddable":true,"href":"https:\/\/justicapotiguar.com.br\/index.php\/wp-json\/wp\/v2\/comments?post=36014"}],"version-history":[{"count":1,"href":"https:\/\/justicapotiguar.com.br\/index.php\/wp-json\/wp\/v2\/posts\/36014\/revisions"}],"predecessor-version":[{"id":36015,"href":"https:\/\/justicapotiguar.com.br\/index.php\/wp-json\/wp\/v2\/posts\/36014\/revisions\/36015"}],"wp:attachment":[{"href":"https:\/\/justicapotiguar.com.br\/index.php\/wp-json\/wp\/v2\/media?parent=36014"}],"wp:term":[{"taxonomy":"category","embeddable":true,"href":"https:\/\/justicapotiguar.com.br\/index.php\/wp-json\/wp\/v2\/categories?post=36014"},{"taxonomy":"post_tag","embeddable":true,"href":"https:\/\/justicapotiguar.com.br\/index.php\/wp-json\/wp\/v2\/tags?post=36014"}],"curies":[{"name":"wp","href":"https:\/\/api.w.org\/{rel}","templated":true}]}}