{"id":35993,"date":"2024-03-05T08:12:20","date_gmt":"2024-03-05T11:12:20","guid":{"rendered":"https:\/\/justicapotiguar.com.br\/?p=35993"},"modified":"2024-03-05T08:12:20","modified_gmt":"2024-03-05T11:12:20","slug":"governo-do-rn-recorre-da-decisao-de-ministro-do-stf-sobre-aposentadorias-de-servidores-nao-concursados","status":"publish","type":"post","link":"https:\/\/justicapotiguar.com.br\/index.php\/2024\/03\/05\/governo-do-rn-recorre-da-decisao-de-ministro-do-stf-sobre-aposentadorias-de-servidores-nao-concursados\/","title":{"rendered":"Governo do RN recorre da decis\u00e3o de ministro do STF sobre aposentadorias de servidores n\u00e3o concursados"},"content":{"rendered":"\n<p>\u00a0<\/p>\n\n\n\n<p><img loading=\"lazy\" width=\"798\" height=\"506\" srcset=\"https:\/\/assets.blogdobg.com.br\/uploads\/2024\/03\/ipern.jpg 798w, https:\/\/assets.blogdobg.com.br\/uploads\/2024\/03\/ipern-300x190.jpg 300w, https:\/\/assets.blogdobg.com.br\/uploads\/2024\/03\/ipern-768x487.jpg 768w\" src=\"https:\/\/assets.blogdobg.com.br\/uploads\/2024\/03\/ipern.jpg\" alt=\"\"><\/p>\n\n\n\n<p>Foto: Ipern<\/p>\n\n\n\n<p>O Governo do Rio Grande do Norte ingressou com um agravo interno junto ao Supremo Tribunal Federal (STF), nesta segunda-feira (4), contra a decis\u00e3o monocr\u00e1tica do ministro Nunes Marques que manteve o prazo at\u00e9 25 de abril para que servidores contratados sem concurso, e que tiveram estabilidade garantida ap\u00f3s a Constitui\u00e7\u00e3o de 1988, se aposentem dentro da previd\u00eancia pr\u00f3pria do servi\u00e7o p\u00fablico.<\/p><div class=\"ordjr69f0b7a95bb9e\" ><!--<a href=\"https:\/\/bit.ly\/3QdrqTZ\" target=\"_blank\">\n<img src=\"https:\/\/justicapotiguar.com.br\/wp-content\/uploads\/2023\/09\/mobile-geral.gif\"\/><a\/>--><\/div><style type=\"text\/css\">\r\n.ordjr69f0b7a95bb9e {\r\ntext-align: center;\r\n}\r\n@media screen and (min-width: 1201px) {\r\n.ordjr69f0b7a95bb9e {\r\ndisplay: none;\r\n}\r\n}\r\n@media screen and (min-width: 993px) and (max-width: 1200px) {\r\n.ordjr69f0b7a95bb9e {\r\ndisplay: none;\r\n}\r\n}\r\n@media screen and (min-width: 769px) and (max-width: 992px) {\r\n.ordjr69f0b7a95bb9e {\r\ndisplay: none;\r\n}\r\n}\r\n@media screen and (min-width: 768px) and (max-width: 768px) {\r\n.ordjr69f0b7a95bb9e {\r\ndisplay: block;\r\n}\r\n}\r\n@media screen and (max-width: 767px) {\r\n.ordjr69f0b7a95bb9e {\r\ndisplay: block;\r\n}\r\n}\r\n<\/style>\r\n<div class=\"epdus69f0b7a95bb77\" ><!--<a href=\"https:\/\/bit.ly\/3QdrqTZ\" target=\"_blank\">\n<img src=\"https:\/\/justicapotiguar.com.br\/wp-content\/uploads\/2023\/09\/desktop-geral.gif\"\/><a\/>--><\/div><style type=\"text\/css\">\r\n.epdus69f0b7a95bb77 {\r\ntext-align: center;\nmargin-bottom: 1em;\r\n}\r\n@media screen and (min-width: 1201px) {\r\n.epdus69f0b7a95bb77 {\r\ndisplay: block;\r\n}\r\n}\r\n@media screen and (min-width: 993px) and (max-width: 1200px) {\r\n.epdus69f0b7a95bb77 {\r\ndisplay: block;\r\n}\r\n}\r\n@media screen and (min-width: 769px) and (max-width: 992px) {\r\n.epdus69f0b7a95bb77 {\r\ndisplay: block;\r\n}\r\n}\r\n@media screen and (min-width: 768px) and (max-width: 768px) {\r\n.epdus69f0b7a95bb77 {\r\ndisplay: none;\r\n}\r\n}\r\n@media screen and (max-width: 767px) {\r\n.epdus69f0b7a95bb77 {\r\ndisplay: none;\r\n}\r\n}\r\n<\/style>\r\n\n\n\n\n<p>O agravo interposto pela Procuradoria Geral do Estado (PGE) pretende que o ministro reconsidere a decis\u00e3o, ou submeta os autos ao julgamento do colegiado. O prazo estabelecido para aposentadorias dos servidores \u00e9 fruto de um ac\u00f3rd\u00e3o do Tribunal de Contas do Estado (TCE-RN).<\/p>\n\n\n\n<p>\u201c<em>O Governo do Estado, ao mesmo tempo, coloca \u00e0 disposi\u00e7\u00e3o do ministro e da Segunda Turma do STF o memorial da a\u00e7\u00e3o \u2014 que \u00e9 um hist\u00f3rico da a\u00e7\u00e3o \u2014 para que os ministros tomem conhecimento das implica\u00e7\u00f5es pr\u00e1ticas, se mantida a decis\u00e3o do Tribunal de Contas do Estado. Na pr\u00e1tica, s\u00e3o 3.690 servidores que se enquadram no que determina o TCE-RN, e de imediato inviabiliza at\u00e9 mesmo a manuten\u00e7\u00e3o do atendimento no Instituto de Previd\u00eancia dos Servidores Estaduais (Ipern)<\/em>\u201d, disse em nota.<\/p>\n\n\n\n<p>Conforme dados do Ipern, o n\u00famero de pedidos de aposentadorias no instituto feitos nos primeiros dois meses deste ano j\u00e1 se aproxima da quantidade de todo o ano de 2023, quando os servidores ingressaram no \u00f3rg\u00e3o com 2.503 solicita\u00e7\u00f5es. Entre janeiro e fevereiro de 2024, o \u00f3rg\u00e3o j\u00e1 recebeu 2.031 pedidos. O n\u00famero representa um aumento de cerca de 400% para o per\u00edodo se comparado com o ano anterior, contradizendo o que o \u00f3rg\u00e3o alegava anteriormente, de que n\u00e3o estava registrando nenhuma anormalidade no n\u00famero de solicita\u00e7\u00f5es.<\/p>\n","protected":false},"excerpt":{"rendered":"<p>\u00a0 Foto: Ipern O Governo do Rio Grande do Norte ingressou com um agravo interno junto ao Supremo Tribunal Federal (STF), nesta segunda-feira (4), contra a decis\u00e3o monocr\u00e1tica do ministro Nunes Marques que manteve o prazo at\u00e9 25 de abril para que servidores contratados sem concurso, e que tiveram estabilidade garantida ap\u00f3s a Constitui\u00e7\u00e3o de<br \/><a class=\"more-link\" href=\"https:\/\/justicapotiguar.com.br\/index.php\/2024\/03\/05\/governo-do-rn-recorre-da-decisao-de-ministro-do-stf-sobre-aposentadorias-de-servidores-nao-concursados\/\">Mais&#8230;<\/a><\/p>\n","protected":false},"author":5,"featured_media":0,"comment_status":"open","ping_status":"open","sticky":false,"template":"","format":"standard","meta":[],"categories":[1],"tags":[],"_links":{"self":[{"href":"https:\/\/justicapotiguar.com.br\/index.php\/wp-json\/wp\/v2\/posts\/35993"}],"collection":[{"href":"https:\/\/justicapotiguar.com.br\/index.php\/wp-json\/wp\/v2\/posts"}],"about":[{"href":"https:\/\/justicapotiguar.com.br\/index.php\/wp-json\/wp\/v2\/types\/post"}],"author":[{"embeddable":true,"href":"https:\/\/justicapotiguar.com.br\/index.php\/wp-json\/wp\/v2\/users\/5"}],"replies":[{"embeddable":true,"href":"https:\/\/justicapotiguar.com.br\/index.php\/wp-json\/wp\/v2\/comments?post=35993"}],"version-history":[{"count":1,"href":"https:\/\/justicapotiguar.com.br\/index.php\/wp-json\/wp\/v2\/posts\/35993\/revisions"}],"predecessor-version":[{"id":35994,"href":"https:\/\/justicapotiguar.com.br\/index.php\/wp-json\/wp\/v2\/posts\/35993\/revisions\/35994"}],"wp:attachment":[{"href":"https:\/\/justicapotiguar.com.br\/index.php\/wp-json\/wp\/v2\/media?parent=35993"}],"wp:term":[{"taxonomy":"category","embeddable":true,"href":"https:\/\/justicapotiguar.com.br\/index.php\/wp-json\/wp\/v2\/categories?post=35993"},{"taxonomy":"post_tag","embeddable":true,"href":"https:\/\/justicapotiguar.com.br\/index.php\/wp-json\/wp\/v2\/tags?post=35993"}],"curies":[{"name":"wp","href":"https:\/\/api.w.org\/{rel}","templated":true}]}}