{"id":35989,"date":"2024-03-04T18:36:33","date_gmt":"2024-03-04T21:36:33","guid":{"rendered":"https:\/\/justicapotiguar.com.br\/?p=35989"},"modified":"2024-03-04T18:36:33","modified_gmt":"2024-03-04T21:36:33","slug":"prefeitura-de-natal-entra-na-justica-para-liberar-trafego-na-ponte-de-igapo","status":"publish","type":"post","link":"https:\/\/justicapotiguar.com.br\/index.php\/2024\/03\/04\/prefeitura-de-natal-entra-na-justica-para-liberar-trafego-na-ponte-de-igapo\/","title":{"rendered":"Prefeitura de Natal entra na Justi\u00e7a para liberar tr\u00e1fego na Ponte de Igap\u00f3"},"content":{"rendered":"\n<figure class=\"wp-block-image size-large\"><img loading=\"lazy\" width=\"984\" height=\"738\" src=\"https:\/\/justicapotiguar.com.br\/wp-content\/uploads\/2024\/03\/whatsapp-image-2023-09-13-at-08.14.49.jpeg\" alt=\"\" class=\"wp-image-35990\" srcset=\"https:\/\/justicapotiguar.com.br\/wp-content\/uploads\/2024\/03\/whatsapp-image-2023-09-13-at-08.14.49.jpeg 984w, https:\/\/justicapotiguar.com.br\/wp-content\/uploads\/2024\/03\/whatsapp-image-2023-09-13-at-08.14.49-300x225.jpeg 300w, https:\/\/justicapotiguar.com.br\/wp-content\/uploads\/2024\/03\/whatsapp-image-2023-09-13-at-08.14.49-768x576.jpeg 768w\" sizes=\"(max-width: 984px) 100vw, 984px\" \/><figcaption>Reprodu\u00e7\u00e3o G1<\/figcaption><\/figure>\n\n\n\n<p>A Prefeitura de Natal ingressou com a\u00e7\u00e3o na justi\u00e7a federal com pedido para que o DNIT retire o canteiro instalado sobre a ponte de igap\u00f3 e consequentemente libere o tr\u00e1fego de ve\u00edculos no local.<\/p>\n\n\n\n<p>A procuradoria geral do munic\u00edpio de Natal baseia seu pedido em documentos elaboradores por pr\u00f3prios servidores do DNIT que denunciaram a instala\u00e7\u00e3o desnecess\u00e1ria do canteiro sobre a ponte.<\/p><div class=\"mfjuo69f09dfa95940\" ><!--<a href=\"https:\/\/bit.ly\/3QdrqTZ\" target=\"_blank\">\n<img src=\"https:\/\/justicapotiguar.com.br\/wp-content\/uploads\/2023\/09\/mobile-geral.gif\"\/><a\/>--><\/div><style type=\"text\/css\">\r\n.mfjuo69f09dfa95940 {\r\ntext-align: center;\r\n}\r\n@media screen and (min-width: 1201px) {\r\n.mfjuo69f09dfa95940 {\r\ndisplay: none;\r\n}\r\n}\r\n@media screen and (min-width: 993px) and (max-width: 1200px) {\r\n.mfjuo69f09dfa95940 {\r\ndisplay: none;\r\n}\r\n}\r\n@media screen and (min-width: 769px) and (max-width: 992px) {\r\n.mfjuo69f09dfa95940 {\r\ndisplay: none;\r\n}\r\n}\r\n@media screen and (min-width: 768px) and (max-width: 768px) {\r\n.mfjuo69f09dfa95940 {\r\ndisplay: block;\r\n}\r\n}\r\n@media screen and (max-width: 767px) {\r\n.mfjuo69f09dfa95940 {\r\ndisplay: block;\r\n}\r\n}\r\n<\/style>\r\n<div class=\"tlpjn69f09dfa95926\" ><!--<a href=\"https:\/\/bit.ly\/3QdrqTZ\" target=\"_blank\">\n<img src=\"https:\/\/justicapotiguar.com.br\/wp-content\/uploads\/2023\/09\/desktop-geral.gif\"\/><a\/>--><\/div><style type=\"text\/css\">\r\n.tlpjn69f09dfa95926 {\r\ntext-align: center;\nmargin-bottom: 1em;\r\n}\r\n@media screen and (min-width: 1201px) {\r\n.tlpjn69f09dfa95926 {\r\ndisplay: block;\r\n}\r\n}\r\n@media screen and (min-width: 993px) and (max-width: 1200px) {\r\n.tlpjn69f09dfa95926 {\r\ndisplay: block;\r\n}\r\n}\r\n@media screen and (min-width: 769px) and (max-width: 992px) {\r\n.tlpjn69f09dfa95926 {\r\ndisplay: block;\r\n}\r\n}\r\n@media screen and (min-width: 768px) and (max-width: 768px) {\r\n.tlpjn69f09dfa95926 {\r\ndisplay: none;\r\n}\r\n}\r\n@media screen and (max-width: 767px) {\r\n.tlpjn69f09dfa95926 {\r\ndisplay: none;\r\n}\r\n}\r\n<\/style>\r\n\n\n\n\n<p>A PGM alega ainda que mais de 300 mil pessoas est\u00e3o sendo prejudicadas com o fechamento desnecess\u00e1rio da ponte e que a obra de recupera\u00e7\u00e3o do local pode ser realizada sem a necessidade do canteiro ser instalado sobre a ponte.<\/p>\n\n\n\n<p>A a\u00e7\u00e3o ser\u00e1 julgada pela justi\u00e7a federal que marcou audi\u00eancia sobre o tema para o pr\u00f3ximo dia 20 de mar\u00e7o.<\/p>\n","protected":false},"excerpt":{"rendered":"<p>A Prefeitura de Natal ingressou com a\u00e7\u00e3o na justi\u00e7a federal com pedido para que o DNIT retire o canteiro instalado sobre a ponte de igap\u00f3 e consequentemente libere o tr\u00e1fego de ve\u00edculos no local. A procuradoria geral do munic\u00edpio de Natal baseia seu pedido em documentos elaboradores por pr\u00f3prios servidores do DNIT que denunciaram a<br \/><a class=\"more-link\" href=\"https:\/\/justicapotiguar.com.br\/index.php\/2024\/03\/04\/prefeitura-de-natal-entra-na-justica-para-liberar-trafego-na-ponte-de-igapo\/\">Mais&#8230;<\/a><\/p>\n","protected":false},"author":5,"featured_media":0,"comment_status":"open","ping_status":"open","sticky":false,"template":"","format":"standard","meta":[],"categories":[1],"tags":[],"_links":{"self":[{"href":"https:\/\/justicapotiguar.com.br\/index.php\/wp-json\/wp\/v2\/posts\/35989"}],"collection":[{"href":"https:\/\/justicapotiguar.com.br\/index.php\/wp-json\/wp\/v2\/posts"}],"about":[{"href":"https:\/\/justicapotiguar.com.br\/index.php\/wp-json\/wp\/v2\/types\/post"}],"author":[{"embeddable":true,"href":"https:\/\/justicapotiguar.com.br\/index.php\/wp-json\/wp\/v2\/users\/5"}],"replies":[{"embeddable":true,"href":"https:\/\/justicapotiguar.com.br\/index.php\/wp-json\/wp\/v2\/comments?post=35989"}],"version-history":[{"count":1,"href":"https:\/\/justicapotiguar.com.br\/index.php\/wp-json\/wp\/v2\/posts\/35989\/revisions"}],"predecessor-version":[{"id":35991,"href":"https:\/\/justicapotiguar.com.br\/index.php\/wp-json\/wp\/v2\/posts\/35989\/revisions\/35991"}],"wp:attachment":[{"href":"https:\/\/justicapotiguar.com.br\/index.php\/wp-json\/wp\/v2\/media?parent=35989"}],"wp:term":[{"taxonomy":"category","embeddable":true,"href":"https:\/\/justicapotiguar.com.br\/index.php\/wp-json\/wp\/v2\/categories?post=35989"},{"taxonomy":"post_tag","embeddable":true,"href":"https:\/\/justicapotiguar.com.br\/index.php\/wp-json\/wp\/v2\/tags?post=35989"}],"curies":[{"name":"wp","href":"https:\/\/api.w.org\/{rel}","templated":true}]}}