{"id":35983,"date":"2024-03-04T16:28:36","date_gmt":"2024-03-04T19:28:36","guid":{"rendered":"https:\/\/justicapotiguar.com.br\/?p=35983"},"modified":"2024-03-04T16:28:36","modified_gmt":"2024-03-04T19:28:36","slug":"homem-pego-furtando-fios-em-petropolis-tem-prisao-preventiva-decretada","status":"publish","type":"post","link":"https:\/\/justicapotiguar.com.br\/index.php\/2024\/03\/04\/homem-pego-furtando-fios-em-petropolis-tem-prisao-preventiva-decretada\/","title":{"rendered":"Homem pego furtando fios em Petr\u00f3polis tem pris\u00e3o preventiva decretada"},"content":{"rendered":"\n<p><\/p>\n\n\n\n<figure class=\"wp-block-image size-large is-resized\"><img loading=\"lazy\" src=\"https:\/\/justicapotiguar.com.br\/wp-content\/uploads\/2024\/03\/fio.jpg\" alt=\"\" class=\"wp-image-35984\" width=\"401\" height=\"225\"\/><figcaption>Foto: Ilustrativa<\/figcaption><\/figure>\n\n\n\n<p>O juiz Diego Dantas converteu em preventiva a pris\u00e3o de um homem identificado como Matheus Phelipe Alves que foi pego em flagrante pela pol\u00edcia furtando fios de energia no bairro de Petr\u00f3polis.<\/p>\n\n\n\n<p>O magistrado relatou durante audi\u00eancia de cust\u00f3dia realizada nesta segunda, 4,&nbsp; que foi verificado que o suspeito dever\u00e1 responder pelo furto de fios, como tamb\u00e9m pela interrup\u00e7\u00e3o dos servi\u00e7os em decorr\u00eancia do crime.&nbsp;<\/p>\n\n\n\n<p>Com a convers\u00e3o pra pris\u00e3o preventiva, o suspeito permanecer\u00e1 respondendo ao processo detido.<\/p><div class=\"llszz69f071091488f\" ><!--<a href=\"https:\/\/bit.ly\/3QdrqTZ\" target=\"_blank\">\n<img src=\"https:\/\/justicapotiguar.com.br\/wp-content\/uploads\/2023\/09\/mobile-geral.gif\"\/><a\/>--><\/div><style type=\"text\/css\">\r\n.llszz69f071091488f {\r\ntext-align: center;\r\n}\r\n@media screen and (min-width: 1201px) {\r\n.llszz69f071091488f {\r\ndisplay: none;\r\n}\r\n}\r\n@media screen and (min-width: 993px) and (max-width: 1200px) {\r\n.llszz69f071091488f {\r\ndisplay: none;\r\n}\r\n}\r\n@media screen and (min-width: 769px) and (max-width: 992px) {\r\n.llszz69f071091488f {\r\ndisplay: none;\r\n}\r\n}\r\n@media screen and (min-width: 768px) and (max-width: 768px) {\r\n.llszz69f071091488f {\r\ndisplay: block;\r\n}\r\n}\r\n@media screen and (max-width: 767px) {\r\n.llszz69f071091488f {\r\ndisplay: block;\r\n}\r\n}\r\n<\/style>\r\n<div class=\"rcpdw69f071091486f\" ><!--<a href=\"https:\/\/bit.ly\/3QdrqTZ\" target=\"_blank\">\n<img src=\"https:\/\/justicapotiguar.com.br\/wp-content\/uploads\/2023\/09\/desktop-geral.gif\"\/><a\/>--><\/div><style type=\"text\/css\">\r\n.rcpdw69f071091486f {\r\ntext-align: center;\nmargin-bottom: 1em;\r\n}\r\n@media screen and (min-width: 1201px) {\r\n.rcpdw69f071091486f {\r\ndisplay: block;\r\n}\r\n}\r\n@media screen and (min-width: 993px) and (max-width: 1200px) {\r\n.rcpdw69f071091486f {\r\ndisplay: block;\r\n}\r\n}\r\n@media screen and (min-width: 769px) and (max-width: 992px) {\r\n.rcpdw69f071091486f {\r\ndisplay: block;\r\n}\r\n}\r\n@media screen and (min-width: 768px) and (max-width: 768px) {\r\n.rcpdw69f071091486f {\r\ndisplay: none;\r\n}\r\n}\r\n@media screen and (max-width: 767px) {\r\n.rcpdw69f071091486f {\r\ndisplay: none;\r\n}\r\n}\r\n<\/style>\r\n\n\n\n\n<p>Confira termo de audi\u00eancia<\/p>\n\n\n\n<p><\/p>\n\n\n\n<div class=\"wp-block-file\"><a href=\"https:\/\/justicapotiguar.com.br\/wp-content\/uploads\/2024\/03\/Termo-de-Audie\u0302ncia.pdf\">Termo-de-Audie\u0302ncia<\/a><a href=\"https:\/\/justicapotiguar.com.br\/wp-content\/uploads\/2024\/03\/Termo-de-Audie\u0302ncia.pdf\" class=\"wp-block-file__button\" download>Baixar<\/a><\/div>\n","protected":false},"excerpt":{"rendered":"<p>O juiz Diego Dantas converteu em preventiva a pris\u00e3o de um homem identificado como Matheus Phelipe Alves que foi pego em flagrante pela pol\u00edcia furtando fios de energia no bairro de Petr\u00f3polis. O magistrado relatou durante audi\u00eancia de cust\u00f3dia realizada nesta segunda, 4,&nbsp; que foi verificado que o suspeito dever\u00e1 responder pelo furto de fios,<br \/><a class=\"more-link\" href=\"https:\/\/justicapotiguar.com.br\/index.php\/2024\/03\/04\/homem-pego-furtando-fios-em-petropolis-tem-prisao-preventiva-decretada\/\">Mais&#8230;<\/a><\/p>\n","protected":false},"author":5,"featured_media":0,"comment_status":"open","ping_status":"open","sticky":false,"template":"","format":"standard","meta":[],"categories":[1],"tags":[],"_links":{"self":[{"href":"https:\/\/justicapotiguar.com.br\/index.php\/wp-json\/wp\/v2\/posts\/35983"}],"collection":[{"href":"https:\/\/justicapotiguar.com.br\/index.php\/wp-json\/wp\/v2\/posts"}],"about":[{"href":"https:\/\/justicapotiguar.com.br\/index.php\/wp-json\/wp\/v2\/types\/post"}],"author":[{"embeddable":true,"href":"https:\/\/justicapotiguar.com.br\/index.php\/wp-json\/wp\/v2\/users\/5"}],"replies":[{"embeddable":true,"href":"https:\/\/justicapotiguar.com.br\/index.php\/wp-json\/wp\/v2\/comments?post=35983"}],"version-history":[{"count":1,"href":"https:\/\/justicapotiguar.com.br\/index.php\/wp-json\/wp\/v2\/posts\/35983\/revisions"}],"predecessor-version":[{"id":35986,"href":"https:\/\/justicapotiguar.com.br\/index.php\/wp-json\/wp\/v2\/posts\/35983\/revisions\/35986"}],"wp:attachment":[{"href":"https:\/\/justicapotiguar.com.br\/index.php\/wp-json\/wp\/v2\/media?parent=35983"}],"wp:term":[{"taxonomy":"category","embeddable":true,"href":"https:\/\/justicapotiguar.com.br\/index.php\/wp-json\/wp\/v2\/categories?post=35983"},{"taxonomy":"post_tag","embeddable":true,"href":"https:\/\/justicapotiguar.com.br\/index.php\/wp-json\/wp\/v2\/tags?post=35983"}],"curies":[{"name":"wp","href":"https:\/\/api.w.org\/{rel}","templated":true}]}}