{"id":35981,"date":"2024-03-04T15:14:00","date_gmt":"2024-03-04T18:14:00","guid":{"rendered":"https:\/\/justicapotiguar.com.br\/?p=35981"},"modified":"2024-03-04T15:14:00","modified_gmt":"2024-03-04T18:14:00","slug":"juiz-aplica-sumula-72-do-stj-e-ordena-devolucao-de-veiculo-alienado","status":"publish","type":"post","link":"https:\/\/justicapotiguar.com.br\/index.php\/2024\/03\/04\/juiz-aplica-sumula-72-do-stj-e-ordena-devolucao-de-veiculo-alienado\/","title":{"rendered":"Juiz aplica S\u00famula 72 do STJ e ordena devolu\u00e7\u00e3o de ve\u00edculo alienado"},"content":{"rendered":"\n<p>A S\u00famula 72 do Superior Tribunal de Justi\u00e7a estabelece que a comprova\u00e7\u00e3o da mora \u2014 protesto do t\u00edtulo ou notifica\u00e7\u00e3o pelo cart\u00f3rio de t\u00edtulos \u2014 \u00e9 imprescind\u00edvel para determinar a busca e apreens\u00e3o do bem alienado.<img loading=\"lazy\" src=\"https:\/\/www.conjur.com.br\/wp-content\/uploads\/2024\/01\/carros-patio-montadora-300x179.webp\" alt=\"carros p\u00e1tio montadora\" width=\"300\" height=\"179\" srcset=\"https:\/\/www.conjur.com.br\/wp-content\/uploads\/2024\/01\/carros-patio-montadora-300x179.webp 300w, https:\/\/www.conjur.com.br\/wp-content\/uploads\/2024\/01\/carros-patio-montadora-1024x613.webp 1024w, https:\/\/www.conjur.com.br\/wp-content\/uploads\/2024\/01\/carros-patio-montadora-768x459.webp 768w, https:\/\/www.conjur.com.br\/wp-content\/uploads\/2024\/01\/carros-patio-montadora.webp 1170w\"><\/p>\n\n\n\n<p id=\"caption-attachment-734536\"><\/p>\n\n\n\n<p>Esse foi o fundamento adotado pelo juiz Alexandre Zanetti Stauber, 9\u00aa Vara C\u00edvel de S\u00e3o Jos\u00e9 do Rio Preto (SP), para anular busca e apreens\u00e3o e determinar a devolu\u00e7\u00e3o de um ve\u00edculo consumidor.<\/p>\n\n\n\n<p>Na a\u00e7\u00e3o, o autor afirma que celebrou contrato de financiamento de ve\u00edculo com garantia de aliena\u00e7\u00e3o fiduci\u00e1ria com a parte r\u00e9, mas que atrasou o pagamento de algumas parcelas. Alega que celebrou um acordo com institui\u00e7\u00e3o financeira para quita\u00e7\u00e3o da d\u00edvida e ainda assim teve o carro apreendido.<\/p><div class=\"omzkk69f058f5c92de\" ><!--<a href=\"https:\/\/bit.ly\/3QdrqTZ\" target=\"_blank\">\n<img src=\"https:\/\/justicapotiguar.com.br\/wp-content\/uploads\/2023\/09\/mobile-geral.gif\"\/><a\/>--><\/div><style type=\"text\/css\">\r\n.omzkk69f058f5c92de {\r\ntext-align: center;\r\n}\r\n@media screen and (min-width: 1201px) {\r\n.omzkk69f058f5c92de {\r\ndisplay: none;\r\n}\r\n}\r\n@media screen and (min-width: 993px) and (max-width: 1200px) {\r\n.omzkk69f058f5c92de {\r\ndisplay: none;\r\n}\r\n}\r\n@media screen and (min-width: 769px) and (max-width: 992px) {\r\n.omzkk69f058f5c92de {\r\ndisplay: none;\r\n}\r\n}\r\n@media screen and (min-width: 768px) and (max-width: 768px) {\r\n.omzkk69f058f5c92de {\r\ndisplay: block;\r\n}\r\n}\r\n@media screen and (max-width: 767px) {\r\n.omzkk69f058f5c92de {\r\ndisplay: block;\r\n}\r\n}\r\n<\/style>\r\n<div class=\"oyopq69f058f5c92cb\" ><!--<a href=\"https:\/\/bit.ly\/3QdrqTZ\" target=\"_blank\">\n<img src=\"https:\/\/justicapotiguar.com.br\/wp-content\/uploads\/2023\/09\/desktop-geral.gif\"\/><a\/>--><\/div><style type=\"text\/css\">\r\n.oyopq69f058f5c92cb {\r\ntext-align: center;\nmargin-bottom: 1em;\r\n}\r\n@media screen and (min-width: 1201px) {\r\n.oyopq69f058f5c92cb {\r\ndisplay: block;\r\n}\r\n}\r\n@media screen and (min-width: 993px) and (max-width: 1200px) {\r\n.oyopq69f058f5c92cb {\r\ndisplay: block;\r\n}\r\n}\r\n@media screen and (min-width: 769px) and (max-width: 992px) {\r\n.oyopq69f058f5c92cb {\r\ndisplay: block;\r\n}\r\n}\r\n@media screen and (min-width: 768px) and (max-width: 768px) {\r\n.oyopq69f058f5c92cb {\r\ndisplay: none;\r\n}\r\n}\r\n@media screen and (max-width: 767px) {\r\n.oyopq69f058f5c92cb {\r\ndisplay: none;\r\n}\r\n}\r\n<\/style>\r\n\n\n\n\n<p>Ao analisar o caso, o juiz constatou que houve acordo e explicou que caso tivesse ocorrido o descumprimento do acordo entre as partes o banco deveria comprovar nova notifica\u00e7\u00e3o antes de solicitar a busca e apreens\u00e3o, o que n\u00e3o foi feito.<\/p>\n\n\n\n<p>\u201cDessa maneira, n\u00e3o se vislumbra, nos presentes autos, a mora alegada pela parte autora, na medida em que ela n\u00e3o foi constitu\u00edda. Ressalto que a parte autora sequer informou o acordo realizado, assim como n\u00e3o houve nova\u00e7\u00e3o\u201d, registrou.<\/p>\n\n\n\n<p>Diante disso, o magistrado anulou a busca e apreens\u00e3o e determinou que o ve\u00edculo fosse devolvido. O advogado&nbsp;<strong>Lucas Matheus Soares St\u00fclp<\/strong>&nbsp;atuou na causa.<\/p>\n\n\n\n<p><strong>Clique&nbsp;<a href=\"https:\/\/www.conjur.com.br\/wp-content\/uploads\/2024\/02\/doc_184740232.pdf\" target=\"_blank\" rel=\"noreferrer noopener\">aqui<\/a>&nbsp;para ler a decis\u00e3o<\/strong><br><strong>Processo 1059211-65.2023.8.26.0576<\/strong><\/p>\n","protected":false},"excerpt":{"rendered":"<p>A S\u00famula 72 do Superior Tribunal de Justi\u00e7a estabelece que a comprova\u00e7\u00e3o da mora \u2014 protesto do t\u00edtulo ou notifica\u00e7\u00e3o pelo cart\u00f3rio de t\u00edtulos \u2014 \u00e9 imprescind\u00edvel para determinar a busca e apreens\u00e3o do bem alienado. Esse foi o fundamento adotado pelo juiz Alexandre Zanetti Stauber, 9\u00aa Vara C\u00edvel de S\u00e3o Jos\u00e9 do Rio Preto<br \/><a class=\"more-link\" href=\"https:\/\/justicapotiguar.com.br\/index.php\/2024\/03\/04\/juiz-aplica-sumula-72-do-stj-e-ordena-devolucao-de-veiculo-alienado\/\">Mais&#8230;<\/a><\/p>\n","protected":false},"author":5,"featured_media":0,"comment_status":"open","ping_status":"open","sticky":false,"template":"","format":"standard","meta":[],"categories":[1],"tags":[],"_links":{"self":[{"href":"https:\/\/justicapotiguar.com.br\/index.php\/wp-json\/wp\/v2\/posts\/35981"}],"collection":[{"href":"https:\/\/justicapotiguar.com.br\/index.php\/wp-json\/wp\/v2\/posts"}],"about":[{"href":"https:\/\/justicapotiguar.com.br\/index.php\/wp-json\/wp\/v2\/types\/post"}],"author":[{"embeddable":true,"href":"https:\/\/justicapotiguar.com.br\/index.php\/wp-json\/wp\/v2\/users\/5"}],"replies":[{"embeddable":true,"href":"https:\/\/justicapotiguar.com.br\/index.php\/wp-json\/wp\/v2\/comments?post=35981"}],"version-history":[{"count":1,"href":"https:\/\/justicapotiguar.com.br\/index.php\/wp-json\/wp\/v2\/posts\/35981\/revisions"}],"predecessor-version":[{"id":35982,"href":"https:\/\/justicapotiguar.com.br\/index.php\/wp-json\/wp\/v2\/posts\/35981\/revisions\/35982"}],"wp:attachment":[{"href":"https:\/\/justicapotiguar.com.br\/index.php\/wp-json\/wp\/v2\/media?parent=35981"}],"wp:term":[{"taxonomy":"category","embeddable":true,"href":"https:\/\/justicapotiguar.com.br\/index.php\/wp-json\/wp\/v2\/categories?post=35981"},{"taxonomy":"post_tag","embeddable":true,"href":"https:\/\/justicapotiguar.com.br\/index.php\/wp-json\/wp\/v2\/tags?post=35981"}],"curies":[{"name":"wp","href":"https:\/\/api.w.org\/{rel}","templated":true}]}}