{"id":35963,"date":"2024-03-02T15:54:13","date_gmt":"2024-03-02T18:54:13","guid":{"rendered":"https:\/\/justicapotiguar.com.br\/?p=35963"},"modified":"2024-03-02T15:54:13","modified_gmt":"2024-03-02T18:54:13","slug":"stf-garante-exigencia-de-nivel-superior-para-cargos-de-tecnico-judiciario","status":"publish","type":"post","link":"https:\/\/justicapotiguar.com.br\/index.php\/2024\/03\/02\/stf-garante-exigencia-de-nivel-superior-para-cargos-de-tecnico-judiciario\/","title":{"rendered":"STF garante exig\u00eancia de n\u00edvel superior para cargos de t\u00e9cnico judici\u00e1rio"},"content":{"rendered":"\n<p>O plen\u00e1rio do Supremo Tribunal Federal (STF), negou, em julgamento virtual ocorrido at\u00e9 esta sexta-feira (1\u00ba), a A\u00e7\u00e3o Direta de Inconstitucionalidade (ADI) 3778, que questiona a exig\u00eancia do N\u00edvel Superior (NS) para a carreira de&nbsp;T\u00e9cnico Judici\u00e1rio.<\/p>\n\n\n\n<p>A a\u00e7\u00e3o foi ajuizada pela Associa\u00e7\u00e3o Nacional dos Analistas Judici\u00e1rios e do Minist\u00e9rio P\u00fablico da Uni\u00e3o (Anajus) contra aLei 14.456\/22. A entidade argumenta que a mudan\u00e7a promovida pela norma coloca em risco a carreira dos Analistas, que, at\u00e9 ent\u00e3o, era a \u00fanica com exig\u00eancia de curso superior.<\/p>\n\n\n\n<p>Em maio do ano passado, a AGEPOLJUS e outras entidades representativas foram aceitas como&nbsp;<em>amicus curiae<\/em>&nbsp;na ADI e defenderam a legalidade do NS.<\/p>\n\n\n\n<figure class=\"wp-block-image size-large\"><img loading=\"lazy\" width=\"1024\" height=\"615\" src=\"https:\/\/justicapotiguar.com.br\/wp-content\/uploads\/2019\/08\/STF-01-1024x615.jpg\" alt=\"\" class=\"wp-image-371\" srcset=\"https:\/\/justicapotiguar.com.br\/wp-content\/uploads\/2019\/08\/STF-01-1024x615.jpg 1024w, https:\/\/justicapotiguar.com.br\/wp-content\/uploads\/2019\/08\/STF-01-300x180.jpg 300w, https:\/\/justicapotiguar.com.br\/wp-content\/uploads\/2019\/08\/STF-01-768x461.jpg 768w, https:\/\/justicapotiguar.com.br\/wp-content\/uploads\/2019\/08\/STF-01.jpg 1086w\" sizes=\"(max-width: 1024px) 100vw, 1024px\" \/><figcaption>Reprodu\u00e7\u00e3o<\/figcaption><\/figure>\n\n\n\n<p>No voto, o ministro Edson Fachin manteve a decis\u00e3o monocr\u00e1tica manifestada em junho de 2023, em que afastou a legitimidade da entidade para entrar com a a\u00e7\u00e3o. \u201cUma entidade que representa apenas parcela da categoria dos trabalhadores do Poder Judici\u00e1rio n\u00e3o det\u00e9m legitimidade para questionar a constitucionalidade de altera\u00e7\u00f5es nas carreiras da outra parcela\u201d, escreveu o ministro.<\/p><div class=\"hdqfy69efba833f3b4\" ><!--<a href=\"https:\/\/bit.ly\/3QdrqTZ\" target=\"_blank\">\n<img src=\"https:\/\/justicapotiguar.com.br\/wp-content\/uploads\/2023\/09\/mobile-geral.gif\"\/><a\/>--><\/div><style type=\"text\/css\">\r\n.hdqfy69efba833f3b4 {\r\ntext-align: center;\r\n}\r\n@media screen and (min-width: 1201px) {\r\n.hdqfy69efba833f3b4 {\r\ndisplay: none;\r\n}\r\n}\r\n@media screen and (min-width: 993px) and (max-width: 1200px) {\r\n.hdqfy69efba833f3b4 {\r\ndisplay: none;\r\n}\r\n}\r\n@media screen and (min-width: 769px) and (max-width: 992px) {\r\n.hdqfy69efba833f3b4 {\r\ndisplay: none;\r\n}\r\n}\r\n@media screen and (min-width: 768px) and (max-width: 768px) {\r\n.hdqfy69efba833f3b4 {\r\ndisplay: block;\r\n}\r\n}\r\n@media screen and (max-width: 767px) {\r\n.hdqfy69efba833f3b4 {\r\ndisplay: block;\r\n}\r\n}\r\n<\/style>\r\n<div class=\"vwxbi69efba833f39c\" ><!--<a href=\"https:\/\/bit.ly\/3QdrqTZ\" target=\"_blank\">\n<img src=\"https:\/\/justicapotiguar.com.br\/wp-content\/uploads\/2023\/09\/desktop-geral.gif\"\/><a\/>--><\/div><style type=\"text\/css\">\r\n.vwxbi69efba833f39c {\r\ntext-align: center;\nmargin-bottom: 1em;\r\n}\r\n@media screen and (min-width: 1201px) {\r\n.vwxbi69efba833f39c {\r\ndisplay: block;\r\n}\r\n}\r\n@media screen and (min-width: 993px) and (max-width: 1200px) {\r\n.vwxbi69efba833f39c {\r\ndisplay: block;\r\n}\r\n}\r\n@media screen and (min-width: 769px) and (max-width: 992px) {\r\n.vwxbi69efba833f39c {\r\ndisplay: block;\r\n}\r\n}\r\n@media screen and (min-width: 768px) and (max-width: 768px) {\r\n.vwxbi69efba833f39c {\r\ndisplay: none;\r\n}\r\n}\r\n@media screen and (max-width: 767px) {\r\n.vwxbi69efba833f39c {\r\ndisplay: none;\r\n}\r\n}\r\n<\/style>\r\n\n\n\n\n<p>De acordo com o ministro, a lei \u201capenas modificou o requisito de escolaridade para o ingresso no cargo de T\u00e9cnico Judici\u00e1rio\u201d, n\u00e3o alterando as compet\u00eancias das carreiras e nem permitindo que T\u00e9cnicos se recusem a cumprir seus deveres.<\/p>\n\n\n\n<p>\u201cA nenhum servidor \u00e9 dada a possibilidade de furtar-se de cumprir seu dever. A aprova\u00e7\u00e3o em concurso n\u00e3o deve engessar a presta\u00e7\u00e3o do servi\u00e7o p\u00fablico, que deve ter sempre como diretriz m\u00e1xima a efici\u00eancia e a impessoalidade. A vida \u00e9 din\u00e2mica e os servidores, ao longo do tempo, especializam-se e se dedicam ao aperfei\u00e7oamento de suas compet\u00eancias\u201d, afirma.<\/p>\n\n\n\n<p>Ainda segundo Fachin, desde que atendidos os requisitos para a assun\u00e7\u00e3o de tarefas complexas vinculadas a cargos de confian\u00e7a e a fun\u00e7\u00f5es comissionadas, n\u00e3o deve haver impedimento para que a Administra\u00e7\u00e3o escolha \u201cos que re\u00fanam as melhores habilidades\u201d.<\/p>\n\n\n\n<p>A Associa\u00e7\u00e3o dos Analistas tamb\u00e9m pedia que a decis\u00e3o monocr\u00e1tica do ministro fosse anulada por \u201csuspei\u00e7\u00e3o de assessoria\u201d.&nbsp;Isso porque, na peti\u00e7\u00e3o inicial, a associa\u00e7\u00e3o havia apresentado um pedido de certid\u00e3o que indicasse a identifica\u00e7\u00e3o do assessor respons\u00e1vel pelo processo, a fim de que, caso fosse t\u00e9cnico judici\u00e1rio, fosse assentada sua suspei\u00e7\u00e3o. Como a certid\u00e3o n\u00e3o foi elaborada, a decis\u00e3o seria nula.<\/p>\n","protected":false},"excerpt":{"rendered":"<p>O plen\u00e1rio do Supremo Tribunal Federal (STF), negou, em julgamento virtual ocorrido at\u00e9 esta sexta-feira (1\u00ba), a A\u00e7\u00e3o Direta de Inconstitucionalidade (ADI) 3778, que questiona a exig\u00eancia do N\u00edvel Superior (NS) para a carreira de&nbsp;T\u00e9cnico Judici\u00e1rio. A a\u00e7\u00e3o foi ajuizada pela Associa\u00e7\u00e3o Nacional dos Analistas Judici\u00e1rios e do Minist\u00e9rio P\u00fablico da Uni\u00e3o (Anajus) contra aLei<br \/><a class=\"more-link\" href=\"https:\/\/justicapotiguar.com.br\/index.php\/2024\/03\/02\/stf-garante-exigencia-de-nivel-superior-para-cargos-de-tecnico-judiciario\/\">Mais&#8230;<\/a><\/p>\n","protected":false},"author":5,"featured_media":0,"comment_status":"open","ping_status":"open","sticky":false,"template":"","format":"standard","meta":[],"categories":[1],"tags":[],"_links":{"self":[{"href":"https:\/\/justicapotiguar.com.br\/index.php\/wp-json\/wp\/v2\/posts\/35963"}],"collection":[{"href":"https:\/\/justicapotiguar.com.br\/index.php\/wp-json\/wp\/v2\/posts"}],"about":[{"href":"https:\/\/justicapotiguar.com.br\/index.php\/wp-json\/wp\/v2\/types\/post"}],"author":[{"embeddable":true,"href":"https:\/\/justicapotiguar.com.br\/index.php\/wp-json\/wp\/v2\/users\/5"}],"replies":[{"embeddable":true,"href":"https:\/\/justicapotiguar.com.br\/index.php\/wp-json\/wp\/v2\/comments?post=35963"}],"version-history":[{"count":1,"href":"https:\/\/justicapotiguar.com.br\/index.php\/wp-json\/wp\/v2\/posts\/35963\/revisions"}],"predecessor-version":[{"id":35964,"href":"https:\/\/justicapotiguar.com.br\/index.php\/wp-json\/wp\/v2\/posts\/35963\/revisions\/35964"}],"wp:attachment":[{"href":"https:\/\/justicapotiguar.com.br\/index.php\/wp-json\/wp\/v2\/media?parent=35963"}],"wp:term":[{"taxonomy":"category","embeddable":true,"href":"https:\/\/justicapotiguar.com.br\/index.php\/wp-json\/wp\/v2\/categories?post=35963"},{"taxonomy":"post_tag","embeddable":true,"href":"https:\/\/justicapotiguar.com.br\/index.php\/wp-json\/wp\/v2\/tags?post=35963"}],"curies":[{"name":"wp","href":"https:\/\/api.w.org\/{rel}","templated":true}]}}