{"id":35960,"date":"2024-03-02T09:45:00","date_gmt":"2024-03-02T12:45:00","guid":{"rendered":"https:\/\/justicapotiguar.com.br\/?p=35960"},"modified":"2024-03-01T22:47:06","modified_gmt":"2024-03-02T01:47:06","slug":"judiciario-nega-recurso-especial-e-mantem-condenacao-de-municipio-em-danos-morais-apos-morte-de-paciente","status":"publish","type":"post","link":"https:\/\/justicapotiguar.com.br\/index.php\/2024\/03\/02\/judiciario-nega-recurso-especial-e-mantem-condenacao-de-municipio-em-danos-morais-apos-morte-de-paciente\/","title":{"rendered":"Judici\u00e1rio nega recurso especial e mant\u00e9m condena\u00e7\u00e3o de munic\u00edpio em danos morais ap\u00f3s morte de paciente"},"content":{"rendered":"\n<p>A Vice-Presid\u00eancia do Tribunal de Justi\u00e7a potiguar n\u00e3o admitiu recurso especial interposto pelo Munic\u00edpio de Mossor\u00f3 contra decis\u00e3o proferida em \u00faltima inst\u00e2ncia pelo TJRN e manteve senten\u00e7a que condena o poder municipal a pagar indeniza\u00e7\u00e3o de R$ 30 mil para cada um dos filhos e esposa de um paciente que faleceu devido \u00e0 falha na presta\u00e7\u00e3o do Munic\u00edpio dos servi\u00e7os m\u00e9dicos de sa\u00fade.V\u00edtima de infarto agudo, o homem n\u00e3o teve o tratamento adequado para seu quadro cl\u00ednico, em uma unidade de pronto atendimento do Munic\u00edpio de Mossor\u00f3, circunst\u00e2ncia que resultou em seu falecimento. <\/p>\n\n\n\n<p>Para a Justi\u00e7a Estadual, ocorreu, no caso, a responsabilidade civil do poder p\u00fablico, bem como omiss\u00e3o, o que ficou devidamente comprovado nos autos do processo, demonstrando a ocorr\u00eancia do dano moral e a configura\u00e7\u00e3o do dever de indenizar.No curso do processo, o ente p\u00fablico alegou a aus\u00eancia de dano moral, ao argumento de que a configura\u00e7\u00e3o da responsabilidade civil exige a demonstra\u00e7\u00e3o do ato il\u00edcito praticado pelo r\u00e9u, do dano suportado e do nexo causal entre a conduta e o dano. <\/p>\n\n\n\n<p>Todavia os desembargadores que comp\u00f5em a 3\u00aa C\u00e2mara C\u00edvel entenderam que a senten\u00e7a da 1\u00aa Vara da Fazenda P\u00fablica da\u00a0Comarca\u00a0de Mossor\u00f3 foi proferida de forma correta, n\u00e3o merecendo qualquer reparo.Em primeira inst\u00e2ncia, a Justi\u00e7a condenou o munic\u00edpio a pagar indeniza\u00e7\u00e3o por danos morais no valor de 30 mil para cada um dos tr\u00eas autores e a t\u00edtulo de lucros cessantes, 2\/3 do sal\u00e1rio m\u00ednimo vigente, considerando as quotas individuais, tendo por termo inicial a data do evento danoso e, por termo final, a data em que o falecido atingiria a idade correspondente \u00e0 expectativa m\u00e9dia de vida do homem brasileiro, prevista na data do \u00f3bito.<\/p>\n\n\n\n<figure class=\"wp-block-image size-large\"><img loading=\"lazy\" width=\"300\" height=\"225\" src=\"https:\/\/justicapotiguar.com.br\/wp-content\/uploads\/2019\/12\/hospital1.jpeg\" alt=\"\" class=\"wp-image-4595\"\/><figcaption>Ilustrativa<\/figcaption><\/figure>\n\n\n\n<p>A senten\u00e7a tamb\u00e9m fixou que, quanto a c\u00f4njuge e ao filho incapaz, e, no caso da filha, at\u00e9 completar 25 anos, sendo certo que as parcelas j\u00e1 vencidas dever\u00e3o ser pagas em uma \u00fanica parcela e as vincendas, mensalmente.<\/p><div class=\"lqtfd69ef8d13216aa\" ><!--<a href=\"https:\/\/bit.ly\/3QdrqTZ\" target=\"_blank\">\n<img src=\"https:\/\/justicapotiguar.com.br\/wp-content\/uploads\/2023\/09\/mobile-geral.gif\"\/><a\/>--><\/div><style type=\"text\/css\">\r\n.lqtfd69ef8d13216aa {\r\ntext-align: center;\r\n}\r\n@media screen and (min-width: 1201px) {\r\n.lqtfd69ef8d13216aa {\r\ndisplay: none;\r\n}\r\n}\r\n@media screen and (min-width: 993px) and (max-width: 1200px) {\r\n.lqtfd69ef8d13216aa {\r\ndisplay: none;\r\n}\r\n}\r\n@media screen and (min-width: 769px) and (max-width: 992px) {\r\n.lqtfd69ef8d13216aa {\r\ndisplay: none;\r\n}\r\n}\r\n@media screen and (min-width: 768px) and (max-width: 768px) {\r\n.lqtfd69ef8d13216aa {\r\ndisplay: block;\r\n}\r\n}\r\n@media screen and (max-width: 767px) {\r\n.lqtfd69ef8d13216aa {\r\ndisplay: block;\r\n}\r\n}\r\n<\/style>\r\n<div class=\"rzhnk69ef8d1321696\" ><!--<a href=\"https:\/\/bit.ly\/3QdrqTZ\" target=\"_blank\">\n<img src=\"https:\/\/justicapotiguar.com.br\/wp-content\/uploads\/2023\/09\/desktop-geral.gif\"\/><a\/>--><\/div><style type=\"text\/css\">\r\n.rzhnk69ef8d1321696 {\r\ntext-align: center;\nmargin-bottom: 1em;\r\n}\r\n@media screen and (min-width: 1201px) {\r\n.rzhnk69ef8d1321696 {\r\ndisplay: block;\r\n}\r\n}\r\n@media screen and (min-width: 993px) and (max-width: 1200px) {\r\n.rzhnk69ef8d1321696 {\r\ndisplay: block;\r\n}\r\n}\r\n@media screen and (min-width: 769px) and (max-width: 992px) {\r\n.rzhnk69ef8d1321696 {\r\ndisplay: block;\r\n}\r\n}\r\n@media screen and (min-width: 768px) and (max-width: 768px) {\r\n.rzhnk69ef8d1321696 {\r\ndisplay: none;\r\n}\r\n}\r\n@media screen and (max-width: 767px) {\r\n.rzhnk69ef8d1321696 {\r\ndisplay: none;\r\n}\r\n}\r\n<\/style>\r\n\n\n\n\n<p><strong>Inviabilidade do recurso especial<\/strong><\/p>\n\n\n\n<p>De acordo com o desembargador Glauber R\u00eago, com rela\u00e7\u00e3o a responsabilidade civil imputada ao munic\u00edpio pela falha na presta\u00e7\u00e3o de servi\u00e7os m\u00e9dicos de sa\u00fade, o que teria ocasionado o falecimento do esposo e pai dos autores, para modificar o entendimento exposto no ac\u00f3rd\u00e3o seria imprescind\u00edvel o reexame dos fatos e das provas, o que \u00e9 invi\u00e1vel pela utilizando-se o recurso especial.<\/p>\n\n\n\n<p>A proibi\u00e7\u00e3o, segundo Glauber R\u00eago, est\u00e1 contida no teor da\u00a0S\u00famula\u00a07 do Superior Tribunal de Justi\u00e7a (STJ), que disp\u00f5e: &#8220;A pretens\u00e3o de simples reexame de prova n\u00e3o enseja recurso especial&#8221;. Quanto ao pleito de redu\u00e7\u00e3o do valor da repara\u00e7\u00e3o por danos morais, explicou que o STJ somente tem admitido a possibilidade de revis\u00e3o quando se mostrar exorbitante ou irris\u00f3rio, por entender que cada caso possui peculiaridades subjetivas pr\u00f3prias.\u201cN\u00e3o sendo essa a hip\u00f3tese dos autos, considerando que o valor fixado n\u00e3o se afigura exorbitante, tampouco irris\u00f3rio, ao contr\u00e1rio, est\u00e1 consent\u00e2neo para o tipo de indeniza\u00e7\u00e3o por dano moral ao qual se presta (como se pode aferir pelas ementas dos julgados colacionadas linhas atr\u00e1s), n\u00e3o h\u00e1 como ser revisto em raz\u00e3o da incid\u00eancia da\u00a0S\u00famula\u00a07 do STJ, j\u00e1 citada linhas atr\u00e1s\u201d, decidiu.<\/p>\n","protected":false},"excerpt":{"rendered":"<p>A Vice-Presid\u00eancia do Tribunal de Justi\u00e7a potiguar n\u00e3o admitiu recurso especial interposto pelo Munic\u00edpio de Mossor\u00f3 contra decis\u00e3o proferida em \u00faltima inst\u00e2ncia pelo TJRN e manteve senten\u00e7a que condena o poder municipal a pagar indeniza\u00e7\u00e3o de R$ 30 mil para cada um dos filhos e esposa de um paciente que faleceu devido \u00e0 falha na<br \/><a class=\"more-link\" href=\"https:\/\/justicapotiguar.com.br\/index.php\/2024\/03\/02\/judiciario-nega-recurso-especial-e-mantem-condenacao-de-municipio-em-danos-morais-apos-morte-de-paciente\/\">Mais&#8230;<\/a><\/p>\n","protected":false},"author":5,"featured_media":0,"comment_status":"open","ping_status":"open","sticky":false,"template":"","format":"standard","meta":[],"categories":[1],"tags":[],"_links":{"self":[{"href":"https:\/\/justicapotiguar.com.br\/index.php\/wp-json\/wp\/v2\/posts\/35960"}],"collection":[{"href":"https:\/\/justicapotiguar.com.br\/index.php\/wp-json\/wp\/v2\/posts"}],"about":[{"href":"https:\/\/justicapotiguar.com.br\/index.php\/wp-json\/wp\/v2\/types\/post"}],"author":[{"embeddable":true,"href":"https:\/\/justicapotiguar.com.br\/index.php\/wp-json\/wp\/v2\/users\/5"}],"replies":[{"embeddable":true,"href":"https:\/\/justicapotiguar.com.br\/index.php\/wp-json\/wp\/v2\/comments?post=35960"}],"version-history":[{"count":1,"href":"https:\/\/justicapotiguar.com.br\/index.php\/wp-json\/wp\/v2\/posts\/35960\/revisions"}],"predecessor-version":[{"id":35961,"href":"https:\/\/justicapotiguar.com.br\/index.php\/wp-json\/wp\/v2\/posts\/35960\/revisions\/35961"}],"wp:attachment":[{"href":"https:\/\/justicapotiguar.com.br\/index.php\/wp-json\/wp\/v2\/media?parent=35960"}],"wp:term":[{"taxonomy":"category","embeddable":true,"href":"https:\/\/justicapotiguar.com.br\/index.php\/wp-json\/wp\/v2\/categories?post=35960"},{"taxonomy":"post_tag","embeddable":true,"href":"https:\/\/justicapotiguar.com.br\/index.php\/wp-json\/wp\/v2\/tags?post=35960"}],"curies":[{"name":"wp","href":"https:\/\/api.w.org\/{rel}","templated":true}]}}