{"id":35955,"date":"2024-03-01T18:46:19","date_gmt":"2024-03-01T21:46:19","guid":{"rendered":"https:\/\/justicapotiguar.com.br\/?p=35955"},"modified":"2024-03-01T18:46:19","modified_gmt":"2024-03-01T21:46:19","slug":"oab-rn-cobra-a-sesed-elucidacao-de-crimes-contra-advogadas","status":"publish","type":"post","link":"https:\/\/justicapotiguar.com.br\/index.php\/2024\/03\/01\/oab-rn-cobra-a-sesed-elucidacao-de-crimes-contra-advogadas\/","title":{"rendered":"OAB\/RN cobra \u00e0 SESED elucida\u00e7\u00e3o de crimes contra advogadas"},"content":{"rendered":"\n<p><\/p>\n\n\n\n<p>A Ordem dos Advogados do Brasil no Rio Grande do Norte (OAB\/RN), representada pelo presidente, Aldo Medeiros e a vice-presidente, Lidiana Dias, cobrou, na manh\u00e3 dessa sexta-feira (01), elucida\u00e7\u00e3o \u00e0 Secretaria de Estado da Seguran\u00e7a P\u00fablica e da Defesa Social (Sesed), sobre os crimes que vitimaram as advogadas Brenda Oliveira e Andr\u00e9ia Teixeira. Tamb\u00e9m representaram a Seccional o presidente da Comiss\u00e3o de Prerrogativas, Paulo Pinheiro, e o presidente da Comiss\u00e3o da Advocacia Criminalista, Anesiano Ramos.<\/p>\n\n\n\n<figure class=\"wp-block-image size-large\"><img loading=\"lazy\" width=\"1024\" height=\"768\" src=\"https:\/\/justicapotiguar.com.br\/wp-content\/uploads\/2024\/03\/IMG-20240301-WA0039-1024x768.jpg\" alt=\"\" class=\"wp-image-35956\" srcset=\"https:\/\/justicapotiguar.com.br\/wp-content\/uploads\/2024\/03\/IMG-20240301-WA0039-1024x768.jpg 1024w, https:\/\/justicapotiguar.com.br\/wp-content\/uploads\/2024\/03\/IMG-20240301-WA0039-300x225.jpg 300w, https:\/\/justicapotiguar.com.br\/wp-content\/uploads\/2024\/03\/IMG-20240301-WA0039-768x576.jpg 768w, https:\/\/justicapotiguar.com.br\/wp-content\/uploads\/2024\/03\/IMG-20240301-WA0039-1536x1152.jpg 1536w, https:\/\/justicapotiguar.com.br\/wp-content\/uploads\/2024\/03\/IMG-20240301-WA0039.jpg 1600w\" sizes=\"(max-width: 1024px) 100vw, 1024px\" \/><\/figure>\n\n\n\n<p>Na reuni\u00e3o, a OAB\/RN conversou sobre o andamento das investiga\u00e7\u00f5es dos casos, sem entrar em detalhes para n\u00e3o violar o sigilo da apura\u00e7\u00e3o policial. \u201cDecorrido um m\u00eas do caso do crime contra Brenda, entendemos que a apura\u00e7\u00e3o ainda n\u00e3o chegou a conclus\u00f5es e estamos nos reunimos novamente com as autoridades,\u201d, explicou o presidente Aldo Medeiros.<\/p>\n\n\n\n<p>A Pol\u00edcia Civil divulgou, na tarde dessa sexta-feira (01), que o principal suspeito de assassinar a advogada Andr\u00e9ia Teixeira, o ex-companheiro, \u00c9merson Carlos Pereira, morreu em no bairro de Ema\u00fas, ap\u00f3s cerco policial.<\/p>\n\n\n\n<p>\u201cN\u00e3o podemos deixar de registrar a preocupa\u00e7\u00e3o que n\u00f3s temos sobre casos de viol\u00eancia contra a mulher, sobretudo o feminic\u00eddio. Precisamos de medidas concretas de combate de atos violentos contra mulheres\u201d, completou Aldo Medeiros.<\/p><div class=\"lppbg69ef8d02ae35c\" ><!--<a href=\"https:\/\/bit.ly\/3QdrqTZ\" target=\"_blank\">\n<img src=\"https:\/\/justicapotiguar.com.br\/wp-content\/uploads\/2023\/09\/mobile-geral.gif\"\/><a\/>--><\/div><style type=\"text\/css\">\r\n.lppbg69ef8d02ae35c {\r\ntext-align: center;\r\n}\r\n@media screen and (min-width: 1201px) {\r\n.lppbg69ef8d02ae35c {\r\ndisplay: none;\r\n}\r\n}\r\n@media screen and (min-width: 993px) and (max-width: 1200px) {\r\n.lppbg69ef8d02ae35c {\r\ndisplay: none;\r\n}\r\n}\r\n@media screen and (min-width: 769px) and (max-width: 992px) {\r\n.lppbg69ef8d02ae35c {\r\ndisplay: none;\r\n}\r\n}\r\n@media screen and (min-width: 768px) and (max-width: 768px) {\r\n.lppbg69ef8d02ae35c {\r\ndisplay: block;\r\n}\r\n}\r\n@media screen and (max-width: 767px) {\r\n.lppbg69ef8d02ae35c {\r\ndisplay: block;\r\n}\r\n}\r\n<\/style>\r\n<div class=\"ecljx69ef8d02ae33a\" ><!--<a href=\"https:\/\/bit.ly\/3QdrqTZ\" target=\"_blank\">\n<img src=\"https:\/\/justicapotiguar.com.br\/wp-content\/uploads\/2023\/09\/desktop-geral.gif\"\/><a\/>--><\/div><style type=\"text\/css\">\r\n.ecljx69ef8d02ae33a {\r\ntext-align: center;\nmargin-bottom: 1em;\r\n}\r\n@media screen and (min-width: 1201px) {\r\n.ecljx69ef8d02ae33a {\r\ndisplay: block;\r\n}\r\n}\r\n@media screen and (min-width: 993px) and (max-width: 1200px) {\r\n.ecljx69ef8d02ae33a {\r\ndisplay: block;\r\n}\r\n}\r\n@media screen and (min-width: 769px) and (max-width: 992px) {\r\n.ecljx69ef8d02ae33a {\r\ndisplay: block;\r\n}\r\n}\r\n@media screen and (min-width: 768px) and (max-width: 768px) {\r\n.ecljx69ef8d02ae33a {\r\ndisplay: none;\r\n}\r\n}\r\n@media screen and (max-width: 767px) {\r\n.ecljx69ef8d02ae33a {\r\ndisplay: none;\r\n}\r\n}\r\n<\/style>\r\n\n\n\n\n<p>A vice-presidente Lidiana Dias destacou a gravidade dos dois crimes e disse que a OAB\/RN continuar\u00e1 acompanhando com rigor as investiga\u00e7\u00f5es. \u201cOntem completamos 30 dias do assassinato de Brenda, mesmo dia em que Andr\u00e9ia foi sepultada. N\u00f3s n\u00e3o esqueceremos nenhum dia enquanto n\u00e3o tiver devidamente esclarecido e punido quem cometeu essas atrocidades\u201d, frisou Lidiana Dias.<\/p>\n\n\n\n<p>A reuni\u00e3o teve participa\u00e7\u00e3o do titular da SESED, coronel Ara\u00fajo, do adjunto da pasta, delegado Osmir Monte, do delegado-geral adjunto da pasta, Herlanio cruz e do comandante-geral da Pol\u00edcia Militar, coronel Alarico Azevedo.<\/p>\n\n\n\n<p>V\u00edtimas<\/p>\n\n\n\n<p>Brenda dos Santos Oliveira foi assassinada na tarde do \u00faltimo dia 30 de janeiro, quando a advogada saiu da delegacia ap\u00f3s o cliente apresentar esclarecimentos, no munic\u00edpio de Santo Ant\u00f4nio, na regi\u00e3o Agreste Potiguar.<\/p>\n\n\n\n<p>Andr\u00e9ia Teixeira foi morta em frente \u00e0 resid\u00eancia onde ela morava, dentro de um condom\u00ednio na avenida Maria Lacerda, no bairro de Nova Parnamirim em Parnamirim. De acordo com informa\u00e7\u00f5es da Pol\u00edcia Militar, o assassinato ocorreu \u00e0s 0h40 dessa quarta-feira (28).<\/p>\n","protected":false},"excerpt":{"rendered":"<p>A Ordem dos Advogados do Brasil no Rio Grande do Norte (OAB\/RN), representada pelo presidente, Aldo Medeiros e a vice-presidente, Lidiana Dias, cobrou, na manh\u00e3 dessa sexta-feira (01), elucida\u00e7\u00e3o \u00e0 Secretaria de Estado da Seguran\u00e7a P\u00fablica e da Defesa Social (Sesed), sobre os crimes que vitimaram as advogadas Brenda Oliveira e Andr\u00e9ia Teixeira. Tamb\u00e9m representaram<br \/><a class=\"more-link\" href=\"https:\/\/justicapotiguar.com.br\/index.php\/2024\/03\/01\/oab-rn-cobra-a-sesed-elucidacao-de-crimes-contra-advogadas\/\">Mais&#8230;<\/a><\/p>\n","protected":false},"author":5,"featured_media":0,"comment_status":"open","ping_status":"open","sticky":false,"template":"","format":"standard","meta":[],"categories":[1],"tags":[],"_links":{"self":[{"href":"https:\/\/justicapotiguar.com.br\/index.php\/wp-json\/wp\/v2\/posts\/35955"}],"collection":[{"href":"https:\/\/justicapotiguar.com.br\/index.php\/wp-json\/wp\/v2\/posts"}],"about":[{"href":"https:\/\/justicapotiguar.com.br\/index.php\/wp-json\/wp\/v2\/types\/post"}],"author":[{"embeddable":true,"href":"https:\/\/justicapotiguar.com.br\/index.php\/wp-json\/wp\/v2\/users\/5"}],"replies":[{"embeddable":true,"href":"https:\/\/justicapotiguar.com.br\/index.php\/wp-json\/wp\/v2\/comments?post=35955"}],"version-history":[{"count":1,"href":"https:\/\/justicapotiguar.com.br\/index.php\/wp-json\/wp\/v2\/posts\/35955\/revisions"}],"predecessor-version":[{"id":35957,"href":"https:\/\/justicapotiguar.com.br\/index.php\/wp-json\/wp\/v2\/posts\/35955\/revisions\/35957"}],"wp:attachment":[{"href":"https:\/\/justicapotiguar.com.br\/index.php\/wp-json\/wp\/v2\/media?parent=35955"}],"wp:term":[{"taxonomy":"category","embeddable":true,"href":"https:\/\/justicapotiguar.com.br\/index.php\/wp-json\/wp\/v2\/categories?post=35955"},{"taxonomy":"post_tag","embeddable":true,"href":"https:\/\/justicapotiguar.com.br\/index.php\/wp-json\/wp\/v2\/tags?post=35955"}],"curies":[{"name":"wp","href":"https:\/\/api.w.org\/{rel}","templated":true}]}}