{"id":35950,"date":"2024-03-01T14:29:06","date_gmt":"2024-03-01T17:29:06","guid":{"rendered":"https:\/\/justicapotiguar.com.br\/?p=35950"},"modified":"2024-03-01T14:29:06","modified_gmt":"2024-03-01T17:29:06","slug":"mpe-da-parecer-pela-reprovacao-das-contas-de-carlos-eduardo-nas-eleicoes-de-2022","status":"publish","type":"post","link":"https:\/\/justicapotiguar.com.br\/index.php\/2024\/03\/01\/mpe-da-parecer-pela-reprovacao-das-contas-de-carlos-eduardo-nas-eleicoes-de-2022\/","title":{"rendered":"MPE d\u00e1 parecer pela reprova\u00e7\u00e3o das contas de Carlos Eduardo nas elei\u00e7\u00f5es de 2022"},"content":{"rendered":"\n<figure class=\"wp-block-image size-large is-resized\"><img loading=\"lazy\" src=\"https:\/\/justicapotiguar.com.br\/wp-content\/uploads\/2024\/03\/carlos.jpg\" alt=\"\" class=\"wp-image-35952\" width=\"362\" height=\"232\"\/><\/figure>\n\n\n\n<p>O Minist\u00e9rio p\u00fablico Eleitoral emitiu parecer para reprova\u00e7\u00e3o da presta\u00e7\u00e3o de contas do ent\u00e3o candidato a senador nas elei\u00e7\u00f5es 2022, Carlos Eduardo Alves. O parecer assinado pelo procurador Higor Rezende Pessoa opina pela reprova\u00e7\u00e3o e devolu\u00e7\u00e3o de R$ 542 mil correspondentes ao uso de Recursos de Origem N\u00e3o Identificada (RONI) e \u00e0 malversa\u00e7\u00e3o de recursos oriundos do Fundo Especial de Financiamento de Campanha. O julgamento est\u00e1 pautado para o dia 07 de mar\u00e7o.<\/p>\n\n\n\n<p>Segundo o MPE, o caso em apre\u00e7o, o corpo t\u00e9cnico, mesmo ap\u00f3s a realiza\u00e7\u00e3o de dilig\u00eancias, opinou pela desaprova\u00e7\u00e3o das contas, por entender remanescerem as seguintes irregularidades: i) intempestividade da entrega de relat\u00f3rios financeiros concernentes ao recebimento de doa\u00e7\u00f5es; ii) abertura de conta banc\u00e1ria em prazo superior a 10 (dez) dias ap\u00f3s a concess\u00e3o do CNPJ de campanha; iii) identifica\u00e7\u00e3o de notas fiscais, constantes Da base de dados da Justi\u00e7a Eleitoral, mas n\u00e3o declaradas na presta\u00e7\u00e3o de contas, configurando omiss\u00e3o de gastos e uso de RONI; iv) realiza\u00e7\u00e3o de gastos com hospedagem sem comprova\u00e7\u00e3o de vincula\u00e7\u00e3o \u00e0 campanha dos benefici\u00e1rios; v) utiliza\u00e7\u00e3o de RONI para o pagamento de gastos com impulsionamento; vi) realiza\u00e7\u00e3o de gastos com fogos de artif\u00edcio; vii) aus\u00eancia de comprova\u00e7\u00e3o de despesa com subcontrata\u00e7\u00e3o de pessoal; viii) aus\u00eancia de comprova\u00e7\u00e3o de despesa com publicidade; ix) realiza\u00e7\u00e3o de despesa com servi\u00e7os cont\u00e1beis sem justificativa o pre\u00e7o; x) realiza\u00e7\u00e3o de despesa com transporte sem justificativa do pre\u00e7o; xi) realiza\u00e7\u00e3o de despesas com carros-palanque sem justificativa de pre\u00e7o; e xii) realiza\u00e7\u00e3o de despesa com aquisi\u00e7\u00e3o de combust\u00edveis para abastecimento de ve\u00edculo utilizado por candidato.<\/p>\n\n\n\n<p>&#8220;Ante todo o exposto, a Procuradoria Regional Eleitoral pronuncia-se pela desaprova\u00e7\u00e3o das contas em exame, determinando-se, ainda, a devolu\u00e7\u00e3o do valor de R$ 536.833,44 (quinhentos e trinta e seis mil, oitocentos e trinta e tr\u00eas reais e quarenta e quatro centavos) ao Tesouro Nacional, relativos \u00e0 malversa\u00e7\u00e3o de recursos do FEFC, bem como pelo recolhimento de R$ 3.168,50, pelo uso de RONI&#8221;, conclui o parecer.<\/p><div class=\"rsanh69ef8d492141d\" ><!--<a href=\"https:\/\/bit.ly\/3QdrqTZ\" target=\"_blank\">\n<img src=\"https:\/\/justicapotiguar.com.br\/wp-content\/uploads\/2023\/09\/mobile-geral.gif\"\/><a\/>--><\/div><style type=\"text\/css\">\r\n.rsanh69ef8d492141d {\r\ntext-align: center;\r\n}\r\n@media screen and (min-width: 1201px) {\r\n.rsanh69ef8d492141d {\r\ndisplay: none;\r\n}\r\n}\r\n@media screen and (min-width: 993px) and (max-width: 1200px) {\r\n.rsanh69ef8d492141d {\r\ndisplay: none;\r\n}\r\n}\r\n@media screen and (min-width: 769px) and (max-width: 992px) {\r\n.rsanh69ef8d492141d {\r\ndisplay: none;\r\n}\r\n}\r\n@media screen and (min-width: 768px) and (max-width: 768px) {\r\n.rsanh69ef8d492141d {\r\ndisplay: block;\r\n}\r\n}\r\n@media screen and (max-width: 767px) {\r\n.rsanh69ef8d492141d {\r\ndisplay: block;\r\n}\r\n}\r\n<\/style>\r\n<div class=\"vnnkj69ef8d4921400\" ><!--<a href=\"https:\/\/bit.ly\/3QdrqTZ\" target=\"_blank\">\n<img src=\"https:\/\/justicapotiguar.com.br\/wp-content\/uploads\/2023\/09\/desktop-geral.gif\"\/><a\/>--><\/div><style type=\"text\/css\">\r\n.vnnkj69ef8d4921400 {\r\ntext-align: center;\nmargin-bottom: 1em;\r\n}\r\n@media screen and (min-width: 1201px) {\r\n.vnnkj69ef8d4921400 {\r\ndisplay: block;\r\n}\r\n}\r\n@media screen and (min-width: 993px) and (max-width: 1200px) {\r\n.vnnkj69ef8d4921400 {\r\ndisplay: block;\r\n}\r\n}\r\n@media screen and (min-width: 769px) and (max-width: 992px) {\r\n.vnnkj69ef8d4921400 {\r\ndisplay: block;\r\n}\r\n}\r\n@media screen and (min-width: 768px) and (max-width: 768px) {\r\n.vnnkj69ef8d4921400 {\r\ndisplay: none;\r\n}\r\n}\r\n@media screen and (max-width: 767px) {\r\n.vnnkj69ef8d4921400 {\r\ndisplay: none;\r\n}\r\n}\r\n<\/style>\r\n\n\n\n\n<p>Confira parecer na integra<\/p>\n\n\n\n<div class=\"wp-block-file\"><a href=\"https:\/\/justicapotiguar.com.br\/wp-content\/uploads\/2024\/03\/parecer-pre-rn-carlos-eduardo-nunes-alves-1.pdf\">parecer-pre-rn-carlos-eduardo-nunes-alves-1<\/a><a href=\"https:\/\/justicapotiguar.com.br\/wp-content\/uploads\/2024\/03\/parecer-pre-rn-carlos-eduardo-nunes-alves-1.pdf\" class=\"wp-block-file__button\" download>Baixar<\/a><\/div>\n\n\n\n<p><\/p>\n","protected":false},"excerpt":{"rendered":"<p>O Minist\u00e9rio p\u00fablico Eleitoral emitiu parecer para reprova\u00e7\u00e3o da presta\u00e7\u00e3o de contas do ent\u00e3o candidato a senador nas elei\u00e7\u00f5es 2022, Carlos Eduardo Alves. O parecer assinado pelo procurador Higor Rezende Pessoa opina pela reprova\u00e7\u00e3o e devolu\u00e7\u00e3o de R$ 542 mil correspondentes ao uso de Recursos de Origem N\u00e3o Identificada (RONI) e \u00e0 malversa\u00e7\u00e3o de recursos<br \/><a class=\"more-link\" href=\"https:\/\/justicapotiguar.com.br\/index.php\/2024\/03\/01\/mpe-da-parecer-pela-reprovacao-das-contas-de-carlos-eduardo-nas-eleicoes-de-2022\/\">Mais&#8230;<\/a><\/p>\n","protected":false},"author":5,"featured_media":0,"comment_status":"open","ping_status":"open","sticky":false,"template":"","format":"standard","meta":[],"categories":[1],"tags":[],"_links":{"self":[{"href":"https:\/\/justicapotiguar.com.br\/index.php\/wp-json\/wp\/v2\/posts\/35950"}],"collection":[{"href":"https:\/\/justicapotiguar.com.br\/index.php\/wp-json\/wp\/v2\/posts"}],"about":[{"href":"https:\/\/justicapotiguar.com.br\/index.php\/wp-json\/wp\/v2\/types\/post"}],"author":[{"embeddable":true,"href":"https:\/\/justicapotiguar.com.br\/index.php\/wp-json\/wp\/v2\/users\/5"}],"replies":[{"embeddable":true,"href":"https:\/\/justicapotiguar.com.br\/index.php\/wp-json\/wp\/v2\/comments?post=35950"}],"version-history":[{"count":1,"href":"https:\/\/justicapotiguar.com.br\/index.php\/wp-json\/wp\/v2\/posts\/35950\/revisions"}],"predecessor-version":[{"id":35953,"href":"https:\/\/justicapotiguar.com.br\/index.php\/wp-json\/wp\/v2\/posts\/35950\/revisions\/35953"}],"wp:attachment":[{"href":"https:\/\/justicapotiguar.com.br\/index.php\/wp-json\/wp\/v2\/media?parent=35950"}],"wp:term":[{"taxonomy":"category","embeddable":true,"href":"https:\/\/justicapotiguar.com.br\/index.php\/wp-json\/wp\/v2\/categories?post=35950"},{"taxonomy":"post_tag","embeddable":true,"href":"https:\/\/justicapotiguar.com.br\/index.php\/wp-json\/wp\/v2\/tags?post=35950"}],"curies":[{"name":"wp","href":"https:\/\/api.w.org\/{rel}","templated":true}]}}