{"id":35946,"date":"2024-03-01T12:57:02","date_gmt":"2024-03-01T15:57:02","guid":{"rendered":"https:\/\/justicapotiguar.com.br\/?p=35946"},"modified":"2024-03-01T12:58:07","modified_gmt":"2024-03-01T15:58:07","slug":"justica-do-trabalho-afirma-que-presenca-do-advogado-e-dispensavel","status":"publish","type":"post","link":"https:\/\/justicapotiguar.com.br\/index.php\/2024\/03\/01\/justica-do-trabalho-afirma-que-presenca-do-advogado-e-dispensavel\/","title":{"rendered":"Justi\u00e7a do Trabalho afirma que presen\u00e7a do advogado \u00e9 dispens\u00e1vel"},"content":{"rendered":"\n<p>Um jovem advogado potiguar organizou antecipadamente viagem de comemora\u00e7\u00e3o de bodas do seu casamento \u00e0 Fernando de Noronha\/RN, comprando as passagens e reservando a hospedagem, em 11\/2023. E nessa semana foi contratado para defender uma empregadora dom\u00e9stica em processo trabalhista cuja audi\u00eancia ocorrer\u00e1 em 05\/03\/2023, data em que estar\u00e1 em viagem.<\/p>\n\n\n\n<p>Como a ilha de Fernando de Noronha\/RN, sabidamente, possui servi\u00e7o de internet absolutamente prec\u00e1rio, o Advogado, \u00fanico habilitado no processo, pediu adiamento da audi\u00eancia e comprovou ter comprado passagens em 11\/2023.<\/p>\n\n\n\n<figure class=\"wp-block-image size-large\"><img loading=\"lazy\" width=\"1024\" height=\"901\" src=\"https:\/\/justicapotiguar.com.br\/wp-content\/uploads\/2024\/03\/IMG-20240301-WA0019-1024x901.jpg\" alt=\"\" class=\"wp-image-35948\" srcset=\"https:\/\/justicapotiguar.com.br\/wp-content\/uploads\/2024\/03\/IMG-20240301-WA0019-1024x901.jpg 1024w, https:\/\/justicapotiguar.com.br\/wp-content\/uploads\/2024\/03\/IMG-20240301-WA0019-300x264.jpg 300w, https:\/\/justicapotiguar.com.br\/wp-content\/uploads\/2024\/03\/IMG-20240301-WA0019-768x676.jpg 768w, https:\/\/justicapotiguar.com.br\/wp-content\/uploads\/2024\/03\/IMG-20240301-WA0019.jpg 1280w\" sizes=\"(max-width: 1024px) 100vw, 1024px\" \/><figcaption>Reprodu\u00e7\u00e3o<\/figcaption><\/figure>\n\n\n\n<p>Para a surpresa do Advogado, este teve o pedido negado pois a magistrada afirmou que: \u201c\u2026que embora se reconhe\u00e7a a import\u00e2ncia da presen\u00e7a dos advogados na Justi\u00e7a, referida presen\u00e7a n\u00e3o \u00e9 de essencialidade para a realiza\u00e7\u00e3o da audi\u00eancia trabalhista.\u201d<\/p><div class=\"pplel69efa2889c548\" ><!--<a href=\"https:\/\/bit.ly\/3QdrqTZ\" target=\"_blank\">\n<img src=\"https:\/\/justicapotiguar.com.br\/wp-content\/uploads\/2023\/09\/mobile-geral.gif\"\/><a\/>--><\/div><style type=\"text\/css\">\r\n.pplel69efa2889c548 {\r\ntext-align: center;\r\n}\r\n@media screen and (min-width: 1201px) {\r\n.pplel69efa2889c548 {\r\ndisplay: none;\r\n}\r\n}\r\n@media screen and (min-width: 993px) and (max-width: 1200px) {\r\n.pplel69efa2889c548 {\r\ndisplay: none;\r\n}\r\n}\r\n@media screen and (min-width: 769px) and (max-width: 992px) {\r\n.pplel69efa2889c548 {\r\ndisplay: none;\r\n}\r\n}\r\n@media screen and (min-width: 768px) and (max-width: 768px) {\r\n.pplel69efa2889c548 {\r\ndisplay: block;\r\n}\r\n}\r\n@media screen and (max-width: 767px) {\r\n.pplel69efa2889c548 {\r\ndisplay: block;\r\n}\r\n}\r\n<\/style>\r\n<div class=\"slldg69efa2889c52d\" ><!--<a href=\"https:\/\/bit.ly\/3QdrqTZ\" target=\"_blank\">\n<img src=\"https:\/\/justicapotiguar.com.br\/wp-content\/uploads\/2023\/09\/desktop-geral.gif\"\/><a\/>--><\/div><style type=\"text\/css\">\r\n.slldg69efa2889c52d {\r\ntext-align: center;\nmargin-bottom: 1em;\r\n}\r\n@media screen and (min-width: 1201px) {\r\n.slldg69efa2889c52d {\r\ndisplay: block;\r\n}\r\n}\r\n@media screen and (min-width: 993px) and (max-width: 1200px) {\r\n.slldg69efa2889c52d {\r\ndisplay: block;\r\n}\r\n}\r\n@media screen and (min-width: 769px) and (max-width: 992px) {\r\n.slldg69efa2889c52d {\r\ndisplay: block;\r\n}\r\n}\r\n@media screen and (min-width: 768px) and (max-width: 768px) {\r\n.slldg69efa2889c52d {\r\ndisplay: none;\r\n}\r\n}\r\n@media screen and (max-width: 767px) {\r\n.slldg69efa2889c52d {\r\ndisplay: none;\r\n}\r\n}\r\n<\/style>\r\n\n\n\n\n<p>Continuou a MM. Magistrada ao justificar sua decis\u00e3o afirmando que: \u201c\u2026h\u00e1 a possibilidade de substabelecimento, caso assim deseje o nobre patrono que, por sua agenda pessoal, n\u00e3o poder\u00e1 comparecer no ato aprazado.\u201d e, depois, \u201cinexist\u00eancia de respaldo legal\u201d.<\/p>\n\n\n\n<p>Advogados ouvidos pelo Justi\u00e7a Potiguar afirmam que h\u00e1 flagrante desrespeito \u00e0s prerrogativas do advogado e que as raz\u00f5es expostas pela decis\u00e3o prejudicam sobremaneira a jovem advocacia, advogados iniciantes e os pequenos escrit\u00f3rios pois imp\u00f5e uma restri\u00e7\u00e3o mercadologia de novos clientes.<\/p>\n\n\n\n<p>Processo n. 0000109-35.2024.5.21.0043 (RTSum)<\/p>\n","protected":false},"excerpt":{"rendered":"<p>Um jovem advogado potiguar organizou antecipadamente viagem de comemora\u00e7\u00e3o de bodas do seu casamento \u00e0 Fernando de Noronha\/RN, comprando as passagens e reservando a hospedagem, em 11\/2023. E nessa semana foi contratado para defender uma empregadora dom\u00e9stica em processo trabalhista cuja audi\u00eancia ocorrer\u00e1 em 05\/03\/2023, data em que estar\u00e1 em viagem. Como a ilha de<br \/><a class=\"more-link\" href=\"https:\/\/justicapotiguar.com.br\/index.php\/2024\/03\/01\/justica-do-trabalho-afirma-que-presenca-do-advogado-e-dispensavel\/\">Mais&#8230;<\/a><\/p>\n","protected":false},"author":5,"featured_media":0,"comment_status":"open","ping_status":"open","sticky":false,"template":"","format":"standard","meta":[],"categories":[1],"tags":[],"_links":{"self":[{"href":"https:\/\/justicapotiguar.com.br\/index.php\/wp-json\/wp\/v2\/posts\/35946"}],"collection":[{"href":"https:\/\/justicapotiguar.com.br\/index.php\/wp-json\/wp\/v2\/posts"}],"about":[{"href":"https:\/\/justicapotiguar.com.br\/index.php\/wp-json\/wp\/v2\/types\/post"}],"author":[{"embeddable":true,"href":"https:\/\/justicapotiguar.com.br\/index.php\/wp-json\/wp\/v2\/users\/5"}],"replies":[{"embeddable":true,"href":"https:\/\/justicapotiguar.com.br\/index.php\/wp-json\/wp\/v2\/comments?post=35946"}],"version-history":[{"count":2,"href":"https:\/\/justicapotiguar.com.br\/index.php\/wp-json\/wp\/v2\/posts\/35946\/revisions"}],"predecessor-version":[{"id":35949,"href":"https:\/\/justicapotiguar.com.br\/index.php\/wp-json\/wp\/v2\/posts\/35946\/revisions\/35949"}],"wp:attachment":[{"href":"https:\/\/justicapotiguar.com.br\/index.php\/wp-json\/wp\/v2\/media?parent=35946"}],"wp:term":[{"taxonomy":"category","embeddable":true,"href":"https:\/\/justicapotiguar.com.br\/index.php\/wp-json\/wp\/v2\/categories?post=35946"},{"taxonomy":"post_tag","embeddable":true,"href":"https:\/\/justicapotiguar.com.br\/index.php\/wp-json\/wp\/v2\/tags?post=35946"}],"curies":[{"name":"wp","href":"https:\/\/api.w.org\/{rel}","templated":true}]}}