{"id":35892,"date":"2024-02-28T10:45:00","date_gmt":"2024-02-28T13:45:00","guid":{"rendered":"https:\/\/justicapotiguar.com.br\/?p=35892"},"modified":"2024-02-27T22:48:18","modified_gmt":"2024-02-28T01:48:18","slug":"erro-de-virgula-em-propaganda-de-carro-gera-indenizacao-a-dono-de-bmw","status":"publish","type":"post","link":"https:\/\/justicapotiguar.com.br\/index.php\/2024\/02\/28\/erro-de-virgula-em-propaganda-de-carro-gera-indenizacao-a-dono-de-bmw\/","title":{"rendered":"Erro de v\u00edrgula em propaganda de carro gera indeniza\u00e7\u00e3o a dono de BMW"},"content":{"rendered":"\n<p>A<br>A<br>Por erro de v\u00edrgula em publicidade da BMW, marca e concession\u00e1ria de carros dever\u00e3o indenizar propriet\u00e1rio de carro que teve problema na bateria de ve\u00edculo. Decis\u00e3o \u00e9 do juiz de Direito Andr\u00e9 Gomes Alves, da 24\u00aa vara C\u00edvel de Bras\u00edlia\/DF, ao avaliar que a publicidade determinou que bateria do carro do autor est\u00e1 dentro da garantia determinada pela fabricante.<\/p>\n\n\n\n<p>O dono de um carro BMW i3, fabricado pela BMW e comercializado pela Eurobike, relatou que levou o carro para revis\u00e3o em uma concession\u00e1ria autorizada, devido a um alerta no painel indicando &#8220;propulsor de exclama\u00e7\u00e3o autonomia muito limitada&#8221;. Ap\u00f3s duas idas \u00e0 concession\u00e1ria, que afirmou n\u00e3o ter identificado problemas, o motor el\u00e9trico do ve\u00edculo parou.<\/p>\n\n\n\n<p>Desde ent\u00e3o, o carro est\u00e1 parado, uma vez que a concession\u00e1ria apresentou um or\u00e7amento de reparo de aproximadamente R$ 300 mil (valor este superior ao do autom\u00f3vel), sendo alegado pela loja e pela fabricante que o ve\u00edculo n\u00e3o est\u00e1 mais coberto pela garantia de f\u00e1brica.<\/p>\n\n\n\n<p>No entanto, o dono do carro afirmou que no site da fabricante constava que a garantia da bateria do ve\u00edculo \u00e9 de oito anos ou 160 mil km, conforme publicidade dispon\u00edvel na internet. Dessa forma, ajuizou uma a\u00e7\u00e3o para que o carro fosse reparado, al\u00e9m de solicitar indeniza\u00e7\u00e3o por danos morais.<\/p>\n\n\n\n<figure class=\"wp-block-image size-large\"><img loading=\"lazy\" width=\"880\" height=\"495\" src=\"https:\/\/justicapotiguar.com.br\/wp-content\/uploads\/2024\/02\/https__img.migalhas.com_.br__SL__gf_base__SL__empresas__SL__MIGA__SL__imagens__SL__2024__SL__02__SL__27__SL__37f2ccc0-7109-4ac0-8b59-9f62465845ee.jpg._PROC_CP65.jpg\" alt=\"\" class=\"wp-image-35893\" srcset=\"https:\/\/justicapotiguar.com.br\/wp-content\/uploads\/2024\/02\/https__img.migalhas.com_.br__SL__gf_base__SL__empresas__SL__MIGA__SL__imagens__SL__2024__SL__02__SL__27__SL__37f2ccc0-7109-4ac0-8b59-9f62465845ee.jpg._PROC_CP65.jpg 880w, https:\/\/justicapotiguar.com.br\/wp-content\/uploads\/2024\/02\/https__img.migalhas.com_.br__SL__gf_base__SL__empresas__SL__MIGA__SL__imagens__SL__2024__SL__02__SL__27__SL__37f2ccc0-7109-4ac0-8b59-9f62465845ee.jpg._PROC_CP65-300x169.jpg 300w, https:\/\/justicapotiguar.com.br\/wp-content\/uploads\/2024\/02\/https__img.migalhas.com_.br__SL__gf_base__SL__empresas__SL__MIGA__SL__imagens__SL__2024__SL__02__SL__27__SL__37f2ccc0-7109-4ac0-8b59-9f62465845ee.jpg._PROC_CP65-768x432.jpg 768w\" sizes=\"(max-width: 880px) 100vw, 880px\" \/><figcaption>Ilustrativa<\/figcaption><\/figure>\n\n\n\n<p><br>Ao avaliar o caso, o juiz destacou que no documento de garantia apresentado pela fabricante, constava o per\u00edodo de oito anos ou mil km\u00a0de garantia, o que excluiria o carro do autor. No entanto, o magistrado ressaltou que consta no mesmo documento\u00a0&#8220;a informa\u00e7\u00e3o de tratar-se de termos garantia de agosto de 2017, ao passo que o ve\u00edculo objeto da lide foi adquirido no ano de 2015&#8221;.<\/p>\n\n\n\n<p>Dessa forma, o ju\u00edzo considerou a publicidade contida no site da fabricante, que divulgou garantia de at\u00e9 oito anos ou 160 mil km, com os dizeres &#8220;(BMW i3, 94 Ah e 120Ah)&#8221;. Em defesa, a fabricante alegou que a publicidade limitava a garantia de 160 mil km aos ve\u00edculos com baterias de 94 Ah e 120 Ah, e que a bateria instalada no carro do autor seria de 60Ah.<\/p><div class=\"ukkii69f22fc7a8f39\" ><!--<a href=\"https:\/\/bit.ly\/3QdrqTZ\" target=\"_blank\">\n<img src=\"https:\/\/justicapotiguar.com.br\/wp-content\/uploads\/2023\/09\/mobile-geral.gif\"\/><a\/>--><\/div><style type=\"text\/css\">\r\n.ukkii69f22fc7a8f39 {\r\ntext-align: center;\r\n}\r\n@media screen and (min-width: 1201px) {\r\n.ukkii69f22fc7a8f39 {\r\ndisplay: none;\r\n}\r\n}\r\n@media screen and (min-width: 993px) and (max-width: 1200px) {\r\n.ukkii69f22fc7a8f39 {\r\ndisplay: none;\r\n}\r\n}\r\n@media screen and (min-width: 769px) and (max-width: 992px) {\r\n.ukkii69f22fc7a8f39 {\r\ndisplay: none;\r\n}\r\n}\r\n@media screen and (min-width: 768px) and (max-width: 768px) {\r\n.ukkii69f22fc7a8f39 {\r\ndisplay: block;\r\n}\r\n}\r\n@media screen and (max-width: 767px) {\r\n.ukkii69f22fc7a8f39 {\r\ndisplay: block;\r\n}\r\n}\r\n<\/style>\r\n<div class=\"fbrvk69f22fc7a8f1d\" ><!--<a href=\"https:\/\/bit.ly\/3QdrqTZ\" target=\"_blank\">\n<img src=\"https:\/\/justicapotiguar.com.br\/wp-content\/uploads\/2023\/09\/desktop-geral.gif\"\/><a\/>--><\/div><style type=\"text\/css\">\r\n.fbrvk69f22fc7a8f1d {\r\ntext-align: center;\nmargin-bottom: 1em;\r\n}\r\n@media screen and (min-width: 1201px) {\r\n.fbrvk69f22fc7a8f1d {\r\ndisplay: block;\r\n}\r\n}\r\n@media screen and (min-width: 993px) and (max-width: 1200px) {\r\n.fbrvk69f22fc7a8f1d {\r\ndisplay: block;\r\n}\r\n}\r\n@media screen and (min-width: 769px) and (max-width: 992px) {\r\n.fbrvk69f22fc7a8f1d {\r\ndisplay: block;\r\n}\r\n}\r\n@media screen and (min-width: 768px) and (max-width: 768px) {\r\n.fbrvk69f22fc7a8f1d {\r\ndisplay: none;\r\n}\r\n}\r\n@media screen and (max-width: 767px) {\r\n.fbrvk69f22fc7a8f1d {\r\ndisplay: none;\r\n}\r\n}\r\n<\/style>\r\n\n\n\n\n<p>Em an\u00e1lise da publicidade, o magistrado destacou que a norma culta da l\u00edngua portuguesa somente permite interpretar que as baterias de 94 Ah e 120 Ah s\u00e3o atributos associados ao referente de forma explicativa, por estarem separados de &#8220;BMW i3&#8221; por v\u00edrgula.<\/p>\n\n\n\n<p>&#8220;Quisessem as requeridas indicar que a garantia em quest\u00e3o se restringe apenas aos modelos BMW i3 equipados com baterias 94 Ah e 120 Ah, excluindo os demais, n\u00e3o poderia constar a v\u00edrgula entre o referente e o referido.&#8221;<\/p>\n\n\n\n<p>Nesse sentido, o juiz conclui que a correta leitura da publicidade significa &#8220;que todos os BMW i3 possuem a mesma garantia, n\u00e3o apenas aqueles equipados com uma ou outra bateria&#8221;. Dessa forma, o magistrado condenou a concession\u00e1ria e a fabricante do carro a repararem, solidariamente, o carro do homem, bem como o indenizarem em R$ 5 mil por danos morais.<\/p>\n\n\n\n<p>O escrit\u00f3rio&nbsp;Advocacia Fontes Advogados Associados S\/S atua pelo propriet\u00e1rio do ve\u00edculo.<\/p>\n\n\n\n<p>Migalhas <\/p>\n","protected":false},"excerpt":{"rendered":"<p>AAPor erro de v\u00edrgula em publicidade da BMW, marca e concession\u00e1ria de carros dever\u00e3o indenizar propriet\u00e1rio de carro que teve problema na bateria de ve\u00edculo. Decis\u00e3o \u00e9 do juiz de Direito Andr\u00e9 Gomes Alves, da 24\u00aa vara C\u00edvel de Bras\u00edlia\/DF, ao avaliar que a publicidade determinou que bateria do carro do autor est\u00e1 dentro da<br \/><a class=\"more-link\" href=\"https:\/\/justicapotiguar.com.br\/index.php\/2024\/02\/28\/erro-de-virgula-em-propaganda-de-carro-gera-indenizacao-a-dono-de-bmw\/\">Mais&#8230;<\/a><\/p>\n","protected":false},"author":5,"featured_media":0,"comment_status":"open","ping_status":"open","sticky":false,"template":"","format":"standard","meta":[],"categories":[1],"tags":[],"_links":{"self":[{"href":"https:\/\/justicapotiguar.com.br\/index.php\/wp-json\/wp\/v2\/posts\/35892"}],"collection":[{"href":"https:\/\/justicapotiguar.com.br\/index.php\/wp-json\/wp\/v2\/posts"}],"about":[{"href":"https:\/\/justicapotiguar.com.br\/index.php\/wp-json\/wp\/v2\/types\/post"}],"author":[{"embeddable":true,"href":"https:\/\/justicapotiguar.com.br\/index.php\/wp-json\/wp\/v2\/users\/5"}],"replies":[{"embeddable":true,"href":"https:\/\/justicapotiguar.com.br\/index.php\/wp-json\/wp\/v2\/comments?post=35892"}],"version-history":[{"count":1,"href":"https:\/\/justicapotiguar.com.br\/index.php\/wp-json\/wp\/v2\/posts\/35892\/revisions"}],"predecessor-version":[{"id":35894,"href":"https:\/\/justicapotiguar.com.br\/index.php\/wp-json\/wp\/v2\/posts\/35892\/revisions\/35894"}],"wp:attachment":[{"href":"https:\/\/justicapotiguar.com.br\/index.php\/wp-json\/wp\/v2\/media?parent=35892"}],"wp:term":[{"taxonomy":"category","embeddable":true,"href":"https:\/\/justicapotiguar.com.br\/index.php\/wp-json\/wp\/v2\/categories?post=35892"},{"taxonomy":"post_tag","embeddable":true,"href":"https:\/\/justicapotiguar.com.br\/index.php\/wp-json\/wp\/v2\/tags?post=35892"}],"curies":[{"name":"wp","href":"https:\/\/api.w.org\/{rel}","templated":true}]}}