{"id":35815,"date":"2024-02-21T16:45:05","date_gmt":"2024-02-21T19:45:05","guid":{"rendered":"https:\/\/justicapotiguar.com.br\/?p=35815"},"modified":"2024-02-21T16:45:05","modified_gmt":"2024-02-21T19:45:05","slug":"operacao-do-mprn-busca-provas-relativas-a-morte-do-prefeito-de-sao-jose-de-campestre","status":"publish","type":"post","link":"https:\/\/justicapotiguar.com.br\/index.php\/2024\/02\/21\/operacao-do-mprn-busca-provas-relativas-a-morte-do-prefeito-de-sao-jose-de-campestre\/","title":{"rendered":"Opera\u00e7\u00e3o do MPRN busca provas relativas \u00e0 morte do prefeito de S\u00e3o Jos\u00e9 de Campestre"},"content":{"rendered":"\n<h1><\/h1>\n\n\n\n<figure class=\"wp-block-image\"><img src=\"https:\/\/www.mprn.mp.br\/wp-content\/uploads\/2024\/02\/viatura.jpg\" alt=\"Imagem de uma viatura policial com o giroflex ligado\" class=\"wp-image-21029\"\/><\/figure>\n\n\n\n<p>O Minist\u00e9rio P\u00fablico do Rio Grande do Norte (MPRN) deflagrou nesta quarta-feira (21) a opera\u00e7\u00e3o Non Celare. O objetivo foi cumprir quatro mandados de busca e apreens\u00e3o para encontrar provas subtra\u00eddas e que podem contribuir para a investiga\u00e7\u00e3o do assassinato de Joseilson Borges da Costa, conhecido como \u201cNenem Borges\u201d, prefeito de S\u00e3o Jos\u00e9 de Campestre. Ele foi morto a tiros no dia 18 de abril do ano passado dentro da pr\u00f3pria resid\u00eancia, em um crime com caracter\u00edsticas de execu\u00e7\u00e3o sum\u00e1ria. Os mandados foram cumpridos em S\u00e3o Jos\u00e9 de Campestre e em Santo Ant\u00f4nio.<\/p>\n\n\n\n<p>Non Celare significa \u201cN\u00e3o se esconda\u201d, uma refer\u00eancia \u00e0 subtra\u00e7\u00e3o de provas relacionadas ao homic\u00eddio cometido.<\/p>\n\n\n\n<p>As medidas cautelares cumpridas na a\u00e7\u00e3o se revestem de car\u00e1ter imprescind\u00edvel para a colheita de elementos que possam auxiliar nas provas de motiva\u00e7\u00f5es envolvendo o homic\u00eddio do prefeito, especialmente em raz\u00e3o da subtra\u00e7\u00e3o de provas ocorridas que configuram, em tese, crimes de coa\u00e7\u00e3o no curso do processo, falso testemunho e fraude processual.<\/p><div class=\"ikymc69f2525c112db\" ><!--<a href=\"https:\/\/bit.ly\/3QdrqTZ\" target=\"_blank\">\n<img src=\"https:\/\/justicapotiguar.com.br\/wp-content\/uploads\/2023\/09\/mobile-geral.gif\"\/><a\/>--><\/div><style type=\"text\/css\">\r\n.ikymc69f2525c112db {\r\ntext-align: center;\r\n}\r\n@media screen and (min-width: 1201px) {\r\n.ikymc69f2525c112db {\r\ndisplay: none;\r\n}\r\n}\r\n@media screen and (min-width: 993px) and (max-width: 1200px) {\r\n.ikymc69f2525c112db {\r\ndisplay: none;\r\n}\r\n}\r\n@media screen and (min-width: 769px) and (max-width: 992px) {\r\n.ikymc69f2525c112db {\r\ndisplay: none;\r\n}\r\n}\r\n@media screen and (min-width: 768px) and (max-width: 768px) {\r\n.ikymc69f2525c112db {\r\ndisplay: block;\r\n}\r\n}\r\n@media screen and (max-width: 767px) {\r\n.ikymc69f2525c112db {\r\ndisplay: block;\r\n}\r\n}\r\n<\/style>\r\n<div class=\"nifll69f2525c112c4\" ><!--<a href=\"https:\/\/bit.ly\/3QdrqTZ\" target=\"_blank\">\n<img src=\"https:\/\/justicapotiguar.com.br\/wp-content\/uploads\/2023\/09\/desktop-geral.gif\"\/><a\/>--><\/div><style type=\"text\/css\">\r\n.nifll69f2525c112c4 {\r\ntext-align: center;\nmargin-bottom: 1em;\r\n}\r\n@media screen and (min-width: 1201px) {\r\n.nifll69f2525c112c4 {\r\ndisplay: block;\r\n}\r\n}\r\n@media screen and (min-width: 993px) and (max-width: 1200px) {\r\n.nifll69f2525c112c4 {\r\ndisplay: block;\r\n}\r\n}\r\n@media screen and (min-width: 769px) and (max-width: 992px) {\r\n.nifll69f2525c112c4 {\r\ndisplay: block;\r\n}\r\n}\r\n@media screen and (min-width: 768px) and (max-width: 768px) {\r\n.nifll69f2525c112c4 {\r\ndisplay: none;\r\n}\r\n}\r\n@media screen and (max-width: 767px) {\r\n.nifll69f2525c112c4 {\r\ndisplay: none;\r\n}\r\n}\r\n<\/style>\r\n\n\n\n\n<p>A opera\u00e7\u00e3o cumpriu quatro mandados de busca e apreens\u00e3o e contou com o apoio da Pol\u00edcia Militar. Ao todo, cinco promotores de Justi\u00e7a, nove servidores do MPRN e 24 policiais militares participaram da a\u00e7\u00e3o.<\/p>\n\n\n\n<p><\/p>\n","protected":false},"excerpt":{"rendered":"<p>O Minist\u00e9rio P\u00fablico do Rio Grande do Norte (MPRN) deflagrou nesta quarta-feira (21) a opera\u00e7\u00e3o Non Celare. O objetivo foi cumprir quatro mandados de busca e apreens\u00e3o para encontrar provas subtra\u00eddas e que podem contribuir para a investiga\u00e7\u00e3o do assassinato de Joseilson Borges da Costa, conhecido como \u201cNenem Borges\u201d, prefeito de S\u00e3o Jos\u00e9 de Campestre.<br \/><a class=\"more-link\" href=\"https:\/\/justicapotiguar.com.br\/index.php\/2024\/02\/21\/operacao-do-mprn-busca-provas-relativas-a-morte-do-prefeito-de-sao-jose-de-campestre\/\">Mais&#8230;<\/a><\/p>\n","protected":false},"author":5,"featured_media":0,"comment_status":"open","ping_status":"open","sticky":false,"template":"","format":"standard","meta":[],"categories":[1],"tags":[],"_links":{"self":[{"href":"https:\/\/justicapotiguar.com.br\/index.php\/wp-json\/wp\/v2\/posts\/35815"}],"collection":[{"href":"https:\/\/justicapotiguar.com.br\/index.php\/wp-json\/wp\/v2\/posts"}],"about":[{"href":"https:\/\/justicapotiguar.com.br\/index.php\/wp-json\/wp\/v2\/types\/post"}],"author":[{"embeddable":true,"href":"https:\/\/justicapotiguar.com.br\/index.php\/wp-json\/wp\/v2\/users\/5"}],"replies":[{"embeddable":true,"href":"https:\/\/justicapotiguar.com.br\/index.php\/wp-json\/wp\/v2\/comments?post=35815"}],"version-history":[{"count":1,"href":"https:\/\/justicapotiguar.com.br\/index.php\/wp-json\/wp\/v2\/posts\/35815\/revisions"}],"predecessor-version":[{"id":35816,"href":"https:\/\/justicapotiguar.com.br\/index.php\/wp-json\/wp\/v2\/posts\/35815\/revisions\/35816"}],"wp:attachment":[{"href":"https:\/\/justicapotiguar.com.br\/index.php\/wp-json\/wp\/v2\/media?parent=35815"}],"wp:term":[{"taxonomy":"category","embeddable":true,"href":"https:\/\/justicapotiguar.com.br\/index.php\/wp-json\/wp\/v2\/categories?post=35815"},{"taxonomy":"post_tag","embeddable":true,"href":"https:\/\/justicapotiguar.com.br\/index.php\/wp-json\/wp\/v2\/tags?post=35815"}],"curies":[{"name":"wp","href":"https:\/\/api.w.org\/{rel}","templated":true}]}}