{"id":35808,"date":"2024-02-21T11:05:36","date_gmt":"2024-02-21T14:05:36","guid":{"rendered":"https:\/\/justicapotiguar.com.br\/?p=35808"},"modified":"2024-02-21T11:05:36","modified_gmt":"2024-02-21T14:05:36","slug":"com-recurso-extraordinario-negado-estado-deve-reformar-escola-no-interior-do-rn","status":"publish","type":"post","link":"https:\/\/justicapotiguar.com.br\/index.php\/2024\/02\/21\/com-recurso-extraordinario-negado-estado-deve-reformar-escola-no-interior-do-rn\/","title":{"rendered":"Com Recurso Extraordin\u00e1rio negado, Estado deve reformar escola no interior do RN"},"content":{"rendered":"\n<p>A Vice-Presid\u00eancia do Tribunal de Justi\u00e7a potiguar negou seguimento a um recurso extraordin\u00e1rio interposto pelo Estado do Rio Grande do Norte contra ac\u00f3rd\u00e3o proferido pelo TJRN que manteve senten\u00e7a no sentido de determinar ao ente p\u00fablico a realiza\u00e7\u00e3o de melhorias de acessibilidade na Escola Estadual Manoel Joaquim, localizada no Centro de Governador Dix-Sept Rosado.Na&nbsp;A\u00e7\u00e3o<\/p>\n\n\n\n<figure class=\"wp-block-image size-large\"><img loading=\"lazy\" width=\"680\" height=\"382\" src=\"https:\/\/justicapotiguar.com.br\/wp-content\/uploads\/2020\/06\/5EA97F324CF3BC89A0FBE9F8309F654E0379_escola.jpg\" alt=\"\" class=\"wp-image-10403\" srcset=\"https:\/\/justicapotiguar.com.br\/wp-content\/uploads\/2020\/06\/5EA97F324CF3BC89A0FBE9F8309F654E0379_escola.jpg 680w, https:\/\/justicapotiguar.com.br\/wp-content\/uploads\/2020\/06\/5EA97F324CF3BC89A0FBE9F8309F654E0379_escola-300x169.jpg 300w\" sizes=\"(max-width: 680px) 100vw, 680px\" \/><figcaption>Ilustrativa<\/figcaption><\/figure>\n\n\n\n<p>Instrumento formal pelo qual formula-se uma pretens\u00e3o perante o Poder Judici\u00e1rio. O direito \u00e0 a\u00e7\u00e3o refere-se \u00e0 possibilidade de pedir a tutela jurisdicional para que o Estado satisfa\u00e7a a uma pretens\u00e3o regularmente deduzida. A a\u00e7\u00e3o diferencia-se do direito subjetivo material e deve observar a forma prescrita em lei para ser regularmente processada.&nbsp;Civil P\u00fablica, o&nbsp;Minist\u00e9rio P\u00fablico<\/p>\n\n\n\n<p>Institui\u00e7\u00e3o permanente, una, indivis\u00edvel e independente, inclu\u00edda na Constitui\u00e7\u00e3o Federal entre as atividades essenciais \u00e0 fun\u00e7\u00e3o jurisdicional do Estado. A esse \u00f3rg\u00e3o incumbe a defesa da ordem jur\u00eddica, do regime democr\u00e1tico e dos interesses sociais e individuais indispon\u00edveis, bem como a fiscaliza\u00e7\u00e3o da aplica\u00e7\u00e3o e execu\u00e7\u00e3o das leis.<\/p>\n\n\n\n<p>O Minist\u00e9rio P\u00fablico abrange o Minist\u00e9rio P\u00fablico da Uni\u00e3o (Minist\u00e9rio P\u00fablico Federal, Minist\u00e9rio P\u00fablico do Trabalho, Minist\u00e9rio P\u00fablico Militar e Minist\u00e9rio P\u00fablico do Distrito Federal e Territ\u00f3rios) e o Minist\u00e9rio P\u00fablico Estadual. Os membros do Minist\u00e9rio P\u00fablico dos estados e do Distrito Federal s\u00e3o promotores e procuradores de Justi\u00e7a. Os membros do Minist\u00e9rio P\u00fablico Militar s\u00e3o promotores e procuradores de Justi\u00e7a Militar. Os membros do Minist\u00e9rio P\u00fablico do Trabalho s\u00e3o procuradores do Trabalho. Os membros do Minist\u00e9rio P\u00fablico Federal s\u00e3o procuradores da Rep\u00fablica.Fundamenta\u00e7\u00e3o Legal:Artigos 127 a 130-A da CF\/1988.&nbsp;estadual buscou, perante o Poder Judici\u00e1rio, que as melhorias na edifica\u00e7\u00e3o atendesse, inclusive, \u00e0s normas de acessibilidade, bem como o fornecimento do transporte escolar para os alunos da rede estadual de ensino residentes na Zona Rural do Munic\u00edpio.Quando ingressou com a a\u00e7\u00e3o, o MP alegou que, de acordo com o apurado em inqu\u00e9rito civil anexado aos autos, a escola necessita de diversas reformas em sua estrutura, n\u00e3o atendendo, ainda, \u00e0s exig\u00eancias de acessibilidade contidas as normas t\u00e9cnicas pertinentes, necessitando adequar-se ao uso por pessoas com defici\u00eancia ou restri\u00e7\u00e3o de mobilidade.Afirmou, ainda, que o transporte escolar n\u00e3o est\u00e1 sendo ofertado aos alunos do ensino m\u00e9dio residentes da zona rural. Diante do alegado, a 2\u00aa Vara da Fazenda P\u00fablica da&nbsp;Comarca<\/p><div class=\"qnhsw69f2525b879a7\" ><!--<a href=\"https:\/\/bit.ly\/3QdrqTZ\" target=\"_blank\">\n<img src=\"https:\/\/justicapotiguar.com.br\/wp-content\/uploads\/2023\/09\/mobile-geral.gif\"\/><a\/>--><\/div><style type=\"text\/css\">\r\n.qnhsw69f2525b879a7 {\r\ntext-align: center;\r\n}\r\n@media screen and (min-width: 1201px) {\r\n.qnhsw69f2525b879a7 {\r\ndisplay: none;\r\n}\r\n}\r\n@media screen and (min-width: 993px) and (max-width: 1200px) {\r\n.qnhsw69f2525b879a7 {\r\ndisplay: none;\r\n}\r\n}\r\n@media screen and (min-width: 769px) and (max-width: 992px) {\r\n.qnhsw69f2525b879a7 {\r\ndisplay: none;\r\n}\r\n}\r\n@media screen and (min-width: 768px) and (max-width: 768px) {\r\n.qnhsw69f2525b879a7 {\r\ndisplay: block;\r\n}\r\n}\r\n@media screen and (max-width: 767px) {\r\n.qnhsw69f2525b879a7 {\r\ndisplay: block;\r\n}\r\n}\r\n<\/style>\r\n<div class=\"fsbix69f2525b87992\" ><!--<a href=\"https:\/\/bit.ly\/3QdrqTZ\" target=\"_blank\">\n<img src=\"https:\/\/justicapotiguar.com.br\/wp-content\/uploads\/2023\/09\/desktop-geral.gif\"\/><a\/>--><\/div><style type=\"text\/css\">\r\n.fsbix69f2525b87992 {\r\ntext-align: center;\nmargin-bottom: 1em;\r\n}\r\n@media screen and (min-width: 1201px) {\r\n.fsbix69f2525b87992 {\r\ndisplay: block;\r\n}\r\n}\r\n@media screen and (min-width: 993px) and (max-width: 1200px) {\r\n.fsbix69f2525b87992 {\r\ndisplay: block;\r\n}\r\n}\r\n@media screen and (min-width: 769px) and (max-width: 992px) {\r\n.fsbix69f2525b87992 {\r\ndisplay: block;\r\n}\r\n}\r\n@media screen and (min-width: 768px) and (max-width: 768px) {\r\n.fsbix69f2525b87992 {\r\ndisplay: none;\r\n}\r\n}\r\n@media screen and (max-width: 767px) {\r\n.fsbix69f2525b87992 {\r\ndisplay: none;\r\n}\r\n}\r\n<\/style>\r\n\n\n\n\n<p>Circunscri\u00e7\u00e3o territorial que delimita a jurisdi\u00e7\u00e3o do magistrado, ou seja, define seu \u00e2mbito de atua\u00e7\u00e3o.&nbsp;de Mossor\u00f3 condenou o Estado do RN a reformar a unidade de ensino.Pela senten\u00e7a, o Estado deveria reparar os problemas estruturais indicados pela per\u00edcia judicial, inclusive atendendo \u00e0s normas de acessibilidade e fornecendo o transporte escolar para os estudantes.Ao recorrer ao TJRN, o poder p\u00fablico estadual defendeu a perda superveniente do objeto, uma vez a escola est\u00e1 dentre as obras previstas, bem como invocou o princ\u00edpio da reserva do poss\u00edvel, com a informa\u00e7\u00e3o de que se encontra em tr\u00e2mite o cronograma de obras de acessibilidade elaborado pela Subcoordenadoria de Constru\u00e7\u00e3o e Manuten\u00e7\u00e3o Escolar &#8211; SCMCE\/SEEC, no qual foi contemplada esta escola.Senten\u00e7aAto processual do magistrado que extingue o processo, com ou sem julgamento de m\u00e9rito. Fundamenta\u00e7\u00e3o Legal:Artigo 203, \u00a71\u00b0 do, CPC\/2015.&nbsp;mantidaA 2\u00aa C\u00e2mara C\u00edvel do Tribunal de Justi\u00e7a, por unanimidade de votos, negou o recurso e manteve a senten\u00e7a de primeira inst\u00e2ncia, destacando trechos do laudo pericial que constata ser evidente a necessidade de recupera\u00e7\u00e3o de local, \u201cpara fins de acesso, circula\u00e7\u00e3o, gin\u00e1sio, banheiros, mobili\u00e1rio e sinaliza\u00e7\u00e3o \u00e0s normas t\u00e9cnicas de acessibilidade vigentes no pr\u00e9dio p\u00fablico da Escola Estadual Manoel Joaquim\u201d.O Estado ainda teve&nbsp;Recurso Especial<\/p>\n\n\n\n<p>Recurso ao Superior Tribunal de Justi\u00e7a, de car\u00e1ter excepcional, para reexame de causas decididas, em \u00fanica ou \u00faltima inst\u00e2ncia, pelo Tribunal Regional Federal ou pelos Tribunais dos Estados, do Distrito Federal e Territ\u00f3rios, quando a decis\u00e3o recorrida:i. contrariar tratado ou lei federal, ou negar-lhes vig\u00eancia;ii. julgar v\u00e1lido ato de governo local contestado em face de lei federal;iii. der \u00e0 lei federal interpreta\u00e7\u00e3o divergente da que lhe haja atribu\u00eddo outro tribunal.Fundamenta\u00e7\u00e3o Legal:Artigo 105, III, a, b e c, da CF\/88;Artigos 1.029 a 1.041, do CPC\/2015 eArtigos 255 a 257, do RISTJ.&nbsp;e&nbsp;Recurso Extraordin\u00e1rioRecurso de car\u00e1ter excepcional para o Supremo Tribunal Federal contra decis\u00f5es de outros tribunais, em \u00fanica ou \u00faltima inst\u00e2ncia, quando houver ofensa a norma da Constitui\u00e7\u00e3o Federal. Na Corte, esse recurso \u00e9 representado pela sigla RE. Uma decis\u00e3o judicial poder\u00e1 ser objeto de recurso extraordin\u00e1rio quando: i. contrariar dispositivo da Constitui\u00e7\u00e3o; ii. declarar inconstitucionalidade de tratado ou lei federal; iii. julgar v\u00e1lida lei ou ato de governo local contestado em face da Constitui\u00e7\u00e3o. iv. julgar v\u00e1lida lei local contestada em face de lei federal. Fundamenta\u00e7\u00e3o Legal: Artigo 102, III, da CF\/1988; Artigos 987; 994, VII e 1.029 a 1.041, do CPC\/2015 e Artigos 321 a 329, do RISTF.&nbsp;inadmitido e negado seguimento, respectivamente, em outras oportunidades posteriores. Nos recursos ao Tribunal de Justi\u00e7a, ente p\u00fablico pretendeu de ser desobrigado a promover a adequa\u00e7\u00e3o determinada pela Justi\u00e7a. Por fim, a vice-Presid\u00eancia do TJRN negou seguimento ao&nbsp;Recurso Extraordin\u00e1rio&nbsp;pela sintonia com a tese no&nbsp;Tema<\/p>\n\n\n\n<p>\u00c9 uma categoria processual aut\u00f4noma, objeto da repercuss\u00e3o geral, que surge com o julgamento da preliminar de repercuss\u00e3o geral. Podem ser consultadas no site do STF todas as informa\u00e7\u00f5es relativas a temas j\u00e1 existentes, como descri\u00e7\u00e3o e processos paradigmas (para o julgamento da preliminar ou do m\u00e9rito) e relacionados (processos que auxiliam na delimita\u00e7\u00e3o do tema).&nbsp;698 do STF.\u201cComo se v\u00ea, ao t\u00e3o somente determinar a reforma e adapta\u00e7\u00f5es em pr\u00e9dio p\u00fablico, bem como o fornecimento de transporte escolar, o ac\u00f3rd\u00e3o objurgado legou \u00e0 fase de cumprimento de senten\u00e7a a apresenta\u00e7\u00e3o de um plano e\/ou meios adequados para alcan\u00e7ar o resultado determinado, coadunando-se ao disposto no&nbsp;Tema&nbsp;698 do STF, em sua integralidade\u201d, concluiu desembargador Glauber R\u00eago.<strong>(Processo n\u00ba 0000141-77.2008.8.20.0140)<\/strong><\/p>\n","protected":false},"excerpt":{"rendered":"<p>A Vice-Presid\u00eancia do Tribunal de Justi\u00e7a potiguar negou seguimento a um recurso extraordin\u00e1rio interposto pelo Estado do Rio Grande do Norte contra ac\u00f3rd\u00e3o proferido pelo TJRN que manteve senten\u00e7a no sentido de determinar ao ente p\u00fablico a realiza\u00e7\u00e3o de melhorias de acessibilidade na Escola Estadual Manoel Joaquim, localizada no Centro de Governador Dix-Sept Rosado.Na&nbsp;A\u00e7\u00e3o Instrumento<br \/><a class=\"more-link\" href=\"https:\/\/justicapotiguar.com.br\/index.php\/2024\/02\/21\/com-recurso-extraordinario-negado-estado-deve-reformar-escola-no-interior-do-rn\/\">Mais&#8230;<\/a><\/p>\n","protected":false},"author":5,"featured_media":0,"comment_status":"open","ping_status":"open","sticky":false,"template":"","format":"standard","meta":[],"categories":[1],"tags":[],"_links":{"self":[{"href":"https:\/\/justicapotiguar.com.br\/index.php\/wp-json\/wp\/v2\/posts\/35808"}],"collection":[{"href":"https:\/\/justicapotiguar.com.br\/index.php\/wp-json\/wp\/v2\/posts"}],"about":[{"href":"https:\/\/justicapotiguar.com.br\/index.php\/wp-json\/wp\/v2\/types\/post"}],"author":[{"embeddable":true,"href":"https:\/\/justicapotiguar.com.br\/index.php\/wp-json\/wp\/v2\/users\/5"}],"replies":[{"embeddable":true,"href":"https:\/\/justicapotiguar.com.br\/index.php\/wp-json\/wp\/v2\/comments?post=35808"}],"version-history":[{"count":1,"href":"https:\/\/justicapotiguar.com.br\/index.php\/wp-json\/wp\/v2\/posts\/35808\/revisions"}],"predecessor-version":[{"id":35809,"href":"https:\/\/justicapotiguar.com.br\/index.php\/wp-json\/wp\/v2\/posts\/35808\/revisions\/35809"}],"wp:attachment":[{"href":"https:\/\/justicapotiguar.com.br\/index.php\/wp-json\/wp\/v2\/media?parent=35808"}],"wp:term":[{"taxonomy":"category","embeddable":true,"href":"https:\/\/justicapotiguar.com.br\/index.php\/wp-json\/wp\/v2\/categories?post=35808"},{"taxonomy":"post_tag","embeddable":true,"href":"https:\/\/justicapotiguar.com.br\/index.php\/wp-json\/wp\/v2\/tags?post=35808"}],"curies":[{"name":"wp","href":"https:\/\/api.w.org\/{rel}","templated":true}]}}