{"id":35776,"date":"2024-02-19T07:44:00","date_gmt":"2024-02-19T10:44:00","guid":{"rendered":"https:\/\/justicapotiguar.com.br\/?p=35776"},"modified":"2024-02-18T21:45:27","modified_gmt":"2024-02-19T00:45:27","slug":"oab-aciona-stf-contra-delegado-da-pf-por-abuso-de-autoridade-e-violacao-de-sigilo","status":"publish","type":"post","link":"https:\/\/justicapotiguar.com.br\/index.php\/2024\/02\/19\/oab-aciona-stf-contra-delegado-da-pf-por-abuso-de-autoridade-e-violacao-de-sigilo\/","title":{"rendered":"OAB aciona STF contra delegado da PF por abuso de autoridade e viola\u00e7\u00e3o de sigilo"},"content":{"rendered":"\n<p>O Conselho Federal, a diretoria nacional e o Col\u00e9gio de Presidentes de Seccionais da OAB apresentaram ao STF (Supremo Tribunal Federal) e \u00e0 PGR (Procuradoria-Geral da Rep\u00fablica), neste domingo (18\/2), representa\u00e7\u00e3o contra o delegado da Pol\u00edcia Federal que analisou e exp\u00f4s de forma ilegal as comunica\u00e7\u00f5es entre um advogado e seu cliente.Carlos Moura\/SCO\/STF<img loading=\"lazy\" src=\"https:\/\/www.conjur.com.br\/wp-content\/uploads\/2023\/11\/beto-simonetti1-300x200.jpeg\" alt=\"\" width=\"300\" height=\"200\" srcset=\"https:\/\/www.conjur.com.br\/wp-content\/uploads\/2023\/11\/beto-simonetti1-300x200.jpeg 300w, https:\/\/www.conjur.com.br\/wp-content\/uploads\/2023\/11\/beto-simonetti1-768x512.jpeg 768w, https:\/\/www.conjur.com.br\/wp-content\/uploads\/2023\/11\/beto-simonetti1-150x100.jpeg 150w, https:\/\/www.conjur.com.br\/wp-content\/uploads\/2023\/11\/beto-simonetti1.jpeg 799w\"><\/p>\n\n\n\n<p id=\"caption-attachment-694794\">Peti\u00e7\u00e3o foi assinada pelo presidente do Conselho Federal da OAB, Beto Simonetti<\/p>\n\n\n\n<p>Segundo as peti\u00e7\u00f5es, o delegado federal Hiroshi de Ara\u00fajo Sakaki incluiu no processo \u201ctranscri\u00e7\u00f5es de di\u00e1logos, prints de imagens e de documentos concernentes \u00e0s comunica\u00e7\u00f5es entre o cliente e o seu advogado\u201d<\/p><div class=\"rlcyu69f2673f351fc\" ><!--<a href=\"https:\/\/bit.ly\/3QdrqTZ\" target=\"_blank\">\n<img src=\"https:\/\/justicapotiguar.com.br\/wp-content\/uploads\/2023\/09\/mobile-geral.gif\"\/><a\/>--><\/div><style type=\"text\/css\">\r\n.rlcyu69f2673f351fc {\r\ntext-align: center;\r\n}\r\n@media screen and (min-width: 1201px) {\r\n.rlcyu69f2673f351fc {\r\ndisplay: none;\r\n}\r\n}\r\n@media screen and (min-width: 993px) and (max-width: 1200px) {\r\n.rlcyu69f2673f351fc {\r\ndisplay: none;\r\n}\r\n}\r\n@media screen and (min-width: 769px) and (max-width: 992px) {\r\n.rlcyu69f2673f351fc {\r\ndisplay: none;\r\n}\r\n}\r\n@media screen and (min-width: 768px) and (max-width: 768px) {\r\n.rlcyu69f2673f351fc {\r\ndisplay: block;\r\n}\r\n}\r\n@media screen and (max-width: 767px) {\r\n.rlcyu69f2673f351fc {\r\ndisplay: block;\r\n}\r\n}\r\n<\/style>\r\n<div class=\"wfrrc69f2673f351de\" ><!--<a href=\"https:\/\/bit.ly\/3QdrqTZ\" target=\"_blank\">\n<img src=\"https:\/\/justicapotiguar.com.br\/wp-content\/uploads\/2023\/09\/desktop-geral.gif\"\/><a\/>--><\/div><style type=\"text\/css\">\r\n.wfrrc69f2673f351de {\r\ntext-align: center;\nmargin-bottom: 1em;\r\n}\r\n@media screen and (min-width: 1201px) {\r\n.wfrrc69f2673f351de {\r\ndisplay: block;\r\n}\r\n}\r\n@media screen and (min-width: 993px) and (max-width: 1200px) {\r\n.wfrrc69f2673f351de {\r\ndisplay: block;\r\n}\r\n}\r\n@media screen and (min-width: 769px) and (max-width: 992px) {\r\n.wfrrc69f2673f351de {\r\ndisplay: block;\r\n}\r\n}\r\n@media screen and (min-width: 768px) and (max-width: 768px) {\r\n.wfrrc69f2673f351de {\r\ndisplay: none;\r\n}\r\n}\r\n@media screen and (max-width: 767px) {\r\n.wfrrc69f2673f351de {\r\ndisplay: none;\r\n}\r\n}\r\n<\/style>\r\n\n\n\n\n<p>O caso ocorreu no \u00e2mbito do inqu\u00e9rito que investiga um epis\u00f3dio envolvendo um empres\u00e1rio e o filho do ministro Alexandre de Moraes em Roma, na It\u00e1lia, em julho de 2023<\/p>\n\n\n\n<p>Conjur<\/p>\n","protected":false},"excerpt":{"rendered":"<p>O Conselho Federal, a diretoria nacional e o Col\u00e9gio de Presidentes de Seccionais da OAB apresentaram ao STF (Supremo Tribunal Federal) e \u00e0 PGR (Procuradoria-Geral da Rep\u00fablica), neste domingo (18\/2), representa\u00e7\u00e3o contra o delegado da Pol\u00edcia Federal que analisou e exp\u00f4s de forma ilegal as comunica\u00e7\u00f5es entre um advogado e seu cliente.Carlos Moura\/SCO\/STF Peti\u00e7\u00e3o foi<br \/><a class=\"more-link\" href=\"https:\/\/justicapotiguar.com.br\/index.php\/2024\/02\/19\/oab-aciona-stf-contra-delegado-da-pf-por-abuso-de-autoridade-e-violacao-de-sigilo\/\">Mais&#8230;<\/a><\/p>\n","protected":false},"author":5,"featured_media":0,"comment_status":"open","ping_status":"open","sticky":false,"template":"","format":"standard","meta":[],"categories":[1],"tags":[],"_links":{"self":[{"href":"https:\/\/justicapotiguar.com.br\/index.php\/wp-json\/wp\/v2\/posts\/35776"}],"collection":[{"href":"https:\/\/justicapotiguar.com.br\/index.php\/wp-json\/wp\/v2\/posts"}],"about":[{"href":"https:\/\/justicapotiguar.com.br\/index.php\/wp-json\/wp\/v2\/types\/post"}],"author":[{"embeddable":true,"href":"https:\/\/justicapotiguar.com.br\/index.php\/wp-json\/wp\/v2\/users\/5"}],"replies":[{"embeddable":true,"href":"https:\/\/justicapotiguar.com.br\/index.php\/wp-json\/wp\/v2\/comments?post=35776"}],"version-history":[{"count":1,"href":"https:\/\/justicapotiguar.com.br\/index.php\/wp-json\/wp\/v2\/posts\/35776\/revisions"}],"predecessor-version":[{"id":35777,"href":"https:\/\/justicapotiguar.com.br\/index.php\/wp-json\/wp\/v2\/posts\/35776\/revisions\/35777"}],"wp:attachment":[{"href":"https:\/\/justicapotiguar.com.br\/index.php\/wp-json\/wp\/v2\/media?parent=35776"}],"wp:term":[{"taxonomy":"category","embeddable":true,"href":"https:\/\/justicapotiguar.com.br\/index.php\/wp-json\/wp\/v2\/categories?post=35776"},{"taxonomy":"post_tag","embeddable":true,"href":"https:\/\/justicapotiguar.com.br\/index.php\/wp-json\/wp\/v2\/tags?post=35776"}],"curies":[{"name":"wp","href":"https:\/\/api.w.org\/{rel}","templated":true}]}}