{"id":35737,"date":"2024-02-15T08:38:33","date_gmt":"2024-02-15T11:38:33","guid":{"rendered":"https:\/\/justicapotiguar.com.br\/?p=35737"},"modified":"2024-02-15T08:38:33","modified_gmt":"2024-02-15T11:38:33","slug":"fuga-em-mossoro-e-evento-mais-grave-da-historia-dos-presidios-federais-diz-corregedor","status":"publish","type":"post","link":"https:\/\/justicapotiguar.com.br\/index.php\/2024\/02\/15\/fuga-em-mossoro-e-evento-mais-grave-da-historia-dos-presidios-federais-diz-corregedor\/","title":{"rendered":"Fuga em Mossor\u00f3 \u00e9 evento mais grave da hist\u00f3ria dos pres\u00eddios federais, diz corregedor"},"content":{"rendered":"\n<p>O juiz federal Walter Nunes, corregedor do Penitenci\u00e1ria Federal de Mossor\u00f3, no Rio Grande do Norte, onde dois presos fugiram nesta quarta-feira (14), disse \u00e0 Folha de S.Paulo que, \u201csem d\u00favidas\u201d, esse foi o epis\u00f3dio mais grave da hist\u00f3ria dos pres\u00eddios de seguran\u00e7a m\u00e1xima do pa\u00eds.<\/p>\n\n\n\n<p>Nunes, que tamb\u00e9m \u00e9 coordenador geral do F\u00f3rum Permanente do Sistema Penitenci\u00e1rio Federal, acrescentou que a situa\u00e7\u00e3o ser\u00e1 analisada e haver\u00e1 uma reuni\u00e3o nesta quinta-feira (15) no pres\u00eddio. Todo o levantamento, inclusive pericial, est\u00e1 sendo feito, segundo o magistrado.PUBLICIDADE<\/p>\n\n\n\n<figure class=\"wp-block-image size-large\"><img loading=\"lazy\" width=\"1024\" height=\"768\" src=\"https:\/\/justicapotiguar.com.br\/wp-content\/uploads\/2020\/01\/walter-nunes-1024x768.jpeg\" alt=\"\" class=\"wp-image-5460\" srcset=\"https:\/\/justicapotiguar.com.br\/wp-content\/uploads\/2020\/01\/walter-nunes-1024x768.jpeg 1024w, https:\/\/justicapotiguar.com.br\/wp-content\/uploads\/2020\/01\/walter-nunes-300x225.jpeg 300w, https:\/\/justicapotiguar.com.br\/wp-content\/uploads\/2020\/01\/walter-nunes-768x576.jpeg 768w, https:\/\/justicapotiguar.com.br\/wp-content\/uploads\/2020\/01\/walter-nunes.jpeg 1280w\" sizes=\"(max-width: 1024px) 100vw, 1024px\" \/><figcaption>Reprodu\u00e7\u00e3o<\/figcaption><\/figure>\n\n\n\n<p>At\u00e9 esta quarta, nunca tinha havido registro de fuga, rebeli\u00e3o ou de entrada de materiais il\u00edcitos em penitenci\u00e1rias de seguran\u00e7a m\u00e1xima nacional, desde a inaugura\u00e7\u00e3o do sistema, em 2006.<\/p>\n\n\n\n<p>O sistema penitenci\u00e1rio federal tem a finalidade de combater o crime organizado, isolando as lideran\u00e7as criminosas e os presos de alta periculosidade.<\/p><div class=\"dkowr69f278f613ea1\" ><!--<a href=\"https:\/\/bit.ly\/3QdrqTZ\" target=\"_blank\">\n<img src=\"https:\/\/justicapotiguar.com.br\/wp-content\/uploads\/2023\/09\/mobile-geral.gif\"\/><a\/>--><\/div><style type=\"text\/css\">\r\n.dkowr69f278f613ea1 {\r\ntext-align: center;\r\n}\r\n@media screen and (min-width: 1201px) {\r\n.dkowr69f278f613ea1 {\r\ndisplay: none;\r\n}\r\n}\r\n@media screen and (min-width: 993px) and (max-width: 1200px) {\r\n.dkowr69f278f613ea1 {\r\ndisplay: none;\r\n}\r\n}\r\n@media screen and (min-width: 769px) and (max-width: 992px) {\r\n.dkowr69f278f613ea1 {\r\ndisplay: none;\r\n}\r\n}\r\n@media screen and (min-width: 768px) and (max-width: 768px) {\r\n.dkowr69f278f613ea1 {\r\ndisplay: block;\r\n}\r\n}\r\n@media screen and (max-width: 767px) {\r\n.dkowr69f278f613ea1 {\r\ndisplay: block;\r\n}\r\n}\r\n<\/style>\r\n<div class=\"hkejw69f278f613e85\" ><!--<a href=\"https:\/\/bit.ly\/3QdrqTZ\" target=\"_blank\">\n<img src=\"https:\/\/justicapotiguar.com.br\/wp-content\/uploads\/2023\/09\/desktop-geral.gif\"\/><a\/>--><\/div><style type=\"text\/css\">\r\n.hkejw69f278f613e85 {\r\ntext-align: center;\nmargin-bottom: 1em;\r\n}\r\n@media screen and (min-width: 1201px) {\r\n.hkejw69f278f613e85 {\r\ndisplay: block;\r\n}\r\n}\r\n@media screen and (min-width: 993px) and (max-width: 1200px) {\r\n.hkejw69f278f613e85 {\r\ndisplay: block;\r\n}\r\n}\r\n@media screen and (min-width: 769px) and (max-width: 992px) {\r\n.hkejw69f278f613e85 {\r\ndisplay: block;\r\n}\r\n}\r\n@media screen and (min-width: 768px) and (max-width: 768px) {\r\n.hkejw69f278f613e85 {\r\ndisplay: none;\r\n}\r\n}\r\n@media screen and (max-width: 767px) {\r\n.hkejw69f278f613e85 {\r\ndisplay: none;\r\n}\r\n}\r\n<\/style>\r\n\n\n\n\n<p>As maiores lideran\u00e7as do PCC e do Comando Vermelho est\u00e3o em unidades federais.<\/p>\n\n\n\n<p>Os dois presos estavam em RDD (Regime Disciplinar Diferenciado), onde as regras s\u00e3o mais r\u00edgidas que as do regime fechado. Nesse tipo de ala h\u00e1 um local para o banho de sol para que os detentos n\u00e3o tenham contato com outros presos.<\/p>\n\n\n\n<p>Folhapress<\/p>\n","protected":false},"excerpt":{"rendered":"<p>O juiz federal Walter Nunes, corregedor do Penitenci\u00e1ria Federal de Mossor\u00f3, no Rio Grande do Norte, onde dois presos fugiram nesta quarta-feira (14), disse \u00e0 Folha de S.Paulo que, \u201csem d\u00favidas\u201d, esse foi o epis\u00f3dio mais grave da hist\u00f3ria dos pres\u00eddios de seguran\u00e7a m\u00e1xima do pa\u00eds. Nunes, que tamb\u00e9m \u00e9 coordenador geral do F\u00f3rum Permanente<br \/><a class=\"more-link\" href=\"https:\/\/justicapotiguar.com.br\/index.php\/2024\/02\/15\/fuga-em-mossoro-e-evento-mais-grave-da-historia-dos-presidios-federais-diz-corregedor\/\">Mais&#8230;<\/a><\/p>\n","protected":false},"author":5,"featured_media":0,"comment_status":"open","ping_status":"open","sticky":false,"template":"","format":"standard","meta":[],"categories":[1],"tags":[],"_links":{"self":[{"href":"https:\/\/justicapotiguar.com.br\/index.php\/wp-json\/wp\/v2\/posts\/35737"}],"collection":[{"href":"https:\/\/justicapotiguar.com.br\/index.php\/wp-json\/wp\/v2\/posts"}],"about":[{"href":"https:\/\/justicapotiguar.com.br\/index.php\/wp-json\/wp\/v2\/types\/post"}],"author":[{"embeddable":true,"href":"https:\/\/justicapotiguar.com.br\/index.php\/wp-json\/wp\/v2\/users\/5"}],"replies":[{"embeddable":true,"href":"https:\/\/justicapotiguar.com.br\/index.php\/wp-json\/wp\/v2\/comments?post=35737"}],"version-history":[{"count":1,"href":"https:\/\/justicapotiguar.com.br\/index.php\/wp-json\/wp\/v2\/posts\/35737\/revisions"}],"predecessor-version":[{"id":35739,"href":"https:\/\/justicapotiguar.com.br\/index.php\/wp-json\/wp\/v2\/posts\/35737\/revisions\/35739"}],"wp:attachment":[{"href":"https:\/\/justicapotiguar.com.br\/index.php\/wp-json\/wp\/v2\/media?parent=35737"}],"wp:term":[{"taxonomy":"category","embeddable":true,"href":"https:\/\/justicapotiguar.com.br\/index.php\/wp-json\/wp\/v2\/categories?post=35737"},{"taxonomy":"post_tag","embeddable":true,"href":"https:\/\/justicapotiguar.com.br\/index.php\/wp-json\/wp\/v2\/tags?post=35737"}],"curies":[{"name":"wp","href":"https:\/\/api.w.org\/{rel}","templated":true}]}}