{"id":35560,"date":"2024-02-01T08:24:00","date_gmt":"2024-02-01T11:24:00","guid":{"rendered":"https:\/\/justicapotiguar.com.br\/?p=35560"},"modified":"2024-02-01T00:30:55","modified_gmt":"2024-02-01T03:30:55","slug":"video-lula-fala-em-humanizar-combate-ao-pequeno-crime-no-brasil","status":"publish","type":"post","link":"https:\/\/justicapotiguar.com.br\/index.php\/2024\/02\/01\/video-lula-fala-em-humanizar-combate-ao-pequeno-crime-no-brasil\/","title":{"rendered":"V\u00cdDEO: Lula fala em \u2018humanizar\u2019 combate ao \u2018pequeno crime\u2019 no Brasil"},"content":{"rendered":"\n<figure class=\"wp-block-embed is-type-video is-provider-youtube wp-block-embed-youtube wp-embed-aspect-16-9 wp-has-aspect-ratio\"><div class=\"wp-block-embed__wrapper\">\n<iframe loading=\"lazy\" title=\"Lula fala em &quot;humanizar combate ao pequeno crime&quot;\" width=\"640\" height=\"360\" src=\"https:\/\/www.youtube.com\/embed\/lJdU9X_Di8c?feature=oembed\" frameborder=\"0\" allow=\"accelerometer; autoplay; clipboard-write; encrypted-media; gyroscope; picture-in-picture; web-share\" allowfullscreen><\/iframe>\n<\/div><\/figure>\n\n\n\n<p>O presidente&nbsp;<a href=\"https:\/\/www.conexaopolitica.com.br\/tag\/lula\/\">Luiz In\u00e1cio Lula da Silva<\/a>&nbsp;(<a href=\"https:\/\/www.conexaopolitica.com.br\/tag\/pt\/\">PT<\/a>) afirmou nesta quarta-feira (31) que o governo quer \u2018humanizar o combate ao pequeno crime\u2019 e \u2018jogar muito pesado\u2019 contra o que chamou de \u2018ind\u00fastria internacional do crime organizado\u2019.<\/p>\n\n\n\n<p>\u201cA gente quer ver se a gente consegue humanizar o combate ao pequeno crime, as pessoas mais humildes, e jogar muito pesado, jogar muito pesado, eu n\u00e3o sei como [\u2026] como \u00e9 que a gente vai jogar pesado para enfrentar a chamada ind\u00fastria internacional do crime organizado. Essa tem avi\u00e3o, navio, iate, ind\u00fastria, ela tem tudo, poderes em muitas decis\u00f5es de governo, partido, pa\u00edses, e essa que n\u00f3s temos que enfrentar\u201d, declarou o petista.<\/p><div class=\"tgilq69f39c91ce94f\" ><!--<a href=\"https:\/\/bit.ly\/3QdrqTZ\" target=\"_blank\">\n<img src=\"https:\/\/justicapotiguar.com.br\/wp-content\/uploads\/2023\/09\/mobile-geral.gif\"\/><a\/>--><\/div><style type=\"text\/css\">\r\n.tgilq69f39c91ce94f {\r\ntext-align: center;\r\n}\r\n@media screen and (min-width: 1201px) {\r\n.tgilq69f39c91ce94f {\r\ndisplay: none;\r\n}\r\n}\r\n@media screen and (min-width: 993px) and (max-width: 1200px) {\r\n.tgilq69f39c91ce94f {\r\ndisplay: none;\r\n}\r\n}\r\n@media screen and (min-width: 769px) and (max-width: 992px) {\r\n.tgilq69f39c91ce94f {\r\ndisplay: none;\r\n}\r\n}\r\n@media screen and (min-width: 768px) and (max-width: 768px) {\r\n.tgilq69f39c91ce94f {\r\ndisplay: block;\r\n}\r\n}\r\n@media screen and (max-width: 767px) {\r\n.tgilq69f39c91ce94f {\r\ndisplay: block;\r\n}\r\n}\r\n<\/style>\r\n<div class=\"xigzy69f39c91ce932\" ><!--<a href=\"https:\/\/bit.ly\/3QdrqTZ\" target=\"_blank\">\n<img src=\"https:\/\/justicapotiguar.com.br\/wp-content\/uploads\/2023\/09\/desktop-geral.gif\"\/><a\/>--><\/div><style type=\"text\/css\">\r\n.xigzy69f39c91ce932 {\r\ntext-align: center;\nmargin-bottom: 1em;\r\n}\r\n@media screen and (min-width: 1201px) {\r\n.xigzy69f39c91ce932 {\r\ndisplay: block;\r\n}\r\n}\r\n@media screen and (min-width: 993px) and (max-width: 1200px) {\r\n.xigzy69f39c91ce932 {\r\ndisplay: block;\r\n}\r\n}\r\n@media screen and (min-width: 769px) and (max-width: 992px) {\r\n.xigzy69f39c91ce932 {\r\ndisplay: block;\r\n}\r\n}\r\n@media screen and (min-width: 768px) and (max-width: 768px) {\r\n.xigzy69f39c91ce932 {\r\ndisplay: none;\r\n}\r\n}\r\n@media screen and (max-width: 767px) {\r\n.xigzy69f39c91ce932 {\r\ndisplay: none;\r\n}\r\n}\r\n<\/style>\r\n\n\n\n\n<p>A fala controv\u00e9rsia do mandat\u00e1rio ocorreu no Pal\u00e1cio do Planalto durante um evento de balan\u00e7o das a\u00e7\u00f5es do Minist\u00e9rio da Justi\u00e7a e Seguran\u00e7a P\u00fablica, no primeiro ano do governo.<\/p>\n","protected":false},"excerpt":{"rendered":"<p>O presidente&nbsp;Luiz In\u00e1cio Lula da Silva&nbsp;(PT) afirmou nesta quarta-feira (31) que o governo quer \u2018humanizar o combate ao pequeno crime\u2019 e \u2018jogar muito pesado\u2019 contra o que chamou de \u2018ind\u00fastria internacional do crime organizado\u2019. \u201cA gente quer ver se a gente consegue humanizar o combate ao pequeno crime, as pessoas mais humildes, e jogar muito<br \/><a class=\"more-link\" href=\"https:\/\/justicapotiguar.com.br\/index.php\/2024\/02\/01\/video-lula-fala-em-humanizar-combate-ao-pequeno-crime-no-brasil\/\">Mais&#8230;<\/a><\/p>\n","protected":false},"author":5,"featured_media":0,"comment_status":"open","ping_status":"open","sticky":false,"template":"","format":"standard","meta":[],"categories":[1],"tags":[],"_links":{"self":[{"href":"https:\/\/justicapotiguar.com.br\/index.php\/wp-json\/wp\/v2\/posts\/35560"}],"collection":[{"href":"https:\/\/justicapotiguar.com.br\/index.php\/wp-json\/wp\/v2\/posts"}],"about":[{"href":"https:\/\/justicapotiguar.com.br\/index.php\/wp-json\/wp\/v2\/types\/post"}],"author":[{"embeddable":true,"href":"https:\/\/justicapotiguar.com.br\/index.php\/wp-json\/wp\/v2\/users\/5"}],"replies":[{"embeddable":true,"href":"https:\/\/justicapotiguar.com.br\/index.php\/wp-json\/wp\/v2\/comments?post=35560"}],"version-history":[{"count":1,"href":"https:\/\/justicapotiguar.com.br\/index.php\/wp-json\/wp\/v2\/posts\/35560\/revisions"}],"predecessor-version":[{"id":35561,"href":"https:\/\/justicapotiguar.com.br\/index.php\/wp-json\/wp\/v2\/posts\/35560\/revisions\/35561"}],"wp:attachment":[{"href":"https:\/\/justicapotiguar.com.br\/index.php\/wp-json\/wp\/v2\/media?parent=35560"}],"wp:term":[{"taxonomy":"category","embeddable":true,"href":"https:\/\/justicapotiguar.com.br\/index.php\/wp-json\/wp\/v2\/categories?post=35560"},{"taxonomy":"post_tag","embeddable":true,"href":"https:\/\/justicapotiguar.com.br\/index.php\/wp-json\/wp\/v2\/tags?post=35560"}],"curies":[{"name":"wp","href":"https:\/\/api.w.org\/{rel}","templated":true}]}}