{"id":35551,"date":"2024-01-31T16:03:27","date_gmt":"2024-01-31T19:03:27","guid":{"rendered":"https:\/\/justicapotiguar.com.br\/?p=35551"},"modified":"2024-01-31T16:03:27","modified_gmt":"2024-01-31T19:03:27","slug":"com-anuencia-do-mprn-jogo-entre-america-e-abc-pela-copa-do-nordeste-tera-torcida-mista","status":"publish","type":"post","link":"https:\/\/justicapotiguar.com.br\/index.php\/2024\/01\/31\/com-anuencia-do-mprn-jogo-entre-america-e-abc-pela-copa-do-nordeste-tera-torcida-mista\/","title":{"rendered":"Com anu\u00eancia do MPRN, jogo entre Am\u00e9rica e ABC pela Copa do Nordeste ter\u00e1 torcida mista"},"content":{"rendered":"\n<figure class=\"wp-block-image size-large\"><img loading=\"lazy\" width=\"730\" height=\"400\" src=\"https:\/\/justicapotiguar.com.br\/wp-content\/uploads\/2020\/02\/america.jpg\" alt=\"\" class=\"wp-image-6379\" srcset=\"https:\/\/justicapotiguar.com.br\/wp-content\/uploads\/2020\/02\/america.jpg 730w, https:\/\/justicapotiguar.com.br\/wp-content\/uploads\/2020\/02\/america-300x164.jpg 300w\" sizes=\"(max-width: 730px) 100vw, 730px\" \/><figcaption>Reprodu\u00e7\u00e3o<\/figcaption><\/figure>\n\n\n\n<p>Com anu\u00eancia do Minist\u00e9rio P\u00fablico do Rio Grande do Norte (MPRN), a partida entre Am\u00e9rica e ABC v\u00e1lida pela Copa do Nordeste 2024 ter\u00e1 a presen\u00e7a das torcidas dos dois clubes. O jogo est\u00e1 previsto para ser disputado na 6\u00aa rodada da competi\u00e7\u00e3o, sendo realizada ou no dia 20 ou no dia 21 de mar\u00e7o, na Arena das Dunas.<\/p>\n\n\n\n<p>O mando de campo ser\u00e1 do Am\u00e9rica. Como \u00e9 visitante nesta disputa, o ABC, segundo o previsto no artigo 98 do Regulamento Geral das Competi\u00e7\u00f5es da CBF, ter\u00e1 o \u201co direito de reservar \u00e0 sua torcida a quantidade m\u00e1xima de ingressos correspondente a 10% da capacidade do est\u00e1dio ou da capacidade permitida pelos \u00f3rg\u00e3os de seguran\u00e7a, desde que se manifeste em at\u00e9 3 dias \u00fateis antes da realiza\u00e7\u00e3o da partida, por meio de of\u00edcio dirigido ao clube mandante, obrigatoriamente com c\u00f3pia \u00e0s Federa\u00e7\u00f5es envolvidas\u201d.<\/p><div class=\"fydjb69f3d8768f9c6\" ><!--<a href=\"https:\/\/bit.ly\/3QdrqTZ\" target=\"_blank\">\n<img src=\"https:\/\/justicapotiguar.com.br\/wp-content\/uploads\/2023\/09\/mobile-geral.gif\"\/><a\/>--><\/div><style type=\"text\/css\">\r\n.fydjb69f3d8768f9c6 {\r\ntext-align: center;\r\n}\r\n@media screen and (min-width: 1201px) {\r\n.fydjb69f3d8768f9c6 {\r\ndisplay: none;\r\n}\r\n}\r\n@media screen and (min-width: 993px) and (max-width: 1200px) {\r\n.fydjb69f3d8768f9c6 {\r\ndisplay: none;\r\n}\r\n}\r\n@media screen and (min-width: 769px) and (max-width: 992px) {\r\n.fydjb69f3d8768f9c6 {\r\ndisplay: none;\r\n}\r\n}\r\n@media screen and (min-width: 768px) and (max-width: 768px) {\r\n.fydjb69f3d8768f9c6 {\r\ndisplay: block;\r\n}\r\n}\r\n@media screen and (max-width: 767px) {\r\n.fydjb69f3d8768f9c6 {\r\ndisplay: block;\r\n}\r\n}\r\n<\/style>\r\n<div class=\"ygzvn69f3d8768f9b2\" ><!--<a href=\"https:\/\/bit.ly\/3QdrqTZ\" target=\"_blank\">\n<img src=\"https:\/\/justicapotiguar.com.br\/wp-content\/uploads\/2023\/09\/desktop-geral.gif\"\/><a\/>--><\/div><style type=\"text\/css\">\r\n.ygzvn69f3d8768f9b2 {\r\ntext-align: center;\nmargin-bottom: 1em;\r\n}\r\n@media screen and (min-width: 1201px) {\r\n.ygzvn69f3d8768f9b2 {\r\ndisplay: block;\r\n}\r\n}\r\n@media screen and (min-width: 993px) and (max-width: 1200px) {\r\n.ygzvn69f3d8768f9b2 {\r\ndisplay: block;\r\n}\r\n}\r\n@media screen and (min-width: 769px) and (max-width: 992px) {\r\n.ygzvn69f3d8768f9b2 {\r\ndisplay: block;\r\n}\r\n}\r\n@media screen and (min-width: 768px) and (max-width: 768px) {\r\n.ygzvn69f3d8768f9b2 {\r\ndisplay: none;\r\n}\r\n}\r\n@media screen and (max-width: 767px) {\r\n.ygzvn69f3d8768f9b2 {\r\ndisplay: none;\r\n}\r\n}\r\n<\/style>\r\n\n\n\n\n<p>O MPRN refor\u00e7a que a autoriza\u00e7\u00e3o, por enquanto, s\u00f3 \u00e9 v\u00e1lida para o cl\u00e1ssico-rei da Copa do Nordeste. As partidas entre os dois clubes v\u00e1lidas pelo campeonato estadual, por enquanto, ainda n\u00e3o t\u00eam previs\u00e3o de presen\u00e7a de torcida. Desde o ano passado, ap\u00f3s confus\u00f5es envolvendo torcedores dentro e fora dos est\u00e1dios, o MPRN vem recomendando torcida \u00fanica nos cl\u00e1ssicos entre os dois times. O MPRN frisa que ainda ir\u00e1 discutir com as for\u00e7as de seguran\u00e7a do Estado a possibilidade de libera\u00e7\u00e3o de torcida mista para o campeonato potiguar.<\/p>\n\n\n\n<ul><li><a href=\"https:\/\/www.mprn.mp.br\/2024\/01\/31\/\"><\/a><\/li><\/ul>\n","protected":false},"excerpt":{"rendered":"<p>Com anu\u00eancia do Minist\u00e9rio P\u00fablico do Rio Grande do Norte (MPRN), a partida entre Am\u00e9rica e ABC v\u00e1lida pela Copa do Nordeste 2024 ter\u00e1 a presen\u00e7a das torcidas dos dois clubes. O jogo est\u00e1 previsto para ser disputado na 6\u00aa rodada da competi\u00e7\u00e3o, sendo realizada ou no dia 20 ou no dia 21 de mar\u00e7o,<br \/><a class=\"more-link\" href=\"https:\/\/justicapotiguar.com.br\/index.php\/2024\/01\/31\/com-anuencia-do-mprn-jogo-entre-america-e-abc-pela-copa-do-nordeste-tera-torcida-mista\/\">Mais&#8230;<\/a><\/p>\n","protected":false},"author":5,"featured_media":0,"comment_status":"open","ping_status":"open","sticky":false,"template":"","format":"standard","meta":[],"categories":[1],"tags":[],"_links":{"self":[{"href":"https:\/\/justicapotiguar.com.br\/index.php\/wp-json\/wp\/v2\/posts\/35551"}],"collection":[{"href":"https:\/\/justicapotiguar.com.br\/index.php\/wp-json\/wp\/v2\/posts"}],"about":[{"href":"https:\/\/justicapotiguar.com.br\/index.php\/wp-json\/wp\/v2\/types\/post"}],"author":[{"embeddable":true,"href":"https:\/\/justicapotiguar.com.br\/index.php\/wp-json\/wp\/v2\/users\/5"}],"replies":[{"embeddable":true,"href":"https:\/\/justicapotiguar.com.br\/index.php\/wp-json\/wp\/v2\/comments?post=35551"}],"version-history":[{"count":1,"href":"https:\/\/justicapotiguar.com.br\/index.php\/wp-json\/wp\/v2\/posts\/35551\/revisions"}],"predecessor-version":[{"id":35552,"href":"https:\/\/justicapotiguar.com.br\/index.php\/wp-json\/wp\/v2\/posts\/35551\/revisions\/35552"}],"wp:attachment":[{"href":"https:\/\/justicapotiguar.com.br\/index.php\/wp-json\/wp\/v2\/media?parent=35551"}],"wp:term":[{"taxonomy":"category","embeddable":true,"href":"https:\/\/justicapotiguar.com.br\/index.php\/wp-json\/wp\/v2\/categories?post=35551"},{"taxonomy":"post_tag","embeddable":true,"href":"https:\/\/justicapotiguar.com.br\/index.php\/wp-json\/wp\/v2\/tags?post=35551"}],"curies":[{"name":"wp","href":"https:\/\/api.w.org\/{rel}","templated":true}]}}