{"id":35387,"date":"2024-01-19T09:25:18","date_gmt":"2024-01-19T12:25:18","guid":{"rendered":"https:\/\/justicapotiguar.com.br\/?p=35387"},"modified":"2024-01-19T09:25:18","modified_gmt":"2024-01-19T12:25:18","slug":"estado-do-rn-deve-garantir-internacao-em-uti-infantil-de-paciente-com-pneumonia-grave","status":"publish","type":"post","link":"https:\/\/justicapotiguar.com.br\/index.php\/2024\/01\/19\/estado-do-rn-deve-garantir-internacao-em-uti-infantil-de-paciente-com-pneumonia-grave\/","title":{"rendered":"Estado do RN deve garantir interna\u00e7\u00e3o em UTI infantil de paciente com pneumonia grave"},"content":{"rendered":"\n<figure class=\"wp-block-image size-large\"><img loading=\"lazy\" width=\"1024\" height=\"674\" src=\"https:\/\/justicapotiguar.com.br\/wp-content\/uploads\/2023\/07\/UTI-1024x674.jpg\" alt=\"\" class=\"wp-image-32898\" srcset=\"https:\/\/justicapotiguar.com.br\/wp-content\/uploads\/2023\/07\/UTI-1024x674.jpg 1024w, https:\/\/justicapotiguar.com.br\/wp-content\/uploads\/2023\/07\/UTI-300x197.jpg 300w, https:\/\/justicapotiguar.com.br\/wp-content\/uploads\/2023\/07\/UTI-768x505.jpg 768w, https:\/\/justicapotiguar.com.br\/wp-content\/uploads\/2023\/07\/UTI-1536x1011.jpg 1536w, https:\/\/justicapotiguar.com.br\/wp-content\/uploads\/2023\/07\/UTI-2048x1348.jpg 2048w\" sizes=\"(max-width: 1024px) 100vw, 1024px\" \/><figcaption>Ilustrativa<\/figcaption><\/figure>\n\n\n\n<p>A 1\u00aa Vara da Comarca de Apodi determinou que o Estado do Rio Grande do Norte realize a transfer\u00eancia e instala\u00e7\u00e3o de uma paciente em unidade de sa\u00fade com perfil infantil para cirurgia tor\u00e1cica, custeando os exames indicados e o procedimento adequado, bem como di\u00e1rias de interna\u00e7\u00e3o hospitalar adequada aos procedimentos necess\u00e1rios para o tratamento de sa\u00fade da crian\u00e7a. A senten\u00e7a garante a interna\u00e7\u00e3o em leito de UTI para tratamento de grave estado de sa\u00fade dela.<\/p>\n\n\n\n<p>Ao ajuizar a a\u00e7\u00e3o, a m\u00e3e da crian\u00e7a afirmou que esta desenvolveu quadro gripal agravado para pneumonia e derrame pleural. Destacou que no dia 30 de julho ela foi internada no hospital de Apodi, onde foi iniciado o uso de medicamentos em raz\u00e3o das dores na regi\u00e3o dorsal e que, na sequ\u00eancia, se submeteu a cirurgia, por meio da qual foi inserido o dreno de t\u00f3rax \u00e0 direita, por\u00e9m, a febre se manteve, com aumento de leuc\u00f3citos.<\/p>\n\n\n\n<p>Narrou que o quadro da paciente se agravou com o quadro de pneumonia necrotizante, redu\u00e7\u00e3o de transpar\u00eancia do pulm\u00e3o direito, derrame pleural e outros complicadores prejudiciais \u00e0 sua sa\u00fade, devendo se submeter a nova cirurgia. Ela anexou ao processo parecer m\u00e9dico por meio do qual o profissional atestou a necessidade de transfer\u00eancia para realiza\u00e7\u00e3o do procedimento de decortica\u00e7\u00e3o em Natal, necessitando a crian\u00e7a que se submeter a outros m\u00e9todos e aparelhagens que consigam solucionar o problema.<\/p>\n\n\n\n<p>A m\u00e3e da crian\u00e7a argumentou tamb\u00e9m que o Hospital Regional Tarc\u00edsio Maia, em Mossor\u00f3, em 11 de agosto de 2023, j\u00e1 indicava a necessidade de transfer\u00eancia para hospital em Natal. Destacou ainda que os exames, laudos e prontu\u00e1rios m\u00e9dicos demonstram a necessidade do tratamento em unidade especializada, com interna\u00e7\u00e3o imediata em unidade de sa\u00fade com perfil de leito infantil para pneumonia.<\/p>\n\n\n\n<p>Frisou a in\u00e9rcia do Estado em providenciar a vaga em unidade de sa\u00fade, com melhores condi\u00e7\u00f5es de tratamento na rede p\u00fablica ou privada de sa\u00fade, sendo que a fam\u00edlia n\u00e3o re\u00fane condi\u00e7\u00f5es financeiras para custear o necess\u00e1rio tratamento m\u00e9dico de forma particular, tendo em vista o alto custo.<\/p><div class=\"qkdwz69f50d5e2433a\" ><!--<a href=\"https:\/\/bit.ly\/3QdrqTZ\" target=\"_blank\">\n<img src=\"https:\/\/justicapotiguar.com.br\/wp-content\/uploads\/2023\/09\/mobile-geral.gif\"\/><a\/>--><\/div><style type=\"text\/css\">\r\n.qkdwz69f50d5e2433a {\r\ntext-align: center;\r\n}\r\n@media screen and (min-width: 1201px) {\r\n.qkdwz69f50d5e2433a {\r\ndisplay: none;\r\n}\r\n}\r\n@media screen and (min-width: 993px) and (max-width: 1200px) {\r\n.qkdwz69f50d5e2433a {\r\ndisplay: none;\r\n}\r\n}\r\n@media screen and (min-width: 769px) and (max-width: 992px) {\r\n.qkdwz69f50d5e2433a {\r\ndisplay: none;\r\n}\r\n}\r\n@media screen and (min-width: 768px) and (max-width: 768px) {\r\n.qkdwz69f50d5e2433a {\r\ndisplay: block;\r\n}\r\n}\r\n@media screen and (max-width: 767px) {\r\n.qkdwz69f50d5e2433a {\r\ndisplay: block;\r\n}\r\n}\r\n<\/style>\r\n<div class=\"ffgsr69f50d5e24325\" ><!--<a href=\"https:\/\/bit.ly\/3QdrqTZ\" target=\"_blank\">\n<img src=\"https:\/\/justicapotiguar.com.br\/wp-content\/uploads\/2023\/09\/desktop-geral.gif\"\/><a\/>--><\/div><style type=\"text\/css\">\r\n.ffgsr69f50d5e24325 {\r\ntext-align: center;\nmargin-bottom: 1em;\r\n}\r\n@media screen and (min-width: 1201px) {\r\n.ffgsr69f50d5e24325 {\r\ndisplay: block;\r\n}\r\n}\r\n@media screen and (min-width: 993px) and (max-width: 1200px) {\r\n.ffgsr69f50d5e24325 {\r\ndisplay: block;\r\n}\r\n}\r\n@media screen and (min-width: 769px) and (max-width: 992px) {\r\n.ffgsr69f50d5e24325 {\r\ndisplay: block;\r\n}\r\n}\r\n@media screen and (min-width: 768px) and (max-width: 768px) {\r\n.ffgsr69f50d5e24325 {\r\ndisplay: none;\r\n}\r\n}\r\n@media screen and (max-width: 767px) {\r\n.ffgsr69f50d5e24325 {\r\ndisplay: none;\r\n}\r\n}\r\n<\/style>\r\n\n\n\n\n<p><strong>Direito fundamental<\/strong><\/p>\n\n\n\n<p>Para o juiz Ant\u00f4nio Borja, a responsabilidade pelo fornecimento das interven\u00e7\u00f5es pleiteadas \u00e9 solid\u00e1ria entre os entes da federa\u00e7\u00e3o, motivo pelo qual afastou a alega\u00e7\u00e3o do ente p\u00fablico no sentido de que n\u00e3o seria parte leg\u00edtima para figurar como r\u00e9u no processo. Segundo ele, pode-se demandar contra qualquer um desses entes ou contra mais de um ao mesmo tempo. Destacou que a mat\u00e9ria tratada nos autos n\u00e3o reclama dila\u00e7\u00e3o probat\u00f3ria, posto que a documenta\u00e7\u00e3o anexada \u00e9 suficiente para o esclarecimento dos fatos.<\/p>\n\n\n\n<p>Ao reconhecer o direito da autora, esclareceu que \u00e9 dever do ente p\u00fablico garantir a efetiva\u00e7\u00e3o do direito fundamental \u00e0 sa\u00fade, n\u00e3o podendo se omitir de tal responsabilidade, caso contr\u00e1rio seria um atentado \u00e0 dignidade da pessoa humana, fundamento da Rep\u00fablica Federativa do Brasil.<\/p>\n\n\n\n<p>\u201cAssim, de acordo com os documentos acostados, diante do quadro cl\u00ednico de sa\u00fade da requerente, o tratamento pleiteado revela-se indispens\u00e1vel, cuja aus\u00eancia acarretaria risco de vida \u00e0 paciente. Ainda, havendo impossibilidade econ\u00f4mica de a parte autora arcar com as despesas de sua sa\u00fade, imp\u00f5e-se o dever estatal de assegurar o custeio, sobretudo porque a necessidade de sa\u00fade da parte autora n\u00e3o pode ficar sob o crivo da parte adversa\u201d, concluiu.<\/p>\n","protected":false},"excerpt":{"rendered":"<p>A 1\u00aa Vara da Comarca de Apodi determinou que o Estado do Rio Grande do Norte realize a transfer\u00eancia e instala\u00e7\u00e3o de uma paciente em unidade de sa\u00fade com perfil infantil para cirurgia tor\u00e1cica, custeando os exames indicados e o procedimento adequado, bem como di\u00e1rias de interna\u00e7\u00e3o hospitalar adequada aos procedimentos necess\u00e1rios para o tratamento<br \/><a class=\"more-link\" href=\"https:\/\/justicapotiguar.com.br\/index.php\/2024\/01\/19\/estado-do-rn-deve-garantir-internacao-em-uti-infantil-de-paciente-com-pneumonia-grave\/\">Mais&#8230;<\/a><\/p>\n","protected":false},"author":5,"featured_media":0,"comment_status":"open","ping_status":"open","sticky":false,"template":"","format":"standard","meta":[],"categories":[1],"tags":[],"_links":{"self":[{"href":"https:\/\/justicapotiguar.com.br\/index.php\/wp-json\/wp\/v2\/posts\/35387"}],"collection":[{"href":"https:\/\/justicapotiguar.com.br\/index.php\/wp-json\/wp\/v2\/posts"}],"about":[{"href":"https:\/\/justicapotiguar.com.br\/index.php\/wp-json\/wp\/v2\/types\/post"}],"author":[{"embeddable":true,"href":"https:\/\/justicapotiguar.com.br\/index.php\/wp-json\/wp\/v2\/users\/5"}],"replies":[{"embeddable":true,"href":"https:\/\/justicapotiguar.com.br\/index.php\/wp-json\/wp\/v2\/comments?post=35387"}],"version-history":[{"count":1,"href":"https:\/\/justicapotiguar.com.br\/index.php\/wp-json\/wp\/v2\/posts\/35387\/revisions"}],"predecessor-version":[{"id":35388,"href":"https:\/\/justicapotiguar.com.br\/index.php\/wp-json\/wp\/v2\/posts\/35387\/revisions\/35388"}],"wp:attachment":[{"href":"https:\/\/justicapotiguar.com.br\/index.php\/wp-json\/wp\/v2\/media?parent=35387"}],"wp:term":[{"taxonomy":"category","embeddable":true,"href":"https:\/\/justicapotiguar.com.br\/index.php\/wp-json\/wp\/v2\/categories?post=35387"},{"taxonomy":"post_tag","embeddable":true,"href":"https:\/\/justicapotiguar.com.br\/index.php\/wp-json\/wp\/v2\/tags?post=35387"}],"curies":[{"name":"wp","href":"https:\/\/api.w.org\/{rel}","templated":true}]}}