{"id":35385,"date":"2024-01-19T08:11:00","date_gmt":"2024-01-19T11:11:00","guid":{"rendered":"https:\/\/justicapotiguar.com.br\/?p=35385"},"modified":"2024-01-18T23:14:04","modified_gmt":"2024-01-19T02:14:04","slug":"confederacoes-vao-ao-stf-para-derrubar-isencao-de-compras-ate-us-50","status":"publish","type":"post","link":"https:\/\/justicapotiguar.com.br\/index.php\/2024\/01\/19\/confederacoes-vao-ao-stf-para-derrubar-isencao-de-compras-ate-us-50\/","title":{"rendered":"Confedera\u00e7\u00f5es v\u00e3o ao STF para derrubar isen\u00e7\u00e3o de compras at\u00e9 US$ 50"},"content":{"rendered":"\n<figure class=\"wp-block-image size-large\"><img loading=\"lazy\" width=\"652\" height=\"408\" src=\"https:\/\/justicapotiguar.com.br\/wp-content\/uploads\/2019\/11\/68D2A3F813EB2E4313E0982FF80C425AB8EA_compraonline.jpg\" alt=\"\" class=\"wp-image-4188\" srcset=\"https:\/\/justicapotiguar.com.br\/wp-content\/uploads\/2019\/11\/68D2A3F813EB2E4313E0982FF80C425AB8EA_compraonline.jpg 652w, https:\/\/justicapotiguar.com.br\/wp-content\/uploads\/2019\/11\/68D2A3F813EB2E4313E0982FF80C425AB8EA_compraonline-300x188.jpg 300w\" sizes=\"(max-width: 652px) 100vw, 652px\" \/><figcaption>Ilustrativa<\/figcaption><\/figure>\n\n\n\n<p>A Confedera\u00e7\u00e3o Nacional da Ind\u00fastria (CNI) e a Confedera\u00e7\u00e3o Nacional do Com\u00e9rcio de Bens, Servi\u00e7os e Turismo (CNC) v\u00e3o ingressar no Supremo Tribunal Federal (STF) com uma a\u00e7\u00e3o conjunta contra a isen\u00e7\u00e3o das compras de at\u00e9 US$ 50 em plataformas internacionais de com\u00e9rcio eletr\u00f4nico, como Shein, AliExpress e Shopee.<\/p>\n\n\n\n<p>O argumento das entidades \u00e9 que a isen\u00e7\u00e3o do imposto de importa\u00e7\u00e3o, permitida pelo programa Remessa Conforme para compras de at\u00e9 US$ 50, \u00e9 inconstitucional por violar princ\u00edpios como isonomia, livre concorr\u00eancia e desenvolvimento nacional. Aprovada na \u00faltima reuni\u00e3o de diretoria da CNI, realizada em 18 de dezembro, a a\u00e7\u00e3o direta de inconstitucionalidade deve ser protocolada ainda nesta semana.<\/p><div class=\"nspsq69f4f9fba3166\" ><!--<a href=\"https:\/\/bit.ly\/3QdrqTZ\" target=\"_blank\">\n<img src=\"https:\/\/justicapotiguar.com.br\/wp-content\/uploads\/2023\/09\/mobile-geral.gif\"\/><a\/>--><\/div><style type=\"text\/css\">\r\n.nspsq69f4f9fba3166 {\r\ntext-align: center;\r\n}\r\n@media screen and (min-width: 1201px) {\r\n.nspsq69f4f9fba3166 {\r\ndisplay: none;\r\n}\r\n}\r\n@media screen and (min-width: 993px) and (max-width: 1200px) {\r\n.nspsq69f4f9fba3166 {\r\ndisplay: none;\r\n}\r\n}\r\n@media screen and (min-width: 769px) and (max-width: 992px) {\r\n.nspsq69f4f9fba3166 {\r\ndisplay: none;\r\n}\r\n}\r\n@media screen and (min-width: 768px) and (max-width: 768px) {\r\n.nspsq69f4f9fba3166 {\r\ndisplay: block;\r\n}\r\n}\r\n@media screen and (max-width: 767px) {\r\n.nspsq69f4f9fba3166 {\r\ndisplay: block;\r\n}\r\n}\r\n<\/style>\r\n<div class=\"rppyb69f4f9fba3148\" ><!--<a href=\"https:\/\/bit.ly\/3QdrqTZ\" target=\"_blank\">\n<img src=\"https:\/\/justicapotiguar.com.br\/wp-content\/uploads\/2023\/09\/desktop-geral.gif\"\/><a\/>--><\/div><style type=\"text\/css\">\r\n.rppyb69f4f9fba3148 {\r\ntext-align: center;\nmargin-bottom: 1em;\r\n}\r\n@media screen and (min-width: 1201px) {\r\n.rppyb69f4f9fba3148 {\r\ndisplay: block;\r\n}\r\n}\r\n@media screen and (min-width: 993px) and (max-width: 1200px) {\r\n.rppyb69f4f9fba3148 {\r\ndisplay: block;\r\n}\r\n}\r\n@media screen and (min-width: 769px) and (max-width: 992px) {\r\n.rppyb69f4f9fba3148 {\r\ndisplay: block;\r\n}\r\n}\r\n@media screen and (min-width: 768px) and (max-width: 768px) {\r\n.rppyb69f4f9fba3148 {\r\ndisplay: none;\r\n}\r\n}\r\n@media screen and (max-width: 767px) {\r\n.rppyb69f4f9fba3148 {\r\ndisplay: none;\r\n}\r\n}\r\n<\/style>\r\n\n\n\n\n<p>Os indicadores econ\u00f4micos, conforme sustentam as entidades, mostram que a total desonera\u00e7\u00e3o do imposto de importa\u00e7\u00e3o causa relevante impacto negativo no crescimento econ\u00f4mico e, como consequ\u00eancia, no emprego, massa salarial e arrecada\u00e7\u00e3o tribut\u00e1ria. Em dez anos, de 2013 a 2022, as importa\u00e7\u00f5es de pequeno valor saltaram de US$ 800 milh\u00f5es para US$ 13,1 bilh\u00f5es, o que corresponde a 4,4% do total de produtos importados.<\/p>\n\n\n\n<p>Correio Braziliense<\/p>\n","protected":false},"excerpt":{"rendered":"<p>A Confedera\u00e7\u00e3o Nacional da Ind\u00fastria (CNI) e a Confedera\u00e7\u00e3o Nacional do Com\u00e9rcio de Bens, Servi\u00e7os e Turismo (CNC) v\u00e3o ingressar no Supremo Tribunal Federal (STF) com uma a\u00e7\u00e3o conjunta contra a isen\u00e7\u00e3o das compras de at\u00e9 US$ 50 em plataformas internacionais de com\u00e9rcio eletr\u00f4nico, como Shein, AliExpress e Shopee. O argumento das entidades \u00e9 que<br \/><a class=\"more-link\" href=\"https:\/\/justicapotiguar.com.br\/index.php\/2024\/01\/19\/confederacoes-vao-ao-stf-para-derrubar-isencao-de-compras-ate-us-50\/\">Mais&#8230;<\/a><\/p>\n","protected":false},"author":5,"featured_media":0,"comment_status":"open","ping_status":"open","sticky":false,"template":"","format":"standard","meta":[],"categories":[1],"tags":[],"_links":{"self":[{"href":"https:\/\/justicapotiguar.com.br\/index.php\/wp-json\/wp\/v2\/posts\/35385"}],"collection":[{"href":"https:\/\/justicapotiguar.com.br\/index.php\/wp-json\/wp\/v2\/posts"}],"about":[{"href":"https:\/\/justicapotiguar.com.br\/index.php\/wp-json\/wp\/v2\/types\/post"}],"author":[{"embeddable":true,"href":"https:\/\/justicapotiguar.com.br\/index.php\/wp-json\/wp\/v2\/users\/5"}],"replies":[{"embeddable":true,"href":"https:\/\/justicapotiguar.com.br\/index.php\/wp-json\/wp\/v2\/comments?post=35385"}],"version-history":[{"count":1,"href":"https:\/\/justicapotiguar.com.br\/index.php\/wp-json\/wp\/v2\/posts\/35385\/revisions"}],"predecessor-version":[{"id":35386,"href":"https:\/\/justicapotiguar.com.br\/index.php\/wp-json\/wp\/v2\/posts\/35385\/revisions\/35386"}],"wp:attachment":[{"href":"https:\/\/justicapotiguar.com.br\/index.php\/wp-json\/wp\/v2\/media?parent=35385"}],"wp:term":[{"taxonomy":"category","embeddable":true,"href":"https:\/\/justicapotiguar.com.br\/index.php\/wp-json\/wp\/v2\/categories?post=35385"},{"taxonomy":"post_tag","embeddable":true,"href":"https:\/\/justicapotiguar.com.br\/index.php\/wp-json\/wp\/v2\/tags?post=35385"}],"curies":[{"name":"wp","href":"https:\/\/api.w.org\/{rel}","templated":true}]}}