{"id":35371,"date":"2024-01-18T12:38:27","date_gmt":"2024-01-18T15:38:27","guid":{"rendered":"https:\/\/justicapotiguar.com.br\/?p=35371"},"modified":"2024-01-18T12:38:27","modified_gmt":"2024-01-18T15:38:27","slug":"plano-de-saude-nao-pode-recusar-contratacao-com-consumidor-inscrito-em-cadastro-de-inadimplentes","status":"publish","type":"post","link":"https:\/\/justicapotiguar.com.br\/index.php\/2024\/01\/18\/plano-de-saude-nao-pode-recusar-contratacao-com-consumidor-inscrito-em-cadastro-de-inadimplentes\/","title":{"rendered":"Plano de sa\u00fade n\u00e3o pode recusar contrata\u00e7\u00e3o com consumidor inscrito em cadastro de inadimplentes"},"content":{"rendered":"\n<p>A Terceira Turma do Superior Tribunal de Justi\u00e7a (STJ) decidiu, por maioria de votos, que o simples fato de o consumidor possuir negativa\u00e7\u00e3o nos cadastros de inadimplentes n\u00e3o justifica, por si s\u00f3, que a operadora recuse a contrata\u00e7\u00e3o de plano de sa\u00fade. Segundo o colegiado, negar o direito \u00e0 contrata\u00e7\u00e3o de servi\u00e7os essenciais por esse motivo constitui afronta \u00e0 dignidade da pessoa, al\u00e9m de ser incompat\u00edvel com os princ\u00edpios do C\u00f3digo de Defesa do Consumidor (CDC).<\/p>\n\n\n\n<p>&#8220;N\u00e3o h\u00e1 d\u00favida de que a autonomia da vontade e a liberdade de contratar seguem merecedoras de relev\u00e2ncia, mas \u00e9 preciso lembrar que sempre estar\u00e3o limitadas ao atendimento da fun\u00e7\u00e3o social do contrato&#8221;, afirmou o ministro Moura Ribeiro no voto que foi acompanhado pela maioria do colegiado.<\/p>\n\n\n\n<figure class=\"wp-block-image size-large\"><img loading=\"lazy\" width=\"954\" height=\"499\" src=\"https:\/\/justicapotiguar.com.br\/wp-content\/uploads\/2019\/08\/plano-de-sa\u00fade.png\" alt=\"\" class=\"wp-image-661\" srcset=\"https:\/\/justicapotiguar.com.br\/wp-content\/uploads\/2019\/08\/plano-de-sa\u00fade.png 954w, https:\/\/justicapotiguar.com.br\/wp-content\/uploads\/2019\/08\/plano-de-sa\u00fade-300x157.png 300w, https:\/\/justicapotiguar.com.br\/wp-content\/uploads\/2019\/08\/plano-de-sa\u00fade-768x402.png 768w\" sizes=\"(max-width: 954px) 100vw, 954px\" \/><figcaption>Ilustrativa<\/figcaption><\/figure>\n\n\n\n<p>A consumidora ajuizou a\u00e7\u00e3o contra a operadora de sa\u00fade ap\u00f3s sua ades\u00e3o ao plano ter sido negada em virtude da exist\u00eancia de negativa\u00e7\u00e3o nos cadastros restritivos, por d\u00e9bito anterior ao pedido de contrata\u00e7\u00e3o. Em primeiro e segundo graus, a Justi\u00e7a do Rio Grande do Sul determinou que a operadora efetuasse a contrata\u00e7\u00e3o do plano de sa\u00fade pretendido pela autora, vedando qualquer exig\u00eancia de quita\u00e7\u00e3o de d\u00edvidas para que fosse conclu\u00edda a ades\u00e3o.<\/p>\n\n\n\n<p>No recurso ao STJ, a operadora alegou que a recusa na contrata\u00e7\u00e3o tinha o objetivo de evitar a inadimpl\u00eancia j\u00e1 presumida da contratante. A operadora tamb\u00e9m sustentou que, nos termos da&nbsp;<a href=\"https:\/\/www.planalto.gov.br\/ccivil_03\/leis\/l9656.htm\" target=\"_blank\" rel=\"noreferrer noopener\">Lei 9.656\/1998<\/a>, n\u00e3o h\u00e1 impedimento \u00e0 recusa de contrata\u00e7\u00e3o com pessoas que estejam negativadas nos cadastros de inadimplentes.<\/p><div class=\"gxogl69f31e966a6e2\" ><!--<a href=\"https:\/\/bit.ly\/3QdrqTZ\" target=\"_blank\">\n<img src=\"https:\/\/justicapotiguar.com.br\/wp-content\/uploads\/2023\/09\/mobile-geral.gif\"\/><a\/>--><\/div><style type=\"text\/css\">\r\n.gxogl69f31e966a6e2 {\r\ntext-align: center;\r\n}\r\n@media screen and (min-width: 1201px) {\r\n.gxogl69f31e966a6e2 {\r\ndisplay: none;\r\n}\r\n}\r\n@media screen and (min-width: 993px) and (max-width: 1200px) {\r\n.gxogl69f31e966a6e2 {\r\ndisplay: none;\r\n}\r\n}\r\n@media screen and (min-width: 769px) and (max-width: 992px) {\r\n.gxogl69f31e966a6e2 {\r\ndisplay: none;\r\n}\r\n}\r\n@media screen and (min-width: 768px) and (max-width: 768px) {\r\n.gxogl69f31e966a6e2 {\r\ndisplay: block;\r\n}\r\n}\r\n@media screen and (max-width: 767px) {\r\n.gxogl69f31e966a6e2 {\r\ndisplay: block;\r\n}\r\n}\r\n<\/style>\r\n<div class=\"zkvsx69f31e966a6be\" ><!--<a href=\"https:\/\/bit.ly\/3QdrqTZ\" target=\"_blank\">\n<img src=\"https:\/\/justicapotiguar.com.br\/wp-content\/uploads\/2023\/09\/desktop-geral.gif\"\/><a\/>--><\/div><style type=\"text\/css\">\r\n.zkvsx69f31e966a6be {\r\ntext-align: center;\nmargin-bottom: 1em;\r\n}\r\n@media screen and (min-width: 1201px) {\r\n.zkvsx69f31e966a6be {\r\ndisplay: block;\r\n}\r\n}\r\n@media screen and (min-width: 993px) and (max-width: 1200px) {\r\n.zkvsx69f31e966a6be {\r\ndisplay: block;\r\n}\r\n}\r\n@media screen and (min-width: 769px) and (max-width: 992px) {\r\n.zkvsx69f31e966a6be {\r\ndisplay: block;\r\n}\r\n}\r\n@media screen and (min-width: 768px) and (max-width: 768px) {\r\n.zkvsx69f31e966a6be {\r\ndisplay: none;\r\n}\r\n}\r\n@media screen and (max-width: 767px) {\r\n.zkvsx69f31e966a6be {\r\ndisplay: none;\r\n}\r\n}\r\n<\/style>\r\n\n\n\n\n<h5>Liberdade contratual deve ser exercida nos limites da fun\u00e7\u00e3o social do contrato<\/h5>\n\n\n\n<p>O ministro Moura Ribeiro destacou que, conforme previsto no\u00a0<a rel=\"noreferrer noopener\" href=\"https:\/\/www.planalto.gov.br\/ccivil_03\/leis\/2002\/l10406.htm#art421\" target=\"_blank\">artigo 421 do C\u00f3digo Civil<\/a>, a liberdade contratual deve ser exercida nos limites da fun\u00e7\u00e3o social do contrato. Dessa forma, para o ministro, as rela\u00e7\u00f5es jur\u00eddicas contratuais envolvem algo maior e que se p\u00f5e acima da vontade e da liberdade das partes.<\/p>\n\n\n\n<p>Moura Ribeiro explicou que n\u00e3o pode a parte, ao seu exclusivo desejo, agir pensando apenas no que melhor lhe conv\u00e9m, principalmente nos casos de contratos de consumo de bens essenciais como \u00e1gua, energia el\u00e9trica, sa\u00fade e educa\u00e7\u00e3o.<\/p>\n\n\n\n<p>&#8220;Em casos tais sobrep\u00f5em-se interesses maiores, visto que n\u00e3o h\u00e1 propriamente um poder de autonomia privada, porque o contratante (em especial o aderente) n\u00e3o \u00e9 livre para discutir e determinar o conte\u00fado da regula\u00e7\u00e3o contratual. Nem sempre \u00e9 livre, sequer, para contratar ou n\u00e3o contratar, visto que colocado diante de um \u00fanico meio de adquirir bens ou servi\u00e7os essenciais e indispens\u00e1veis \u00e0 vida&#8221;, completou.<\/p>\n","protected":false},"excerpt":{"rendered":"<p>A Terceira Turma do Superior Tribunal de Justi\u00e7a (STJ) decidiu, por maioria de votos, que o simples fato de o consumidor possuir negativa\u00e7\u00e3o nos cadastros de inadimplentes n\u00e3o justifica, por si s\u00f3, que a operadora recuse a contrata\u00e7\u00e3o de plano de sa\u00fade. Segundo o colegiado, negar o direito \u00e0 contrata\u00e7\u00e3o de servi\u00e7os essenciais por esse<br \/><a class=\"more-link\" href=\"https:\/\/justicapotiguar.com.br\/index.php\/2024\/01\/18\/plano-de-saude-nao-pode-recusar-contratacao-com-consumidor-inscrito-em-cadastro-de-inadimplentes\/\">Mais&#8230;<\/a><\/p>\n","protected":false},"author":5,"featured_media":0,"comment_status":"open","ping_status":"open","sticky":false,"template":"","format":"standard","meta":[],"categories":[1],"tags":[],"_links":{"self":[{"href":"https:\/\/justicapotiguar.com.br\/index.php\/wp-json\/wp\/v2\/posts\/35371"}],"collection":[{"href":"https:\/\/justicapotiguar.com.br\/index.php\/wp-json\/wp\/v2\/posts"}],"about":[{"href":"https:\/\/justicapotiguar.com.br\/index.php\/wp-json\/wp\/v2\/types\/post"}],"author":[{"embeddable":true,"href":"https:\/\/justicapotiguar.com.br\/index.php\/wp-json\/wp\/v2\/users\/5"}],"replies":[{"embeddable":true,"href":"https:\/\/justicapotiguar.com.br\/index.php\/wp-json\/wp\/v2\/comments?post=35371"}],"version-history":[{"count":1,"href":"https:\/\/justicapotiguar.com.br\/index.php\/wp-json\/wp\/v2\/posts\/35371\/revisions"}],"predecessor-version":[{"id":35372,"href":"https:\/\/justicapotiguar.com.br\/index.php\/wp-json\/wp\/v2\/posts\/35371\/revisions\/35372"}],"wp:attachment":[{"href":"https:\/\/justicapotiguar.com.br\/index.php\/wp-json\/wp\/v2\/media?parent=35371"}],"wp:term":[{"taxonomy":"category","embeddable":true,"href":"https:\/\/justicapotiguar.com.br\/index.php\/wp-json\/wp\/v2\/categories?post=35371"},{"taxonomy":"post_tag","embeddable":true,"href":"https:\/\/justicapotiguar.com.br\/index.php\/wp-json\/wp\/v2\/tags?post=35371"}],"curies":[{"name":"wp","href":"https:\/\/api.w.org\/{rel}","templated":true}]}}