{"id":3536,"date":"2019-10-31T09:10:38","date_gmt":"2019-10-31T12:10:38","guid":{"rendered":"https:\/\/justicapotiguar.com.br\/?p=3536"},"modified":"2019-11-01T12:20:09","modified_gmt":"2019-11-01T15:20:09","slug":"tjrn-declara-inconstitucional-lei-que-previa-disponibilidade-de-wi-fi-nos-onibus-de-natal","status":"publish","type":"post","link":"https:\/\/justicapotiguar.com.br\/index.php\/2019\/10\/31\/tjrn-declara-inconstitucional-lei-que-previa-disponibilidade-de-wi-fi-nos-onibus-de-natal\/","title":{"rendered":"TJRN declara inconstitucional lei que previa disponibilidade de Wi-Fi nos \u00f4nibus de Natal"},"content":{"rendered":"\n<figure class=\"wp-block-image\"><img loading=\"lazy\" width=\"646\" height=\"284\" src=\"https:\/\/justicapotiguar.com.br\/wp-content\/uploads\/2019\/10\/195242.jpeg\" alt=\"\" class=\"wp-image-3537\" srcset=\"https:\/\/justicapotiguar.com.br\/wp-content\/uploads\/2019\/10\/195242.jpeg 646w, https:\/\/justicapotiguar.com.br\/wp-content\/uploads\/2019\/10\/195242-300x132.jpeg 300w\" sizes=\"(max-width: 646px) 100vw, 646px\" \/><figcaption>Reprodu\u00e7\u00e3o<\/figcaption><\/figure>\n\n\n\n<p>O Pleno do Tribunal de Justi\u00e7a do RN, por unanimidade de votos, declarou inconstitucional a Lei Promulgada n\u00ba 458\/2017 do Munic\u00edpio de Natal, que trata da disponibilidade e gratuidade do uso da internet Wi-Fi no transporte p\u00fablico coletivo de \u00f4nibus do Munic\u00edpio de Natal. Os desembargadores atribu\u00edram efeitos retroativos \u00e0 decis\u00e3o, que teve como relator o desembargador Gilson Barbosa.<\/p>\n\n\n\n<p>O prefeito de Natal ingressou com A\u00e7\u00e3o Direta de Inconstitucionalidade com pedido de tutela de urg\u00eancia contra a Lei n\u00ba 458\/2017, promulgada pela C\u00e2mara Municipal de Natal. Na a\u00e7\u00e3o, o chefe do Executivo municipal afirmava que o Projeto de Lei, ap\u00f3s aprova\u00e7\u00e3o em Plen\u00e1rio, foi remetido ao prefeito para conclus\u00e3o do processo legislativo, tendo sido vetado integralmente. Alegava que, mesmo vetada a proposta normativa, a C\u00e2mara de Vereadores rejeitou o veto, promulgou, editou e publicou o projeto, sob o registro de Lei Promulgada n\u00ba 458\/2017.<\/p>\n\n\n\n<p>Na A\u00e7\u00e3o, a Prefeitura afirmou ser poss\u00edvel a argui\u00e7\u00e3o de inconstitucionalidade da norma sob o argumento da exist\u00eancia de v\u00edcio material por desrespeito \u00e0 cl\u00e1usula de reserva da administra\u00e7\u00e3o e desequil\u00edbrio econ\u00f4mico-financeiro dos contratos administrativos das empresas concession\u00e1rias de transporte p\u00fablico.<\/p>\n\n\n\n<p>Argumentava tamb\u00e9m viola\u00e7\u00e3o ao artigo 3\u00ba da Constitui\u00e7\u00e3o Estadual ferindo o ato jur\u00eddico perfeito; usurpa\u00e7\u00e3o da compet\u00eancia legislativa privativa da Uni\u00e3o para editar normas gerais sobre licita\u00e7\u00f5es e contratos; viola\u00e7\u00e3o ao art. 64, IX, da Constitui\u00e7\u00e3o Estadual, uma vez que o Chefe do Executivo seria competente para fixar pre\u00e7o p\u00fablico e desrespeito ao princ\u00edpio da razoabilidade das leis.<\/p>\n\n\n\n<p>A C\u00e2mara de Vereadores discordou das alega\u00e7\u00f5es, entendendo ser incab\u00edvel a admissibilidade do pleito para suspens\u00e3o cautelar dos dispositivos municipais atacados, uma vez que n\u00e3o se encontravam presentes, de forma simult\u00e2nea, os requisitos da fuma\u00e7a do bom direito e do perigo da demora, motivo pela qual pediu pelo indeferimento da medida cautelar e pela improced\u00eancia da a\u00e7\u00e3o direta de inconstitucionalidade.<\/p><div class=\"heseu69f3a5fbaf6b1\" ><!--<a href=\"https:\/\/bit.ly\/3QdrqTZ\" target=\"_blank\">\n<img src=\"https:\/\/justicapotiguar.com.br\/wp-content\/uploads\/2023\/09\/mobile-geral.gif\"\/><a\/>--><\/div><style type=\"text\/css\">\r\n.heseu69f3a5fbaf6b1 {\r\ntext-align: center;\r\n}\r\n@media screen and (min-width: 1201px) {\r\n.heseu69f3a5fbaf6b1 {\r\ndisplay: none;\r\n}\r\n}\r\n@media screen and (min-width: 993px) and (max-width: 1200px) {\r\n.heseu69f3a5fbaf6b1 {\r\ndisplay: none;\r\n}\r\n}\r\n@media screen and (min-width: 769px) and (max-width: 992px) {\r\n.heseu69f3a5fbaf6b1 {\r\ndisplay: none;\r\n}\r\n}\r\n@media screen and (min-width: 768px) and (max-width: 768px) {\r\n.heseu69f3a5fbaf6b1 {\r\ndisplay: block;\r\n}\r\n}\r\n@media screen and (max-width: 767px) {\r\n.heseu69f3a5fbaf6b1 {\r\ndisplay: block;\r\n}\r\n}\r\n<\/style>\r\n<div class=\"epbxg69f3a5fbaf694\" ><!--<a href=\"https:\/\/bit.ly\/3QdrqTZ\" target=\"_blank\">\n<img src=\"https:\/\/justicapotiguar.com.br\/wp-content\/uploads\/2023\/09\/desktop-geral.gif\"\/><a\/>--><\/div><style type=\"text\/css\">\r\n.epbxg69f3a5fbaf694 {\r\ntext-align: center;\nmargin-bottom: 1em;\r\n}\r\n@media screen and (min-width: 1201px) {\r\n.epbxg69f3a5fbaf694 {\r\ndisplay: block;\r\n}\r\n}\r\n@media screen and (min-width: 993px) and (max-width: 1200px) {\r\n.epbxg69f3a5fbaf694 {\r\ndisplay: block;\r\n}\r\n}\r\n@media screen and (min-width: 769px) and (max-width: 992px) {\r\n.epbxg69f3a5fbaf694 {\r\ndisplay: block;\r\n}\r\n}\r\n@media screen and (min-width: 768px) and (max-width: 768px) {\r\n.epbxg69f3a5fbaf694 {\r\ndisplay: none;\r\n}\r\n}\r\n@media screen and (max-width: 767px) {\r\n.epbxg69f3a5fbaf694 {\r\ndisplay: none;\r\n}\r\n}\r\n<\/style>\r\n\n\n\n\n<p><strong>Voto<\/strong><\/p>\n\n\n\n<p>Levada a julgamento, a medida cautelar foi deferida pelo Pleno do Tribunal de Justi\u00e7a, suspendendo-se a efic\u00e1cia da Lei n\u00ba 458\/2017 at\u00e9 o final da a\u00e7\u00e3o judicial.<\/p>\n\n\n\n<p>No caso, o relator, desembargador Gilson Barbosa, reconheceu que o texto final da lei imp\u00f5e ao Poder Executivo Municipal a aplica\u00e7\u00e3o de recursos para sua efetividade. Para ele, caberia ao Prefeito de Natal a iniciativa da lei para proceder a todas as pr\u00e1ticas exigidas a ele pelos parlamentares.<\/p>\n\n\n\n<p>Segundo ele, a Lei n\u00ba 458\/2017 interferiu na esfera discricion\u00e1ria da Administra\u00e7\u00e3o P\u00fablica, violando a cl\u00e1usula da reserva da administra\u00e7\u00e3o, decorr\u00eancia do conte\u00fado nuclear do princ\u00edpio da separa\u00e7\u00e3o dos poderes, insculpidos nos arts. 2\u00ba e 46, \u00a7 1\u00ba, II, &#8220;c&#8221;, da Constitui\u00e7\u00e3o Estadual.<\/p>\n\n\n\n<p>\u201cAssim, conclui-se que a disponibilidade, de forma gratuita, de internet nos transportes p\u00fablicos da Capital configura-se como mat\u00e9ria que se relaciona \u00e0 forma de execu\u00e7\u00e3o do servi\u00e7o p\u00fablico, de compet\u00eancia do Munic\u00edpio de Natal, al\u00e9m de que tamb\u00e9m diz respeito ao impacto no equil\u00edbrio financeiro-econ\u00f4mico dos contratos de concess\u00e3o\u201d, concluiu.<\/p>\n","protected":false},"excerpt":{"rendered":"<p>Alegava que, mesmo vetada a proposta normativa, a C\u00e2mara de Vereadores rejeitou o veto<br \/><a class=\"more-link\" href=\"https:\/\/justicapotiguar.com.br\/index.php\/2019\/10\/31\/tjrn-declara-inconstitucional-lei-que-previa-disponibilidade-de-wi-fi-nos-onibus-de-natal\/\">Mais&#8230;<\/a><\/p>\n","protected":false},"author":5,"featured_media":3537,"comment_status":"open","ping_status":"open","sticky":false,"template":"","format":"standard","meta":[],"categories":[3],"tags":[],"_links":{"self":[{"href":"https:\/\/justicapotiguar.com.br\/index.php\/wp-json\/wp\/v2\/posts\/3536"}],"collection":[{"href":"https:\/\/justicapotiguar.com.br\/index.php\/wp-json\/wp\/v2\/posts"}],"about":[{"href":"https:\/\/justicapotiguar.com.br\/index.php\/wp-json\/wp\/v2\/types\/post"}],"author":[{"embeddable":true,"href":"https:\/\/justicapotiguar.com.br\/index.php\/wp-json\/wp\/v2\/users\/5"}],"replies":[{"embeddable":true,"href":"https:\/\/justicapotiguar.com.br\/index.php\/wp-json\/wp\/v2\/comments?post=3536"}],"version-history":[{"count":1,"href":"https:\/\/justicapotiguar.com.br\/index.php\/wp-json\/wp\/v2\/posts\/3536\/revisions"}],"predecessor-version":[{"id":3538,"href":"https:\/\/justicapotiguar.com.br\/index.php\/wp-json\/wp\/v2\/posts\/3536\/revisions\/3538"}],"wp:featuredmedia":[{"embeddable":true,"href":"https:\/\/justicapotiguar.com.br\/index.php\/wp-json\/wp\/v2\/media\/3537"}],"wp:attachment":[{"href":"https:\/\/justicapotiguar.com.br\/index.php\/wp-json\/wp\/v2\/media?parent=3536"}],"wp:term":[{"taxonomy":"category","embeddable":true,"href":"https:\/\/justicapotiguar.com.br\/index.php\/wp-json\/wp\/v2\/categories?post=3536"},{"taxonomy":"post_tag","embeddable":true,"href":"https:\/\/justicapotiguar.com.br\/index.php\/wp-json\/wp\/v2\/tags?post=3536"}],"curies":[{"name":"wp","href":"https:\/\/api.w.org\/{rel}","templated":true}]}}